{"id":142519,"date":"2026-01-15T00:14:28","date_gmt":"2026-01-15T00:14:28","guid":{"rendered":"https:\/\/www.europesays.com\/fi\/142519\/"},"modified":"2026-01-15T00:14:28","modified_gmt":"2026-01-15T00:14:28","slug":"mukana-muun-muassa-linda-lampenius-ja-pete-parkkonen","status":"publish","type":"post","link":"https:\/\/www.europesays.com\/fi\/142519\/","title":{"rendered":"mukana muun muassa Linda Lampenius ja Pete Parkkonen"},"content":{"rendered":"<p>Yle julkisti artistit keskiviikkoiltana TV1:n suorassa l\u00e4hetyksess\u00e4.<\/p>\n<p>14.1. 20:35<\/p>\n<p>Lue tiivistelm\u00e4<\/p>\n<p class=\"article-body mb-nof-24 px-nof-16 sndp-summary-bullet-point-font\">Yle julkisti keskiviikkona t\u00e4m\u00e4n vuoden Uuden Musiikin Kilpailun seitsem\u00e4n kilpailijaa, joista voittaja edustaa Suomea Euroviisuissa.<\/p>\n<p class=\"article-body mb-nof-24 px-nof-16 sndp-summary-bullet-point-font\">Mukana ovat muun muassa r\u00e4pp\u00e4ri Etta, viulisti Linda Lampenius ja laulaja Pete Parkkonen sek\u00e4 iskelm\u00e4yhtye Komiat.<\/p>\n<p class=\"article-body mb-nof-24 px-nof-16 sndp-summary-bullet-point-font\">UMK:n viestinn\u00e4st\u00e4 vastaava Juhani Lassila pyysi lehdist\u00f6tilaisuudessa toimittajia j\u00e4tt\u00e4m\u00e4\u00e4n politiikan v\u00e4hemm\u00e4lle ja keskittym\u00e4\u00e4n musiikkiin.<\/p>\n<p class=\"article-body mb-nof-24 px-nof-16 sndp-summary-bullet-point-font\">Viisi maata on vet\u00e4ytynyt Euroviisuista boikotoidakseen Israelin osallistumista, ja osa artisteista ilmaisi ymm\u00e4rt\u00e4v\u00e4ns\u00e4 p\u00e4\u00e4t\u00f6st\u00e4.<\/p>\n<p class=\"article-body mb-nof-24 px-nof-16\">T\u00e4m\u00e4n vuoden Uuden Musiikin Kilpailijat (UMK) on julkistettu.<\/p>\n<p class=\"article-body mb-nof-24 px-nof-16\">Mukana ovat duona esiintyv\u00e4 viulisti <a class=\"font-bold underline-offset-[0.12em] [text-decoration:var(--person-link-text-decoration)] ![text-decoration-color:var(--person-link-text-decoration-color)]\" href=\"https:\/\/www.aamulehti.fi\/haku\/?query=Linda%20Lampenius\" rel=\"nofollow noopener\" target=\"_blank\">Linda Lampenius<\/a> sek\u00e4 laulaja <a class=\"font-bold underline-offset-[0.12em] [text-decoration:var(--person-link-text-decoration)] ![text-decoration-color:var(--person-link-text-decoration-color)]\" href=\"https:\/\/www.aamulehti.fi\/haku\/?query=Pete%20Parkkonen\" rel=\"nofollow noopener\" target=\"_blank\">Pete Parkkonen<\/a>, iskelm\u00e4yhtye Komiat, hanuritaiteilija <a class=\"font-bold underline-offset-[0.12em] [text-decoration:var(--person-link-text-decoration)] ![text-decoration-color:var(--person-link-text-decoration-color)]\" href=\"https:\/\/www.aamulehti.fi\/haku\/?query=Antti%20Paalanen\" rel=\"nofollow noopener\" target=\"_blank\">Antti Paalanen<\/a>, tanssijana ja koreografina tunnettu <a class=\"font-bold underline-offset-[0.12em] [text-decoration:var(--person-link-text-decoration)] ![text-decoration-color:var(--person-link-text-decoration-color)]\" href=\"https:\/\/www.aamulehti.fi\/haku\/?query=Chachi%20Hild%C3%A9n\" rel=\"nofollow noopener\" target=\"_blank\">Chachi Hild\u00e9n<\/a>, r\u00e4pp\u00e4ri <a class=\"font-bold underline-offset-[0.12em] [text-decoration:var(--person-link-text-decoration)] ![text-decoration-color:var(--person-link-text-decoration-color)]\" href=\"https:\/\/www.aamulehti.fi\/haku\/?query=Etta\" rel=\"nofollow noopener\" target=\"_blank\">Etta<\/a>, popartisti <a class=\"font-bold underline-offset-[0.12em] [text-decoration:var(--person-link-text-decoration)] ![text-decoration-color:var(--person-link-text-decoration-color)]\" href=\"https:\/\/www.aamulehti.fi\/haku\/?query=Kiki\" rel=\"nofollow noopener\" target=\"_blank\">Kiki<\/a> ja laulaja <a class=\"font-bold underline-offset-[0.12em] [text-decoration:var(--person-link-text-decoration)] ![text-decoration-color:var(--person-link-text-decoration-color)]\" href=\"https:\/\/www.aamulehti.fi\/haku\/?query=Sinikka%20Monte\" rel=\"nofollow noopener\" target=\"_blank\">Sinikka Monte<\/a>.<\/p>\n<p class=\"article-body mb-nof-24 px-nof-16\">Yle julkisti artistit keskiviikkoiltana TV1:n suorassa l\u00e4hetyksess\u00e4, vaikka tieto ehti karata julkisuuteen jo p\u00e4iv\u00e4\u00e4 aiemmin.<\/p>\n<p class=\"article-body mb-nof-24 px-nof-16\">Sosiaalisessa mediassa kiersi tiistaina ruutukaappaus Etan Instagram-p\u00e4ivityksest\u00e4, jossa n\u00e4kyi UMK-artistien yhteiskuva.<\/p>\n<p class=\"article-body mb-nof-24 px-nof-16\">Etta, oikealta nimelt\u00e4\u00e4n <a class=\"font-bold underline-offset-[0.12em] [text-decoration:var(--person-link-text-decoration)] ![text-decoration-color:var(--person-link-text-decoration-color)]\" href=\"https:\/\/www.aamulehti.fi\/haku\/?query=Emmalotta%20Kanth\" rel=\"nofollow noopener\" target=\"_blank\">Emmalotta Kanth<\/a>, kertoo, ett\u00e4 kyseess\u00e4 oli inhimillinen virhe. H\u00e4n oli ajastanut julkaisun v\u00e4\u00e4r\u00e4lle p\u00e4iv\u00e4lle. Kanth on pyyt\u00e4nyt tapahtunutta anteeksi kilpailun j\u00e4rjest\u00e4jilt\u00e4 ja muilta osallistujilta.<\/p>\n<p class=\"article-body mb-nof-24 px-nof-16\">\u201dVuoden p\u00e4\u00e4st\u00e4, kun kysyt\u00e4\u00e4n, ett\u00e4 mik\u00e4 on sun el\u00e4m\u00e4n pahin moka, niin tied\u00e4n, mit\u00e4 vastata\u201d, Kanth totesi UMK:n lehdist\u00f6tilaisuudessa.<\/p>\n<p class=\"article-body mb-nof-24 px-nof-16\">Ylen ja UMK:n edustajat painottivat keskiviikkona j\u00e4rjestetyss\u00e4 lehdist\u00f6tilaisuudessa, ett\u00e4 artistit ovat julkista tietoa vasta televisiol\u00e4hetyksen j\u00e4lkeen. UMK:n viestinn\u00e4st\u00e4 vastaava <a class=\"font-bold underline-offset-[0.12em] [text-decoration:var(--person-link-text-decoration)] ![text-decoration-color:var(--person-link-text-decoration-color)]\" href=\"https:\/\/www.aamulehti.fi\/haku\/?query=Juhani%20Lassila\" rel=\"nofollow noopener\" target=\"_blank\">Juhani Lassila<\/a> toivoi my\u00f6s, ett\u00e4 Euroviisuihin osallistumisesta kysytt\u00e4isiin vasta, kun UMK:n tulos on selvill\u00e4.<\/p>\n<p class=\"article-body mb-nof-24 px-nof-16\">\u201dTied\u00e4n, ett\u00e4 Euroviisuista halutaan kysy\u00e4 ja puhua, mutta toivotaan, ett\u00e4 puhuttaisiin paljon musiikista, UMK:sta ja t\u00e4st\u00e4 koko hommasta. J\u00e4tet\u00e4\u00e4n se politiikka v\u00e4h\u00e4n v\u00e4hemm\u00e4lle, jos mahdollista\u201d, Lassila sanoi ennen lehdist\u00f6tilaisuuden alkua.<\/p>\n<p class=\"article-body mb-nof-24 px-nof-16\">UMK:n nykyisten <a class=\"underline underline-offset-[0.12em] [text-decoration-thickness:var(--generic-link-underline-thickness)] [text-decoration-color:var(--generic-link-underline-color)] [text-decoration-skip-ink:var(--generic-link-underline-skip-ink)] break-words\" href=\"https:\/\/drive.google.com\/file\/d\/1eHfrqtEOsLl-tagXdS47reRQfm__PI32\/view?pli=1\" rel=\"nofollow noopener\" target=\"_blank\">s\u00e4\u00e4nt\u00f6jen<\/a> mukaan voittaja kuitenkin sitoutuu edustamaan Suomea Euroviisuissa. Edustaja valitaan 28. helmikuuta Tampereella.<\/p>\n<p class=\"article-body mb-nof-24 px-nof-16\">T\u00e4n\u00e4 vuonna viisi maata \u2013 Espanja, Irlanti, Hollanti, Slovenia ja Islanti \u2013 j\u00e4tt\u00e4ytyi Euroviisuista boikotoidakseen Israelin osallistumista. Useimpien kisat v\u00e4liin j\u00e4tt\u00e4vien maiden yleisradioyhti\u00f6t eiv\u00e4t my\u00f6sk\u00e4\u00e4n televisioi koko kilpailua, ilmenee Ruotsin yleisradion<a class=\"underline underline-offset-[0.12em] [text-decoration-thickness:var(--generic-link-underline-thickness)] [text-decoration-color:var(--generic-link-underline-color)] [text-decoration-skip-ink:var(--generic-link-underline-skip-ink)] break-words\" href=\"https:\/\/www.svt.se\/kultur\/landerna-som-bojkottar-kommer-inte-att-sanda-eurovision\" rel=\"nofollow noopener\" target=\"_blank\"> SVT:n tekem\u00e4st\u00e4 selvityksest\u00e4.<\/a><\/p>\n","protected":false},"excerpt":{"rendered":"Yle julkisti artistit keskiviikkoiltana TV1:n suorassa l\u00e4hetyksess\u00e4. 14.1. 20:35 Lue tiivistelm\u00e4 Yle julkisti keskiviikkona t\u00e4m\u00e4n vuoden Uuden Musiikin&hellip;\n","protected":false},"author":2,"featured_media":142520,"comment_status":"","ping_status":"","sticky":false,"template":"","format":"standard","meta":{"footnotes":""},"categories":[136],"tags":[157,407,137,33,31,30,408,32,109],"class_list":{"0":"post-142519","1":"post","2":"type-post","3":"status-publish","4":"format-standard","5":"has-post-thumbnail","7":"category-julkkikset","8":"tag-aamulehti","9":"tag-celebrities","10":"tag-entertainment","11":"tag-fi","12":"tag-finland","13":"tag-finnish","14":"tag-julkkikset","15":"tag-suomi","16":"tag-viihde"},"share_on_mastodon":{"url":"https:\/\/pubeurope.com\/@fi\/115896232322804646","error":""},"_links":{"self":[{"href":"https:\/\/www.europesays.com\/fi\/wp-json\/wp\/v2\/posts\/142519","targetHints":{"allow":["GET"]}}],"collection":[{"href":"https:\/\/www.europesays.com\/fi\/wp-json\/wp\/v2\/posts"}],"about":[{"href":"https:\/\/www.europesays.com\/fi\/wp-json\/wp\/v2\/types\/post"}],"author":[{"embeddable":true,"href":"https:\/\/www.europesays.com\/fi\/wp-json\/wp\/v2\/users\/2"}],"replies":[{"embeddable":true,"href":"https:\/\/www.europesays.com\/fi\/wp-json\/wp\/v2\/comments?post=142519"}],"version-history":[{"count":0,"href":"https:\/\/www.europesays.com\/fi\/wp-json\/wp\/v2\/posts\/142519\/revisions"}],"wp:featuredmedia":[{"embeddable":true,"href":"https:\/\/www.europesays.com\/fi\/wp-json\/wp\/v2\/media\/142520"}],"wp:attachment":[{"href":"https:\/\/www.europesays.com\/fi\/wp-json\/wp\/v2\/media?parent=142519"}],"wp:term":[{"taxonomy":"category","embeddable":true,"href":"https:\/\/www.europesays.com\/fi\/wp-json\/wp\/v2\/categories?post=142519"},{"taxonomy":"post_tag","embeddable":true,"href":"https:\/\/www.europesays.com\/fi\/wp-json\/wp\/v2\/tags?post=142519"}],"curies":[{"name":"wp","href":"https:\/\/api.w.org\/{rel}","templated":true}]}}