{"id":142521,"date":"2026-01-15T00:18:15","date_gmt":"2026-01-15T00:18:15","guid":{"rendered":"https:\/\/www.europesays.com\/fi\/142521\/"},"modified":"2026-01-15T00:18:15","modified_gmt":"2026-01-15T00:18:15","slug":"mikko-juvonen-39-paatti-siirtya-balladeista-vahan-rokimpaan-uusi-savonlinnalaisbandi-rokkaa-perjantaina-paikalliset","status":"publish","type":"post","link":"https:\/\/www.europesays.com\/fi\/142521\/","title":{"rendered":"Mikko Juvonen, 39, p\u00e4\u00e4tti siirty\u00e4 balladeista v\u00e4h\u00e4n rokimpaan \u2013 Uusi savonlinnalaisb\u00e4ndi rokkaa perjantaina | Paikalliset"},"content":{"rendered":"<p>Kun Mikko Juvosen Kanuunan kolme j\u00e4sent\u00e4 aloittivat yhteiset treenit viime kes\u00e4n\u00e4, l\u00f6ytyi heti vahva yhteys. Pian ilmestyy ensimm\u00e4inen levy.<\/p>\n<p>Mikko Juvosen Kanuuna on savonlinnalainen rock&#8217;n&#8217;roll-b\u00e4ndi, joka syntyi viime kes\u00e4n lopulla. Sitten tapahtui ihme: Ensimm\u00e4iset treenit pidettiin elokuussa, ja nyt on b\u00e4ndi \u00e4\u00e4nitt\u00e4nyt jo yhden albumin verran.<\/p>\n","protected":false},"excerpt":{"rendered":"Kun Mikko Juvosen Kanuunan kolme j\u00e4sent\u00e4 aloittivat yhteiset treenit viime kes\u00e4n\u00e4, l\u00f6ytyi heti vahva yhteys. Pian ilmestyy ensimm\u00e4inen&hellip;\n","protected":false},"author":2,"featured_media":142522,"comment_status":"","ping_status":"","sticky":false,"template":"","format":"standard","meta":{"footnotes":""},"categories":[132],"tags":[137,33,31,30,21315,108,1132,195,47,791,1000,7455,32,109],"class_list":{"0":"post-142521","1":"post","2":"type-post","3":"status-publish","4":"format-standard","5":"has-post-thumbnail","7":"category-musiikki","8":"tag-entertainment","9":"tag-fi","10":"tag-finland","11":"tag-finnish","12":"tag-hyvan-mielen-ita-savo","13":"tag-kulttuuri","14":"tag-kuopio","15":"tag-music","16":"tag-musiikki","17":"tag-opiskelu","18":"tag-savonlinna","19":"tag-savonlinnan-seudun-ihmiset","20":"tag-suomi","21":"tag-viihde"},"share_on_mastodon":{"url":"https:\/\/pubeurope.com\/@fi\/115896248071658306","error":""},"_links":{"self":[{"href":"https:\/\/www.europesays.com\/fi\/wp-json\/wp\/v2\/posts\/142521","targetHints":{"allow":["GET"]}}],"collection":[{"href":"https:\/\/www.europesays.com\/fi\/wp-json\/wp\/v2\/posts"}],"about":[{"href":"https:\/\/www.europesays.com\/fi\/wp-json\/wp\/v2\/types\/post"}],"author":[{"embeddable":true,"href":"https:\/\/www.europesays.com\/fi\/wp-json\/wp\/v2\/users\/2"}],"replies":[{"embeddable":true,"href":"https:\/\/www.europesays.com\/fi\/wp-json\/wp\/v2\/comments?post=142521"}],"version-history":[{"count":0,"href":"https:\/\/www.europesays.com\/fi\/wp-json\/wp\/v2\/posts\/142521\/revisions"}],"wp:featuredmedia":[{"embeddable":true,"href":"https:\/\/www.europesays.com\/fi\/wp-json\/wp\/v2\/media\/142522"}],"wp:attachment":[{"href":"https:\/\/www.europesays.com\/fi\/wp-json\/wp\/v2\/media?parent=142521"}],"wp:term":[{"taxonomy":"category","embeddable":true,"href":"https:\/\/www.europesays.com\/fi\/wp-json\/wp\/v2\/categories?post=142521"},{"taxonomy":"post_tag","embeddable":true,"href":"https:\/\/www.europesays.com\/fi\/wp-json\/wp\/v2\/tags?post=142521"}],"curies":[{"name":"wp","href":"https:\/\/api.w.org\/{rel}","templated":true}]}}