{"id":142529,"date":"2026-01-15T00:26:14","date_gmt":"2026-01-15T00:26:14","guid":{"rendered":"https:\/\/www.europesays.com\/fi\/142529\/"},"modified":"2026-01-15T00:26:14","modified_gmt":"2026-01-15T00:26:14","slug":"ranskan-joukot-jo-matkalla-gronlantiin","status":"publish","type":"post","link":"https:\/\/www.europesays.com\/fi\/142529\/","title":{"rendered":"Ranskan joukot jo matkalla Gr\u00f6nlantiin"},"content":{"rendered":"<p>Macron ilmoitti asiasta sosiaalisessa mediassa.<\/p>\n<p><img decoding=\"async\" class=\"image image-show image-preview\" src=\"https:\/\/www.europesays.com\/fi\/wp-content\/uploads\/2026\/01\/8fd13db381f7db3071f30a0d0445cde97094ee5effecbb9ec05e2b1da34f154b.jpg\" alt=\"\"\/><img decoding=\"async\" class=\"image image-show\" src=\"https:\/\/www.europesays.com\/fi\/wp-content\/uploads\/2026\/01\/1768436774_452_8fd13db381f7db3071f30a0d0445cde97094ee5effecbb9ec05e2b1da34f154b.jpg\" alt=\"\"\/><\/p>\n<p>Macron kertoo asiasta sosiaalisessa mediassa. Stella Pictures<\/p>\n<p class=\"paragraph\">Ranskan presidentti <a href=\"https:\/\/www.iltalehti.fi\/henkilot\/Emmanuel Macron\" class=\"article-link-person-page\" rel=\"nofollow noopener\" target=\"_blank\">Emmanuel Macron<\/a> kertoi varhain torstaina sosiaalisessa mediassa, ett\u00e4 Ranskan joukot ovat jo matkalla Gr\u00f6nlantiin.<\/p>\n<p class=\"paragraph\">\u2013 Tanskan pyynn\u00f6st\u00e4 olen p\u00e4\u00e4tt\u00e4nyt, ett\u00e4 Ranska osallistuu Tanskan Gr\u00f6nlannissa j\u00e4rjest\u00e4miin yhteisharjoituksiin, operaatio Arctic Enduranceen, Macron kirjoittaa <a href=\"https:\/\/x.com\/EmmanuelMacron\/status\/2011578747791819017\" target=\"_blank\" rel=\"noopener nofollow\">X-julkaisussa.<\/a><\/p>\n<p class=\"paragraph\">\u2013 Ensimm\u00e4iset ranskalaiset sotilasyksik\u00f6t ovat jo matkalla. Muut seuraavat per\u00e4ss\u00e4.<\/p>\n<p class=\"paragraph\">Ranskan lis\u00e4ksi my\u00f6s Saksa ja Pohjoismaat ovat ilmoittaneet osallistuvansa sotaharjoitukseen.<\/p>\n<p class=\"paragraph\">Ulkoministeri <strong>Elina Valtonen<\/strong> sanoi keskiviikkona <a href=\"https:\/\/areena.yle.fi\/1-3235352\" target=\"_blank\" rel=\"noopener nofollow\">Ylen<\/a> puoli yhdeks\u00e4n uutisissa, ett\u00e4 Suomea on pyydetty osallistumaan sotaharjoituksiin Gr\u00f6nlannissa.<\/p>\n<p class=\"paragraph\">Valtosen mukaan kyse on \u201dpienimuotoisesta harjoitustoiminnasta\u201d.<\/p>\n<p>Gr\u00f6nlanti , Nuuk Riina Nevalainen<\/p>\n<p class=\"paragraph\">My\u00f6s Gr\u00f6nlannin varap\u00e4\u00e4ministeri <strong>Mute Egede<\/strong> vahvisti aiemmin lehdist\u00f6tilaisuudessa, ett\u00e4 saarelle saapuu lis\u00e4\u00e4 sotilasliitto Naton joukkoja l\u00e4hip\u00e4ivin\u00e4.<\/p>\n<p class=\"paragraph\">\u2013 Gr\u00f6nlantiin odotetaan lis\u00e4\u00e4 Naton j\u00e4senmaiden sotilaita t\u00e4st\u00e4 p\u00e4iv\u00e4st\u00e4 l\u00e4htien sek\u00e4 my\u00f6s l\u00e4hip\u00e4ivin\u00e4, Egede kertoo.<\/p>\n<p class=\"paragraph\">\u2013 Odotettavissa on, ett\u00e4 paikalle saapuu enemm\u00e4n sotilaslentoja sek\u00e4 sota-aluksia.<\/p>\n<p class=\"paragraph\">Varap\u00e4\u00e4ministerin mukaan paikalle saapuvat joukot osallistuvat sotaharjoituksiin.<\/p>\n","protected":false},"excerpt":{"rendered":"Macron ilmoitti asiasta sosiaalisessa mediassa. Macron kertoo asiasta sosiaalisessa mediassa. Stella Pictures Ranskan presidentti Emmanuel Macron kertoi varhain&hellip;\n","protected":false},"author":2,"featured_media":142530,"comment_status":"","ping_status":"","sticky":false,"template":"","format":"standard","meta":{"footnotes":""},"categories":[14],"tags":[35,22,23,26,27,33,31,30,17,24,25,803,28,29,15,18,21,637,878,2535,32,19,20,2534,56,16,59,60,61],"class_list":{"0":"post-142529","1":"post","2":"type-post","3":"status-publish","4":"format-standard","5":"has-post-thumbnail","7":"category-ulkomaat","8":"tag-24h","9":"tag-breaking-news","10":"tag-breakingnews","11":"tag-featured-news","12":"tag-featurednews","13":"tag-fi","14":"tag-finland","15":"tag-finnish","16":"tag-headlines","17":"tag-latest-news","18":"tag-latestnews","19":"tag-levottomuudet-ja-sodat","20":"tag-main-news","21":"tag-mainnews","22":"tag-news","23":"tag-otsikot","24":"tag-paauutiset","25":"tag-politiikka","26":"tag-puolustus-ja-rajavalvonta-maanpuolustus","27":"tag-puolustuspolitiikka","28":"tag-suomi","29":"tag-top-stories","30":"tag-topstories","31":"tag-turvallisuuspolitiikka","32":"tag-ulkomaat","33":"tag-uutiset","34":"tag-world","35":"tag-world-news","36":"tag-worldnews"},"share_on_mastodon":{"url":"https:\/\/pubeurope.com\/@fi\/115896279634503798","error":""},"_links":{"self":[{"href":"https:\/\/www.europesays.com\/fi\/wp-json\/wp\/v2\/posts\/142529","targetHints":{"allow":["GET"]}}],"collection":[{"href":"https:\/\/www.europesays.com\/fi\/wp-json\/wp\/v2\/posts"}],"about":[{"href":"https:\/\/www.europesays.com\/fi\/wp-json\/wp\/v2\/types\/post"}],"author":[{"embeddable":true,"href":"https:\/\/www.europesays.com\/fi\/wp-json\/wp\/v2\/users\/2"}],"replies":[{"embeddable":true,"href":"https:\/\/www.europesays.com\/fi\/wp-json\/wp\/v2\/comments?post=142529"}],"version-history":[{"count":0,"href":"https:\/\/www.europesays.com\/fi\/wp-json\/wp\/v2\/posts\/142529\/revisions"}],"wp:featuredmedia":[{"embeddable":true,"href":"https:\/\/www.europesays.com\/fi\/wp-json\/wp\/v2\/media\/142530"}],"wp:attachment":[{"href":"https:\/\/www.europesays.com\/fi\/wp-json\/wp\/v2\/media?parent=142529"}],"wp:term":[{"taxonomy":"category","embeddable":true,"href":"https:\/\/www.europesays.com\/fi\/wp-json\/wp\/v2\/categories?post=142529"},{"taxonomy":"post_tag","embeddable":true,"href":"https:\/\/www.europesays.com\/fi\/wp-json\/wp\/v2\/tags?post=142529"}],"curies":[{"name":"wp","href":"https:\/\/api.w.org\/{rel}","templated":true}]}}