{"id":142533,"date":"2026-01-15T00:28:13","date_gmt":"2026-01-15T00:28:13","guid":{"rendered":"https:\/\/www.europesays.com\/fi\/142533\/"},"modified":"2026-01-15T00:28:13","modified_gmt":"2026-01-15T00:28:13","slug":"komissiolta-viesti-venajalle-pidatamme-oikeuden-kayttaa-jaadytettyja-varoja","status":"publish","type":"post","link":"https:\/\/www.europesays.com\/fi\/142533\/","title":{"rendered":"Komissiolta viesti Ven\u00e4j\u00e4lle: Pid\u00e4t\u00e4mme oikeuden k\u00e4ytt\u00e4\u00e4 j\u00e4\u00e4dytettyj\u00e4 varoja"},"content":{"rendered":"<p class=\"ai-optimize-6 ai-optimize-introduction\">Euroopan komission puheenjohtaja <strong>Ursula von der Leyenin<\/strong> mukaan EU pid\u00e4tt\u00e4\u00e4 oikeuden k\u00e4ytt\u00e4\u00e4 Ven\u00e4j\u00e4n j\u00e4\u00e4dytettyj\u00e4 varoja.<\/p>\n<p class=\"ai-optimize-7\">Euroopan komissio hyv\u00e4ksyi t\u00e4n\u00e4\u00e4n joukon lains\u00e4\u00e4d\u00e4nt\u00f6ehdotuksia, joilla varmistetaan jatkuva taloudellinen tuki Ukrainalle vuosina 2026 ja 2027, tiedotteessa kerrotaan.<\/p>\n<p class=\"ai-optimize-8\">Lains\u00e4\u00e4d\u00e4nt\u00f6paketti koostuu seuraavista osista:<\/p>\n<p class=\"ai-optimize-8\">\u2022 uusi ehdotus 90 miljardin euron tukilainasta Ukrainalle<\/p>\n<p class=\"ai-optimize-8\">\u2022 uusi ehdotus, jolla muutetaan Ukrainan tukiv\u00e4linett\u00e4 yhten\u00e4 keinona antaa budjettitukea Ukrainalle<\/p>\n<p class=\"ai-optimize-8\">\u2022 uusi ehdotus monivuotista rahoituskehyst\u00e4 koskevan asetuksen muuttamiseksi, jotta Ukrainalle voidaan my\u00f6nt\u00e4\u00e4 lainaa EU:n budjettia vastaan.<\/p>\n<p class=\"ai-optimize-8\">Joulukuussa 2025 Eurooppa-neuvosto sopi 90 miljardin euron budjetti- ja sotilaallisen tuen my\u00f6nt\u00e4misest\u00e4 Ukrainalle tulevien kahden vuoden aikana. T\u00e4m\u00e4 on osoitus Euroopan unionin vankkumattomasta tuesta Ukrainalle.<\/p>\n<p class=\"ai-optimize-8\">\u2013 Ehdotamme, ett\u00e4 90 miljardin euron laina jaetaan kahteen osaan: Kaksi kolmasosaa eli 60 miljardia euroa k\u00e4ytet\u00e4\u00e4n sotilaalliseen tukeen. Varat k\u00e4ytet\u00e4\u00e4n puolustushankintoihin, jotka tehd\u00e4\u00e4n p\u00e4\u00e4asiassa Ukrainasta, EU:sta ja ETA-\/EFTA-kumppaneiltamme. Yksi kolmasosa eli 30 miljardia euroa k\u00e4ytet\u00e4\u00e4n yleiseen budjettitukeen, Ursula von der Leyen toteaa.<\/p>\n<p class=\"ai-optimize-8\">\u2013 Kuten Eurooppa-neuvostossa joulukuussa sovittiin, t\u00e4m\u00e4np\u00e4iv\u00e4isen paketin lis\u00e4ksi k\u00e4sitelt\u00e4v\u00e4n\u00e4 on edelleen sotakorvauslainaa koskeva ehdotus. T\u00e4ll\u00e4 muistutamme Ven\u00e4j\u00e4\u00e4 siit\u00e4, ett\u00e4 pid\u00e4t\u00e4mme edelleen oikeuden k\u00e4ytt\u00e4\u00e4 heid\u00e4n j\u00e4\u00e4dytettyj\u00e4 varojansa. Varat pysyv\u00e4t j\u00e4\u00e4dytettyin\u00e4, kunnes sota p\u00e4\u00e4ttyy ja korvauksia maksetaan.<\/p>\n<p>\u00a0<\/p>\n<p>\u00a0<\/p>\n<p>Poimintoja videosis\u00e4ll\u00f6ist\u00e4mme<\/p>\n","protected":false},"excerpt":{"rendered":"Euroopan komission puheenjohtaja Ursula von der Leyenin mukaan EU pid\u00e4tt\u00e4\u00e4 oikeuden k\u00e4ytt\u00e4\u00e4 Ven\u00e4j\u00e4n j\u00e4\u00e4dytettyj\u00e4 varoja. Euroopan komissio hyv\u00e4ksyi&hellip;\n","protected":false},"author":2,"featured_media":142534,"comment_status":"","ping_status":"","sticky":false,"template":"","format":"standard","meta":{"footnotes":""},"categories":[5],"tags":[22,23,3462,26,27,33,31,30,17,24,25,28,29,15,18,21,32,19,20,1303,16,547],"class_list":{"0":"post-142533","1":"post","2":"type-post","3":"status-publish","4":"format-standard","5":"has-post-thumbnail","7":"category-otsikot","8":"tag-breaking-news","9":"tag-breakingnews","10":"tag-eu","11":"tag-featured-news","12":"tag-featurednews","13":"tag-fi","14":"tag-finland","15":"tag-finnish","16":"tag-headlines","17":"tag-latest-news","18":"tag-latestnews","19":"tag-main-news","20":"tag-mainnews","21":"tag-news","22":"tag-otsikot","23":"tag-paauutiset","24":"tag-suomi","25":"tag-top-stories","26":"tag-topstories","27":"tag-ukraina","28":"tag-uutiset","29":"tag-venaja"},"share_on_mastodon":{"url":"https:\/\/pubeurope.com\/@fi\/115896287460026710","error":""},"_links":{"self":[{"href":"https:\/\/www.europesays.com\/fi\/wp-json\/wp\/v2\/posts\/142533","targetHints":{"allow":["GET"]}}],"collection":[{"href":"https:\/\/www.europesays.com\/fi\/wp-json\/wp\/v2\/posts"}],"about":[{"href":"https:\/\/www.europesays.com\/fi\/wp-json\/wp\/v2\/types\/post"}],"author":[{"embeddable":true,"href":"https:\/\/www.europesays.com\/fi\/wp-json\/wp\/v2\/users\/2"}],"replies":[{"embeddable":true,"href":"https:\/\/www.europesays.com\/fi\/wp-json\/wp\/v2\/comments?post=142533"}],"version-history":[{"count":0,"href":"https:\/\/www.europesays.com\/fi\/wp-json\/wp\/v2\/posts\/142533\/revisions"}],"wp:featuredmedia":[{"embeddable":true,"href":"https:\/\/www.europesays.com\/fi\/wp-json\/wp\/v2\/media\/142534"}],"wp:attachment":[{"href":"https:\/\/www.europesays.com\/fi\/wp-json\/wp\/v2\/media?parent=142533"}],"wp:term":[{"taxonomy":"category","embeddable":true,"href":"https:\/\/www.europesays.com\/fi\/wp-json\/wp\/v2\/categories?post=142533"},{"taxonomy":"post_tag","embeddable":true,"href":"https:\/\/www.europesays.com\/fi\/wp-json\/wp\/v2\/tags?post=142533"}],"curies":[{"name":"wp","href":"https:\/\/api.w.org\/{rel}","templated":true}]}}