{"id":142535,"date":"2026-01-15T00:29:12","date_gmt":"2026-01-15T00:29:12","guid":{"rendered":"https:\/\/www.europesays.com\/fi\/142535\/"},"modified":"2026-01-15T00:29:12","modified_gmt":"2026-01-15T00:29:12","slug":"suomeen-syntyi-viime-vuonna-kolme-naalipentuetta-retkeilijat-tormanneet-elaimiin-satunnaisesti-eramaassa-lappi","status":"publish","type":"post","link":"https:\/\/www.europesays.com\/fi\/142535\/","title":{"rendered":"Suomeen syntyi viime vuonna kolme naalipentuetta \u2013 retkeilij\u00e4t t\u00f6rm\u00e4nneet el\u00e4imiin satunnaisesti er\u00e4maassa | Lappi"},"content":{"rendered":"<p class=\"aw-1gybjub aw-5vja16 kEtdKx kmuxyA yle__article__paragraph\">Suomessa el\u00e4\u00e4 t\u00e4ll\u00e4 hetkell\u00e4 10\u201320 naalia. Osa niist\u00e4 on muuttanut t\u00e4nne rajan yli. <\/p>\n<p><img decoding=\"async\" alt=\"Naali Barentsburgissa, Huippuvuorilla.\" src=\"https:\/\/www.europesays.com\/fi\/wp-content\/uploads\/2026\/01\/39-1469414682df6f18b1e4.jpeg\" class=\"aw-1l9m598 hKVVvP\"\/><\/p>\n<p>Avaa kuvien katselu<\/p>\n<p>Norjassa ja Ruotsissa naaleja on enemm\u00e4n kuin Suomessa. Arkistokuvassa naali Barentsburgissa, Huippuvuorilla. Kuva: Jani Saikko \/ Yle<\/p>\n<ul class=\"aw-1jjocuh iJTSwP yle__article__list yle__article__list--ul\">\n<li class=\"aw-1j7gwms gNYKfi\">Suomen K\u00e4sivarressa syntyi viime vuonna kolme naalipentuetta. Naali on pesinyt Suomessa nyt nelj\u00e4 vuotta per\u00e4kk\u00e4in.<\/li>\n<li class=\"aw-1j7gwms gNYKfi\">Suomen kanta on vain 10\u201320 yksil\u00f6\u00e4.<\/li>\n<li class=\"aw-1j7gwms gNYKfi\">Koko Fennoskandian noin 526 yksil\u00f6n kanta ei ole elinvoimainen ja k\u00e4rsii sis\u00e4siittoisuudesta.<\/li>\n<li class=\"aw-1j7gwms gNYKfi\">Pentueiden m\u00e4\u00e4r\u00e4 laski viime vuonna, koska myyri\u00e4 ja sopuleita oli v\u00e4h\u00e4n.<\/li>\n<\/ul>\n<p class=\"aw-1gybjub aw-1p7kakr kEtdKx cEmitX yle__article__paragraph\">Suomen K\u00e4sivarressa on syntynyt viime vuonna kolme naalipentuetta. Asia selvi\u00e4\u00e4 tuoreesta pohjoismaisesta raportista, jonka tekemisess\u00e4 Mets\u00e4hallitus on ollut mukana.<\/p>\n<p class=\"aw-1gybjub aw-1p7kakr kEtdKx cEmitX yle__article__paragraph\">Suomen naalipopulaation arvioitu koko on t\u00e4ll\u00e4 hetkell\u00e4 10\u201320 yksil\u00f6\u00e4, kertoo Mets\u00e4hallituksen Luontopalvelujen luonnonsuojelujen erityisasiantuntija <strong class=\"aw-ak79eh KyCXm yle__article__strong\">Jukka Ikonen<\/strong>. Naalit kuitenkin liikkuvat paljon rajan yli.<\/p>\n<p class=\"aw-1gybjub aw-1p7kakr kEtdKx cEmitX yle__article__paragraph\">\u2013 Muuttovoittoa on. T\u00e4ll\u00e4kin hetkell\u00e4 meid\u00e4n pesiv\u00e4 kanta on osittain per\u00e4isin Norjan puolella tehdyist\u00e4 istutuksista aiemmilta vuosilta, Ikonen kertoo.<\/p>\n<p class=\"aw-1gybjub aw-1p7kakr kEtdKx cEmitX yle__article__paragraph\">Villinaalien kasvatustarha sijaitsee Norjan puolella. My\u00f6s istutukset tehd\u00e4\u00e4n vain Norjaan, mutta v\u00e4lill\u00e4 hyvinkin l\u00e4hell\u00e4 Ruotsin ja Suomen rajaa.<\/p>\n<p>Nelj\u00e4 vuotta pesint\u00f6j\u00e4<\/p>\n<p class=\"aw-1gybjub aw-1p7kakr kEtdKx cEmitX yle__article__paragraph\">Naalit ovat pesineet Suomen tuntureilla vuosittain viimeiset nelj\u00e4 vuotta.<\/p>\n<p class=\"aw-1gybjub aw-1p7kakr kEtdKx cEmitX yle__article__paragraph\">Naapurimaissa Ruotsissa ja Norjassa naalit pesiv\u00e4t kuitenkin huomattavasti paljon ahkerammin kuin meill\u00e4 Suomessa. Ruotsissa pentueita oli viime vuonna 56 ja Norjassa 38.<\/p>\n<p class=\"aw-1gybjub aw-1p7kakr kEtdKx cEmitX yle__article__paragraph\">Ikosen mukaan se johtuu yksinkertaisesti siit\u00e4, ett\u00e4 naalille soveltuvia tunturialueita on Suomessa huomattavasti v\u00e4hemm\u00e4n.<\/p>\n<p class=\"aw-1gybjub aw-1p7kakr kEtdKx cEmitX yle__article__paragraph\">\u2013 Kanta ei ole ollut erityisen suuri koskaan Suomen tuntureilla eik\u00e4 se erityisen suureksi voi ikin\u00e4 kasvaakaan, Ikonen selitt\u00e4\u00e4.<\/p>\n<p class=\"aw-1gybjub aw-1p7kakr kEtdKx cEmitX yle__article__paragraph\">Yksi syy on kettujen esiintyminen. Ymp\u00e4rist\u00f6j\u00e4rjest\u00f6 WWF on kampanjoinut ketun ruokkimisen est\u00e4miseksi. Kettu kun hy\u00f6dynt\u00e4\u00e4 ravinnokseen tehokkaasti ihmisen taaksensa j\u00e4tt\u00e4m\u00e4t ruokaj\u00e4tteet ja kalanperkeet.<\/p>\n<p>Kanta kaukana elinvoimaisesta<\/p>\n<p class=\"aw-1gybjub aw-1p7kakr kEtdKx cEmitX yle__article__paragraph\">Viel\u00e4 2000-luvun alussa Fennoskandiassa Suomen, Ruotsin ja Norjan tunturialueilla eli vain 40\u201360 naalia.<\/p>\n<p class=\"aw-1gybjub aw-1p7kakr kEtdKx cEmitX yle__article__paragraph\">Viime vuonna naalipopulaatio alueella oli arviolta 526 aikuista yksil\u00f6\u00e4, mik\u00e4 on joitain kymmeni\u00e4 yksil\u00f6it\u00e4 v\u00e4hemm\u00e4n kuin edellisvuonna.<\/p>\n<p class=\"aw-1gybjub aw-1p7kakr kEtdKx cEmitX yle__article__paragraph\">Naalikanta on kuitenkin edelleen kaukana elinvoimaisesta.<\/p>\n<p class=\"aw-1gybjub aw-1p7kakr kEtdKx cEmitX yle__article__paragraph\">Kantaa pyrit\u00e4\u00e4n vahvistamaan istutusten lis\u00e4ksi tukiruokinnalla ja kettujen mets\u00e4st\u00e4misell\u00e4 sek\u00e4 sis\u00e4siittoisuuden v\u00e4hent\u00e4misell\u00e4.<\/p>\n<p class=\"aw-1gybjub aw-1p7kakr kEtdKx cEmitX yle__article__paragraph\">Sis\u00e4siittoisuus heikent\u00e4\u00e4 naalikannan lis\u00e4\u00e4ntymismenestyst\u00e4 ja aikuisten naalien selviytymist\u00e4. Nykyisell\u00e4\u00e4n alueiden v\u00e4linen muuttoliike on liian v\u00e4h\u00e4ist\u00e4 sis\u00e4siittoisuuden hillitsemiseksi.<\/p>\n<p class=\"aw-1gybjub aw-1p7kakr kEtdKx cEmitX yle__article__paragraph\">Ongelmaa pyrit\u00e4\u00e4n ratkomaan lis\u00e4\u00e4m\u00e4ll\u00e4 ruokinta-automaatteja naalien ydinalueiden v\u00e4lisille tuntureille.<\/p>\n<p>Naalia ei saa ruokkia<\/p>\n<p class=\"aw-1gybjub aw-1p7kakr kEtdKx cEmitX yle__article__paragraph\">Viime vuonna Fennoskandiassa todettiin kaikkiaan 97 naalipentuetta. Se on merkitt\u00e4v\u00e4 lasku edellisvuoden 139 pentueesta. Suurin syy on pikkujyrsij\u00f6iden eli myyrien ja sopulien v\u00e4h\u00e4inen m\u00e4\u00e4r\u00e4.<\/p>\n<p class=\"aw-1gybjub aw-1p7kakr kEtdKx cEmitX yle__article__paragraph\">Poikkeuksellisen sateinen talvi haittasi pikkujyrsij\u00f6iden ravinnonsaantia ja v\u00e4hensi lis\u00e4\u00e4ntymist\u00e4. Ikosen mukaan tulevina vuosina kantojen odotetaan l\u00e4htev\u00e4n taas nousuun.<\/p>\n<p class=\"aw-1gybjub aw-1p7kakr kEtdKx cEmitX yle__article__paragraph\">\u2013 Eli sielt\u00e4 olisi odotettaissa ehk\u00e4 enemm\u00e4nkin pentueita ja varsinkin suurempia pentum\u00e4\u00e4ri\u00e4, Ikonen ennakoi.<\/p>\n<p class=\"aw-1gybjub aw-1p7kakr kEtdKx cEmitX yle__article__paragraph\">T\u00e4ll\u00e4 hetkell\u00e4 suunta on hidas mutta positiivinen.<\/p>\n<p class=\"aw-1gybjub aw-1p7kakr kEtdKx cEmitX yle__article__paragraph\">Viime vuona naaleihin on voinut t\u00f6rm\u00e4t\u00e4 K\u00e4sivarren er\u00e4maa-alueilla ja satunnaisesti my\u00f6s P\u00f6yrisj\u00e4rven, Paistunturin ja Kaldoaivin tunturialueilla. Ikosen mukaan retkeilij\u00f6ilt\u00e4 onkin tullut satunnaisia naalihavaintoja viime vuosina.<\/p>\n<p class=\"aw-1gybjub aw-1p7kakr kEtdKx cEmitX yle__article__paragraph\">Mik\u00e4li naalin sattuu kohtaamaan luonnossa, ei sit\u00e4 tule ruokkia, Ikonen neuvoo.<\/p>\n<p class=\"aw-1gybjub aw-1p7kakr kEtdKx cEmitX yle__article__paragraph\">\u2013 Ei toivota, ett\u00e4 ne (naalit) oppivat siihen, ett\u00e4 ruokaa olisi retkeilij\u00e4lt\u00e4 tarjolla.<\/p>\n<p>Naalien pesint\u00e4 onnistui vuonna 2022 ensimm\u00e4ist\u00e4 kertaa pitk\u00e4\u00e4n aikaan. Katso videolta, kuinka Yle uutisoi asiasta tuolloin.<\/p>\n","protected":false},"excerpt":{"rendered":"Suomessa el\u00e4\u00e4 t\u00e4ll\u00e4 hetkell\u00e4 10\u201320 naalia. Osa niist\u00e4 on muuttanut t\u00e4nne rajan yli. Avaa kuvien katselu Norjassa ja&hellip;\n","protected":false},"author":2,"featured_media":142536,"comment_status":"","ping_status":"","sticky":false,"template":"","format":"standard","meta":{"footnotes":"","_share_on_mastodon":"0"},"categories":[117],"tags":[404,33,31,30,71,667,72,8941,476,118,32,119,11327,477],"class_list":["post-142535","post","type-post","status-publish","format-standard","has-post-thumbnail","category-luonto","tag-elaimet","tag-fi","tag-finland","tag-finnish","tag-kotimaa","tag-lappi","tag-luonto","tag-naali","tag-nature","tag-science","tag-suomi","tag-tiede","tag-tunturit","tag-wildlife"],"share_on_mastodon":{"url":"https:\/\/pubeurope.com\/@fi\/115896291340125078","error":""},"_links":{"self":[{"href":"https:\/\/www.europesays.com\/fi\/wp-json\/wp\/v2\/posts\/142535","targetHints":{"allow":["GET"]}}],"collection":[{"href":"https:\/\/www.europesays.com\/fi\/wp-json\/wp\/v2\/posts"}],"about":[{"href":"https:\/\/www.europesays.com\/fi\/wp-json\/wp\/v2\/types\/post"}],"author":[{"embeddable":true,"href":"https:\/\/www.europesays.com\/fi\/wp-json\/wp\/v2\/users\/2"}],"replies":[{"embeddable":true,"href":"https:\/\/www.europesays.com\/fi\/wp-json\/wp\/v2\/comments?post=142535"}],"version-history":[{"count":0,"href":"https:\/\/www.europesays.com\/fi\/wp-json\/wp\/v2\/posts\/142535\/revisions"}],"wp:featuredmedia":[{"embeddable":true,"href":"https:\/\/www.europesays.com\/fi\/wp-json\/wp\/v2\/media\/142536"}],"wp:attachment":[{"href":"https:\/\/www.europesays.com\/fi\/wp-json\/wp\/v2\/media?parent=142535"}],"wp:term":[{"taxonomy":"category","embeddable":true,"href":"https:\/\/www.europesays.com\/fi\/wp-json\/wp\/v2\/categories?post=142535"},{"taxonomy":"post_tag","embeddable":true,"href":"https:\/\/www.europesays.com\/fi\/wp-json\/wp\/v2\/tags?post=142535"}],"curies":[{"name":"wp","href":"https:\/\/api.w.org\/{rel}","templated":true}]}}