{"id":142538,"date":"2026-01-15T00:40:18","date_gmt":"2026-01-15T00:40:18","guid":{"rendered":"https:\/\/www.europesays.com\/fi\/142538\/"},"modified":"2026-01-15T00:40:18","modified_gmt":"2026-01-15T00:40:18","slug":"maria-ylipaan-koskettava-perhepaivitys-esikoislapsi-inari-taysi-ikaistyi","status":"publish","type":"post","link":"https:\/\/www.europesays.com\/fi\/142538\/","title":{"rendered":"Maria Ylip\u00e4\u00e4n koskettava perhep\u00e4ivitys: Esikoislapsi Inari t\u00e4ysi-ik\u00e4istyi"},"content":{"rendered":"<p>\n            Maria Ylip\u00e4\u00e4 vuoden 2024 Jussi-gaalassa.<br \/>\n            Timo Korhonen\n        <\/p>\n<p class=\"subtitle \">N\u00e4yttelij\u00e4 hehkuu somessa suurta ylpeytt\u00e4.<\/p>\n<p class=\"article-content article-content-width !bg-background\">Koskinen- ja Luottomies-sarjoista tunnettu n\u00e4yttelij\u00e4 , 44, on julkaissut \u00e4idinylpeytt\u00e4 huokuvan liikuttavan somep\u00e4ivityksen.<\/p>\n<p class=\"article-content article-content-width !bg-background\"><a href=\"https:\/\/www.instagram.com\/p\/DTdZ-pyjSl4\/?utm_source=ig_web_copy_link\" target=\"_blank\" rel=\"nofollow noopener\">Maria paljastaa Instagram-tilill\u00e4\u00e4n, ett\u00e4 h\u00e4nen esikoislapsensa on saavuttanut jo t\u00e4ysi-ik\u00e4isyyden.<\/a><\/p>\n<p class=\"article-content article-content-width !bg-background\">\u2013\u00a0Esikoisemme. . Kahdeksantoista.<\/p>\n<p class=\"article-content article-content-width !bg-background\">\u2013\u00a0Uskomatonta. Olen niin ylpe\u00e4, Maria kirjoittaa juhlista otettujen kuvien kera.<\/p>\n<p>        <a itemprop=\"url\" href=\"https:\/\/www.seiska.fi\/kotimaa\/maria-ylipaa-sai-kolmannen-lapsensa-41-vuotiaana-tama-on-ollut-valinta\/1272265\" rel=\"nofollow noopener\" target=\"_blank\"><\/p>\n<p class=\"section-date\">\n        <strong class=\"article-section\" data-section=\"kotimaa\"><br \/>\n            kotimaa<br \/>\n        <\/strong><br \/>\n        17.2.2024 16:00\n    <\/p>\n<p>Maria Ylip\u00e4\u00e4 sai kolmannen lapsensa 41-vuotiaana: T\u00e4m\u00e4 on ollut valinta\n    <\/p>\n<p itemprop=\"description\" class=\"subtitle \">\n    N\u00e4yttelij\u00e4ll\u00e4 on kolme hyvin eri ik\u00e4ist\u00e4 lasta, ja h\u00e4n rakastaa \u00e4itiyden tuomaa iloa ja sen haasteita.\n<\/p>\n<p>        <\/a><\/p>\n<p class=\"article-content article-content-width !bg-background\">Inarin lis\u00e4ksi Marialla on -nimell\u00e4kin tunnetun muusikkomiehens\u00e4  kanssa kaksi nuorempaa lasta. Nuorin lapsi syntyi kun Maria oli 41-vuotias.<\/p>\n<p class=\"article-content article-content-width !bg-background\">Juhlakuvissa n\u00e4kyy ilmapalloja, herkullisen n\u00e4k\u00f6isi\u00e4 t\u00e4ytekakkuja ja paljon kuohuvaa juomaa. Er\u00e4\u00e4ss\u00e4 kuvista \u00e4iti antaa p\u00e4iv\u00e4nsankarille mojovan onnittelupusun.<\/p>\n<p>                <img loading=\"lazy\" decoding=\"async\" src=\"https:\/\/www.europesays.com\/fi\/wp-content\/uploads\/2026\/01\/1987642.webp.jpeg\" width=\"576\" height=\"720\" alt=\"Luottomies-sarjan t\u00e4hdet Kari Ketonen, Maria Ylip\u00e4\u00e4 ja Antti Luusuaniemi Jussi-gaalan punaisella matolla maaliskuussa 2025.\" \/>            <\/p>\n<p>\n            Luottomies-sarjan t\u00e4hdet Kari Ketonen, Maria Ylip\u00e4\u00e4 ja Antti Luusuaniemi Jussi-gaalan punaisella matolla maaliskuussa 2025.<br \/>\n            Matti Matikainen\n        <\/p>\n<p>        <a itemprop=\"url\" href=\"https:\/\/www.seiska.fi\/katso\/maria-ylipaa-yllattaa-luottomies-elokuvassa-rohkealla-imetyskohtauksella-se-on-feministinen-panokseni-leffalle\/1259275\" rel=\"nofollow noopener\" target=\"_blank\"><\/p>\n<p class=\"section-date\">\n        <strong class=\"article-section\" data-section=\"katso\"><br \/>\n            katso<br \/>\n        <\/strong><br \/>\n        2.2.2024 06:15\n    <\/p>\n<p>Maria Ylip\u00e4\u00e4 yll\u00e4tt\u00e4\u00e4 Luottomies-elokuvassa rohkealla imetyskohtauksella &#8211; &#8221;Se on feministinen panokseni leffalle&#8221;\n    <\/p>\n<p itemprop=\"description\" class=\"subtitle \">\n    Maria Ylip\u00e4\u00e4 tekee Luottomies-elokuva: All in -leffassa kohtauksen, joita ei valkokankaalla yleens\u00e4 n\u00e4hd\u00e4.\n<\/p>\n<p>        <\/a><\/p>\n<p>Anna-Maija Tuokolta hauska t\u00e4smennys<\/p>\n<p class=\"article-content article-content-width !bg-background\">Yhdess\u00e4 juhlakuvassa kukkaseppeleen p\u00e4\u00e4h\u00e4ns\u00e4 saanut syntt\u00e4risankari Inari poseeraa \u00e4iti-Marian ja n\u00e4yttelij\u00e4  kanssa.<\/p>\n<p class=\"article-content article-content-width !bg-background\"><a href=\"https:\/\/www.instagram.com\/p\/DTYZQYODcN6\/?igsh=MTNwY2JycG03aDFtOQ==\" target=\"_blank\" rel=\"nofollow noopener\">Anna-Maija on omalla Instagram-tilill\u00e4\u00e4n julkaissut lis\u00e4\u00e4 kuvia hauskoista juhlista.<\/a><\/p>\n<p class=\"article-content article-content-width !bg-background\">\u2013\u00a0Rakkahin Inari, lapsi rakas my\u00f6s mun, t\u00e4ysi-ik\u00e4inen. Happy Birthday, Anna-Maija kirjoittaa ja tekee sitten hauskan t\u00e4smennyksen.<\/p>\n<p class=\"article-content article-content-width !bg-background\">V\u00e4\u00e4rink\u00e4sitysten v\u00e4ltt\u00e4miseksi Anna-Maija painottaa Marian ja Matin olevan Inarin oikeat vanhemmat.<\/p>\n<p class=\"article-content article-content-width !bg-background\">Syntt\u00e4rikuvat ovat ker\u00e4nneet ison m\u00e4\u00e4r\u00e4n tykk\u00e4yksi\u00e4, ja kommenteissa Inarin onnittelijoiden joukkoon ovat liittyneet esimerkiksi  ja .<\/p>\n<p class=\"article-content article-content-width !bg-background\">P\u00e4ivityksist\u00e4 p\u00e4\u00e4tellen syntt\u00e4rijuhlat ovat olleet eritt\u00e4in onnistuneet.<\/p>\n<p class=\"article-content article-content-width !bg-background\">\u2013\u00a0Kiitos ihanista juhlista sukulaiset, kummit ja yst\u00e4v\u00e4t, Maria kiittelee vieraita.<\/p>\n<p>        <a itemprop=\"url\" href=\"https:\/\/www.seiska.fi\/kotimaa\/maria-ylipaan-tytar-ensimmaisessa-elokuvaroolissaan-aiti-ylpea-tosi-hyva-ensimmainen-kokemus\/1272087\" rel=\"nofollow noopener\" target=\"_blank\"><\/p>\n<p class=\"section-date\">\n        <strong class=\"article-section\" data-section=\"kotimaa\"><br \/>\n            kotimaa<br \/>\n        <\/strong><br \/>\n        18.2.2024 20:00\n    <\/p>\n<p>Maria Ylip\u00e4\u00e4n tyt\u00e4r ensimm\u00e4isess\u00e4 elokuvaroolissaan \u2013 \u00e4iti ylpe\u00e4: \u201dTosi hyv\u00e4 ensimm\u00e4inen kokemus\u201d\n    <\/p>\n<p itemprop=\"description\" class=\"subtitle \">\n    Marian lapset ovat haikailleet \u00e4itins\u00e4 tavoin taiteen alalle.\n<\/p>\n<p>        <\/a><\/p>\n<p><script async src=\"\/\/www.instagram.com\/embed.js\"><\/script><\/p>\n","protected":false},"excerpt":{"rendered":"Maria Ylip\u00e4\u00e4 vuoden 2024 Jussi-gaalassa. Timo Korhonen N\u00e4yttelij\u00e4 hehkuu somessa suurta ylpeytt\u00e4. Koskinen- ja Luottomies-sarjoista tunnettu n\u00e4yttelij\u00e4 ,&hellip;\n","protected":false},"author":2,"featured_media":142539,"comment_status":"","ping_status":"","sticky":false,"template":"","format":"standard","meta":{"footnotes":""},"categories":[136],"tags":[19707,407,137,33,31,30,10185,408,23922,212,17395,17626,24484,32,4414,109],"class_list":{"0":"post-142538","1":"post","2":"type-post","3":"status-publish","4":"format-standard","5":"has-post-thumbnail","7":"category-julkkikset","8":"tag-anna-maija-tuokko","9":"tag-celebrities","10":"tag-entertainment","11":"tag-fi","12":"tag-finland","13":"tag-finnish","14":"tag-inari","15":"tag-julkkikset","16":"tag-koskinen-sarja","17":"tag-lifestyle","18":"tag-luottomies","19":"tag-maria-ylipaa","20":"tag-matti-pentikainen","21":"tag-suomi","22":"tag-syntymapaivajuhlat","23":"tag-viihde"},"share_on_mastodon":{"url":"https:\/\/pubeurope.com\/@fi\/115896334579493622","error":""},"_links":{"self":[{"href":"https:\/\/www.europesays.com\/fi\/wp-json\/wp\/v2\/posts\/142538","targetHints":{"allow":["GET"]}}],"collection":[{"href":"https:\/\/www.europesays.com\/fi\/wp-json\/wp\/v2\/posts"}],"about":[{"href":"https:\/\/www.europesays.com\/fi\/wp-json\/wp\/v2\/types\/post"}],"author":[{"embeddable":true,"href":"https:\/\/www.europesays.com\/fi\/wp-json\/wp\/v2\/users\/2"}],"replies":[{"embeddable":true,"href":"https:\/\/www.europesays.com\/fi\/wp-json\/wp\/v2\/comments?post=142538"}],"version-history":[{"count":0,"href":"https:\/\/www.europesays.com\/fi\/wp-json\/wp\/v2\/posts\/142538\/revisions"}],"wp:featuredmedia":[{"embeddable":true,"href":"https:\/\/www.europesays.com\/fi\/wp-json\/wp\/v2\/media\/142539"}],"wp:attachment":[{"href":"https:\/\/www.europesays.com\/fi\/wp-json\/wp\/v2\/media?parent=142538"}],"wp:term":[{"taxonomy":"category","embeddable":true,"href":"https:\/\/www.europesays.com\/fi\/wp-json\/wp\/v2\/categories?post=142538"},{"taxonomy":"post_tag","embeddable":true,"href":"https:\/\/www.europesays.com\/fi\/wp-json\/wp\/v2\/tags?post=142538"}],"curies":[{"name":"wp","href":"https:\/\/api.w.org\/{rel}","templated":true}]}}