{"id":14254,"date":"2025-08-23T17:06:09","date_gmt":"2025-08-23T17:06:09","guid":{"rendered":"https:\/\/www.europesays.com\/fi\/14254\/"},"modified":"2025-08-23T17:06:09","modified_gmt":"2025-08-23T17:06:09","slug":"helen-mirren-ja-pierce-brosnan-elakelaisetsivina","status":"publish","type":"post","link":"https:\/\/www.europesays.com\/fi\/14254\/","title":{"rendered":"Helen Mirren ja Pierce Brosnan el\u00e4kel\u00e4isetsivin\u00e4"},"content":{"rendered":"<p>            Netflix\n        <\/p>\n<p class=\"subtitle \">Elokuun viimeisell\u00e4 viikolla suoratoistopalvelut tarjoavat monipuolisen kattauksen rikoksia kultary\u00f6st\u00f6st\u00e4 murhiin.<\/p>\n<p class=\"article-content article-content-width !bg-background\">Suoratoistopalvelujen tarjonnassa on nyt paljon rikoksia niin elokuvana, sarjana kuin dokumenttinakin. Erityisesti niiss\u00e4 kunnostautuvat jo varttuneeseen ik\u00e4\u00e4n ehtineen toimijat kostajamummosta el\u00e4kel\u00e4isetsiviin.<\/p>\n<p class=\"italic m-italic article-content article-content-width !bg-background\">Video: N\u00e4yttelij\u00e4t\u00e4hti Bruce Willisin kunto heikkenee.<\/p>\n<p>Nimekk\u00e4\u00e4t t\u00e4hdet ratkovat murhamysteeri\u00e4Torstain murhakerhoNetflix,\u00a0TO 28.8.<\/p>\n<p class=\"article-content article-content-width !bg-background\">Brittikirjailija  suosittuihin Torstain murhakerho -rikosromaaneihin perustuvassa elokuvassa el\u00e4kel\u00e4isetsiv\u00e4t p\u00e4\u00e4sev\u00e4t tutkimaan uutta murhatapausta.\u00a0<\/p>\n<p>                <img loading=\"lazy\" decoding=\"async\" src=\"https:\/\/www.europesays.com\/fi\/wp-content\/uploads\/2025\/08\/1897515.webp\" width=\"576\" height=\"322\" alt=\"Torstain murhakerhon rento ajanviete vaihtuu oikeaan murhatutkintaan. Yht\u00e4 el\u00e4kel\u00e4isetsivist\u00e4 n\u00e4yttelee Helen Mirren.\" \/>            <\/p>\n<p>\n            Torstain murhakerhon rento ajanviete vaihtuu oikeaan murhatutkintaan. Yht\u00e4 el\u00e4kel\u00e4isetsivist\u00e4 n\u00e4yttelee Helen Mirren.<br \/>\n            Netflix\n        <\/p>\n<p>        <a itemprop=\"url\" href=\"https:\/\/www.seiska.fi\/katso\/owen-wilson-yritti-ottaa-hengen-itseltaan-tama-pelasti\/1896639\" rel=\"nofollow noopener\" target=\"_blank\"><\/p>\n<p>\nOwen Wilson\n<\/p>\n<p class=\"section-date\">\n        <strong class=\"article-section\" data-section=\"katso\"><br \/>\n            katso<br \/>\n        <\/strong><br \/>\n        12.8. 11:19\n    <\/p>\n<p>    Owen Wilson yritti ottaa hengen itselt\u00e4\u00e4n \u2013 t\u00e4m\u00e4 pelasti<\/p>\n<p itemprop=\"description\" class=\"subtitle \">\n    Zoolander-t\u00e4hti on k\u00e4rsinyt masennuksesta lapsesta l\u00e4htien.\n<\/p>\n<p>        <\/a><\/p>\n<p class=\"article-content article-content-width !bg-background\">Huvin vuoksi tehty vuosikymmenten takaisten tapausten perkaaminen muuttuu astetta vakavammaksi, kun selitt\u00e4m\u00e4t\u00f6n kuolemantapaus sattuu aivan murhakerholaisten l\u00e4hist\u00f6ll\u00e4. Kerhon j\u00e4senten on nyt selvitett\u00e4v\u00e4 mystinen tapaus. Luonnollisesti vanhat herrat ja rouvat osoittautuvat poliisia ter\u00e4v\u00e4mmiksi.\u00a0<\/p>\n<p class=\"article-content article-content-width !bg-background\"> ohjaaman elokuvan p\u00e4\u00e4osissa ovat , ,  ja .<\/p>\n<p>Kultary\u00f6st\u00e4ji\u00e4 jahdataan pitkin maailmaaThe GoldMTV Katsomo,\u00a0MA 25.8.<\/p>\n<p class=\"article-content article-content-width !bg-background\">Britannian suuren kultary\u00f6st\u00f6n tekij\u00f6iden jahtaaminen jatkuu toisen kauden jaksoin. Downton Abbeysta tunnetun  t\u00e4hditt\u00e4m\u00e4 brittidraamasarja kertoo vuonna 1983 oikeasti tapahtuneesta kultary\u00f6st\u00f6st\u00e4 ja sen j\u00e4lkiselvittelyist\u00e4.\u00a0<\/p>\n<p>                <img decoding=\"async\" src=\"https:\/\/www.europesays.com\/fi\/wp-content\/uploads\/2025\/08\/1897518.webp\" width=\"576\" height=\"322\" alt=\"Hugh Bonnevillen n\u00e4yttelem\u00e4 Brian Boyce jatkaa kultary\u00f6st\u00f6n tutkimista.\" loading=\"lazy\" \/>            <\/p>\n<p>\n            Hugh Bonnevillen n\u00e4yttelem\u00e4 Brian Boyce jatkaa kultary\u00f6st\u00f6n tutkimista.<br \/>\n            MTV\n        <\/p>\n<p class=\"article-content article-content-width !bg-background\">Toisella kaudella rikollisten jahtaaminen laajenee kansainv\u00e4liseksi operaatioksi, kun poliisi tajuaa etsineens\u00e4 aiemmin vain puolikasta kultary\u00f6st\u00f6n tuottamista rahoista.<\/p>\n<p>Kuvitteellinen jalkapallo johtaa rikostutkintaanFantasy Football Ruined Our LivesNetflix,\u00a0KE 27.8.<\/p>\n<p class=\"article-content article-content-width !bg-background\">Italialainen komediaelokuva kertoo siit\u00e4, miten vakavaksi fantasiajalkapallon harrastaminen voi muuttua. Kun fantasiajalkapallojoukkueellaan mestaruuden saavuttanut Gianni katoaa, p\u00e4\u00e4tyy h\u00e4nen yst\u00e4v\u00e4ns\u00e4 Simone kuulusteltavaksi.\u00a0<\/p>\n<p>                <img loading=\"lazy\" decoding=\"async\" src=\"https:\/\/www.europesays.com\/fi\/wp-content\/uploads\/2025\/08\/1897527.webp\" width=\"576\" height=\"322\" alt=\"Viranomaiset yritt\u00e4v\u00e4t selvitt\u00e4\u00e4 totuuden katoamistapauksesta.\" \/>            <\/p>\n<p>\n            Viranomaiset yritt\u00e4v\u00e4t selvitt\u00e4\u00e4 totuuden katoamistapauksesta.<br \/>\n            Netflix\n        <\/p>\n<p>        <a itemprop=\"url\" href=\"https:\/\/www.seiska.fi\/katso\/renny-harlin-torppasi-bond-ohjaajan-pestin-nain-han-ajattelee-nyt\/1870761\" rel=\"nofollow noopener\" target=\"_blank\"><\/p>\n<p>\nRenny Harlin\n<\/p>\n<p class=\"section-date\">\n        <strong class=\"article-section\" data-section=\"katso\"><br \/>\n            katso<br \/>\n        <\/strong><br \/>\n        12.8. 09:15\n    <\/p>\n<p>    Renny Harlin torppasi Bond-ohjaajan pestin &#8211; n\u00e4in h\u00e4n ajattelee nyt<\/p>\n<p itemprop=\"description\" class=\"subtitle \">\n    Jos suomalaisohjaaja olisi saanut tahtonsa l\u00e4pi, olisi h\u00e4n tehnyt 007 ja kultainen silm\u00e4 -leffan.\n<\/p>\n<p>        <\/a><\/p>\n<p class=\"article-content article-content-width !bg-background\">Ep\u00e4ilyksi\u00e4 her\u00e4tt\u00e4\u00e4, ett\u00e4 Gianni katosi juuri fantasiajalkapallon kannalta t\u00e4rke\u00e4ll\u00e4 hetkell\u00e4 ja j\u00e4tti lis\u00e4ksi saapumatta omiin h\u00e4ihins\u00e4. Yhteisen harrastuksen yhdist\u00e4m\u00e4 absurdi yst\u00e4v\u00e4joukko ei ehk\u00e4 olekaan ihan harmiton.<\/p>\n<p>H\u00e4iriintyneet naiset rapistuvassa talossaReippaat tyt\u00f6tYle Areena, KE 27.8.<\/p>\n<p class=\"article-content article-content-width !bg-background\">Palkitun brittikomediasarjan ykk\u00f6s- ja kakkoskausi tulevat yht\u00e4 aikaa katsottaviksi Areenaan. Kumpikin kausi on kuusiosainen.\u00a0<\/p>\n<p>                <img decoding=\"async\" src=\"https:\/\/www.europesays.com\/fi\/wp-content\/uploads\/2025\/08\/1897530.webp\" width=\"576\" height=\"269\" alt=\"Kolmen naisen muodostama perhe yritt\u00e4\u00e4 l\u00f6yt\u00e4\u00e4 onnen.\" loading=\"lazy\" \/>            <\/p>\n<p>\n            Kolmen naisen muodostama perhe yritt\u00e4\u00e4 l\u00f6yt\u00e4\u00e4 onnen.<br \/>\n            Yle\n        <\/p>\n<p class=\"article-content article-content-width !bg-background\">Sarjan keski\u00f6ss\u00e4 on kolmen h\u00e4iriintyneen naisen muodostama perhe, jonka arki on t\u00e4ynn\u00e4 huonoja p\u00e4\u00e4t\u00f6ksi\u00e4 ja matalaa itsetuntoa. Naisten tavoitteena on paeta ahtaan, rapistuvan ja veloissa rypev\u00e4n kotinsa karua todellisuutta ja l\u00f6yt\u00e4\u00e4 onni.<\/p>\n<p>Erikoisjoukkojen ja CIA:n salateht\u00e4vi\u00e4The Terminal List: Dark WolfPrime Video, KE 27.8.<\/p>\n<p class=\"article-content article-content-width !bg-background\">The Terminal List -toimintasarjan esiosa kertoo Ben Edwardsin () vaiheista Navy Seals -erikoisjoukoista CIA-keskustiedustelupalvelun salaisiin operaatioihin. My\u00f6s The Terminal listin p\u00e4\u00e4hahmona James Reecena n\u00e4hty  tekee paluun vanhaan rooliinsa.\u00a0<\/p>\n<p>                <img decoding=\"async\" src=\"https:\/\/www.europesays.com\/fi\/wp-content\/uploads\/2025\/08\/1897535.webp\" width=\"576\" height=\"322\" alt=\"Ben Edwards (Taylor Kitsch) on kouliintunut koviin teht\u00e4viin erikoisjoukoissa.\" loading=\"lazy\" \/>            <\/p>\n<p>\n            Ben Edwards (Taylor Kitsch) on kouliintunut koviin teht\u00e4viin erikoisjoukoissa.<br \/>\n            Attila Szvacsek\/Prime Video\n        <\/p>\n<p>        <a itemprop=\"url\" href=\"https:\/\/www.seiska.fi\/katso\/bond-tytto-laitettiin-asumaan-bordelliin-hullu-aviomies-vainosi\/1896175\" rel=\"nofollow noopener\" target=\"_blank\"><\/p>\n<p>\nBond-tytt\u00f6\n<\/p>\n<p class=\"section-date\">\n        <strong class=\"article-section\" data-section=\"katso\"><br \/>\n            katso<br \/>\n        <\/strong><br \/>\n        12.8. 07:15\n    <\/p>\n<p>    Bond-tytt\u00f6 laitettiin asumaan bordelliin \u2013 hullu aviomies vainosi<\/p>\n<p itemprop=\"description\" class=\"subtitle \">\n    Britt Ekland paljasti Ruotsin radiossa, ett\u00e4 mustasukkainen n\u00e4yttelij\u00e4mies Peter Sellers v\u00e4rv\u00e4si 1960-luvulla vakoojia tarkkailemaan h\u00e4nt\u00e4.\n<\/p>\n<p>        <\/a><\/p>\n<p class=\"article-content article-content-width !bg-background\">Seitsem\u00e4nosainen Dark Wolf pohjautuu kirjailija  kirjoittamaan kirjaan ja luomiin hahmoihin.<\/p>\n<p>Kadonnut mies joutui heppatyt\u00f6n uhriksiHevostytt\u00f6 helvetist\u00e4HBO Max, PE 29.8.<\/p>\n<p class=\"article-content article-content-width !bg-background\">Neliosainen rikosdokumenttisarja kertoo Tanskaa kuohuttaneesta murhasta. 40-vuotias  katosi kes\u00e4ll\u00e4 2022. Muutamaa p\u00e4iv\u00e4\u00e4 my\u00f6hemmin Frankin auto l\u00f6ytyi poltettuna, ja tapauksen j\u00e4rkytt\u00e4v\u00e4t k\u00e4\u00e4nteet alkoivat paljastua.\u00a0<\/p>\n<p>                <img decoding=\"async\" src=\"https:\/\/www.europesays.com\/fi\/wp-content\/uploads\/2025\/08\/1897544.webp\" width=\"576\" height=\"269\" alt=\"Kadonneen Frankin auto poltettiin keskell\u00e4 mets\u00e4\u00e4.\" loading=\"lazy\" \/>            <\/p>\n<p>\n            Kadonneen Frankin auto poltettiin keskell\u00e4 mets\u00e4\u00e4.<br \/>\n            HBO Max\n        <\/p>\n<p class=\"article-content article-content-width !bg-background\">Rikostutkinnassa k\u00e4vi ilmi, ett\u00e4 Frankin murhan taustalla oli useampikin ihminen, ja erityisen suuressa roolissa oli hevostyt\u00f6ksi kutsuttu nainen. Hevosinnostus osoittautui tapauksen kannalta keskeiseksi asiaksi.<\/p>\n<p>Mummo l\u00e4htee raa\u2019alle kostoretkelleTwo GravesNetflix, PE 29.8.<\/p>\n<p class=\"article-content article-content-width !bg-background\">Espanjalaisessa kuusiosaisessa rikosdraamassa iso\u00e4iti selvitt\u00e4\u00e4 kadonneen lapsenlapsensa ja t\u00e4m\u00e4n yst\u00e4v\u00e4n kohtaloa. 16-vuotiaat tyt\u00f6t Ver\u00f3nica ja Marta ovat olleet kateissa jo kaksi vuotta.\u00a0<\/p>\n<p>                <img decoding=\"async\" src=\"https:\/\/www.europesays.com\/fi\/wp-content\/uploads\/2025\/08\/1897551.webp\" width=\"576\" height=\"274\" alt=\"Isabel-iso\u00e4iti selvitt\u00e4\u00e4 kadonneen lapsenlapsen arvoitusta.\" loading=\"lazy\" \/>            <\/p>\n<p>\n            Isabel-iso\u00e4iti selvitt\u00e4\u00e4 kadonneen lapsenlapsen arvoitusta.<br \/>\n            Netflix\n        <\/p>\n<p>        <a itemprop=\"url\" href=\"https:\/\/www.seiska.fi\/katso\/kuka-on-maailman-rikkain-nayttelija-vastaus-yllattaa\/1896154\" rel=\"nofollow noopener\" target=\"_blank\"><\/p>\n<p>\nYll\u00e4tt\u00e4v\u00e4 nimi\n<\/p>\n<p class=\"section-date\">\n        <strong class=\"article-section\" data-section=\"katso\"><br \/>\n            katso<br \/>\n        <\/strong><br \/>\n        11.8. 16:45\n    <\/p>\n<p>    Kuka on maailman rikkain n\u00e4yttelij\u00e4? Vastaus yll\u00e4tt\u00e4\u00e4<\/p>\n<p itemprop=\"description\" class=\"subtitle \">\n    Maailman \u00e4veri\u00e4imm\u00e4n n\u00e4yttelij\u00e4n varallisuus on noin 12 miljardia dollaria.\n<\/p>\n<p>        <\/a><\/p>\n<p class=\"article-content article-content-width !bg-background\">Poliisi on valmis lopettamaan tutkinnan, sill\u00e4 todisteita ja ep\u00e4iltyj\u00e4 ei ole l\u00f6ytynyt. Iso\u00e4iti Isabel ei kuitenkaan anna periksi. H\u00e4n on valmis turvautumaan raakoihin otteisiin saadakseen totuuden selville. Pian mummo onkin kostoretkell\u00e4.<\/p>\n<p>Korvamadot saavat k-pop-k\u00e4sittelynKpoppedApple tv+, PE 29.8.<\/p>\n<p class=\"article-content article-content-width !bg-background\">L\u00e4nsimaiset t\u00e4hdet ja hitit yhdistet\u00e4\u00e4n korealaiseen k-popiin uudessa musiikkiohjelmassa. Kahdeksanosaisen sarjan t\u00e4htivieraisiin lukeutuvat muun muassa Spice Girlsin  ja , ,  ja .\u00a0<\/p>\n<p>                <img decoding=\"async\" src=\"https:\/\/www.europesays.com\/fi\/wp-content\/uploads\/2025\/08\/1897555.webp\" width=\"576\" height=\"533\" alt=\"PSY ja Megan Thee Stallion n\u00e4hd\u00e4\u00e4n Kpopped-sarjassa.\" loading=\"lazy\" \/>            <\/p>\n<p>\n            PSY ja Megan Thee Stallion n\u00e4hd\u00e4\u00e4n Kpopped-sarjassa.<br \/>\n            Apple tv+\n        <\/p>\n<p>        <a itemprop=\"url\" href=\"https:\/\/www.seiska.fi\/katso\/hollywood-tahti-perheineen-oli-kuolla-jarkyttavalla-tavalla\/1895575\" rel=\"nofollow noopener\" target=\"_blank\"><\/p>\n<p>\nHollywood-t\u00e4hti\n<\/p>\n<p class=\"section-date\">\n        <strong class=\"article-section\" data-section=\"katso\"><br \/>\n            katso<br \/>\n        <\/strong><br \/>\n        11.8. 13:45\n    <\/p>\n<p>    Hollywood-t\u00e4hti perheineen oli kuolla j\u00e4rkytt\u00e4v\u00e4ll\u00e4 tavalla<\/p>\n<p itemprop=\"description\" class=\"subtitle \">\n    Leffat\u00e4hden perhe joutui hengenvaaraan vuokram\u00f6kiss\u00e4.\n<\/p>\n<p>        <\/a><\/p>\n<p class=\"article-content article-content-width !bg-background\">Uudet k-pop-versiot tehd\u00e4\u00e4n muun muassa sellaisista hiteist\u00e4 kuin Wannabe, Ice Ice Baby, Can\u2019t Get You Out of My Head ja Karma Chameleon. Ohjelman tuottajiin lukeutuu musiikkilegenda .<\/p>\n<p>Nimet\u00f6n vainoaja ottaa teinit kohteekseenUnknown Number: The High School CatfishNetflix, PE 29.8.<\/p>\n<p class=\"article-content article-content-width !bg-background\">Dokumentti kertoo er\u00e4\u00e4n vainoamistapauksen tarinan. Tuntemattomasta numerosta tulevat viestit piinaavat kuukausien ajan teinitytt\u00f6\u00e4 ja h\u00e4nen poikayst\u00e4v\u00e4\u00e4ns\u00e4. Kuka voi olla mauttoman ja ilke\u00e4mielisen kiusaamisen takana?\u00a0<\/p>\n<p>                <img decoding=\"async\" src=\"https:\/\/www.europesays.com\/fi\/wp-content\/uploads\/2025\/08\/1897560.webp\" width=\"576\" height=\"269\" alt=\"Teinitytt\u00f6 saa viestej\u00e4 vainoajalta.\" loading=\"lazy\" \/>            <\/p>\n<p>\n            Teinitytt\u00f6 saa viestej\u00e4 vainoajalta.<br \/>\n            Netflix\n        <\/p>\n<p class=\"article-content article-content-width !bg-background\">Kun h\u00e4irint\u00e4tutkinta etenee, paljastavat viranomaiset j\u00e4rkytt\u00e4v\u00e4n salaisuuden. Paljastus k\u00e4\u00e4nt\u00e4\u00e4 p\u00e4\u00e4laelleen kaiken sen, mist\u00e4 tapauksessa vaikutti olevan kyse.<\/p>\n<p>        <a itemprop=\"url\" href=\"https:\/\/www.seiska.fi\/katso\/nama-nayttelijat-ohjaaja-steven-spielberg-nimeaa-hollywoodin-parhaiksi\/1892579\" rel=\"nofollow noopener\" target=\"_blank\"><\/p>\n<p>\nSteven Spielberg\n<\/p>\n<p class=\"section-date\">\n        <strong class=\"article-section\" data-section=\"katso\"><br \/>\n            katso<br \/>\n        <\/strong><br \/>\n        10.8. 13:15\n    <\/p>\n<p>    N\u00e4m\u00e4 n\u00e4yttelij\u00e4t ohjaaja Steven Spielberg nime\u00e4\u00e4 Hollywoodin parhaiksi<\/p>\n<p itemprop=\"description\" class=\"subtitle \">\n    Luotton\u00e4yttelij\u00e4t loistavat listalla poissaolollaan.\n<\/p>\n<p>        <\/a><\/p>\n","protected":false},"excerpt":{"rendered":"Netflix Elokuun viimeisell\u00e4 viikolla suoratoistopalvelut tarjoavat monipuolisen kattauksen rikoksia kultary\u00f6st\u00f6st\u00e4 murhiin. Suoratoistopalvelujen tarjonnassa on nyt paljon rikoksia niin&hellip;\n","protected":false},"author":2,"featured_media":14255,"comment_status":"","ping_status":"","sticky":false,"template":"","format":"standard","meta":{"footnotes":""},"categories":[131],"tags":[5097,309,298,155,137,33,173,31,30,280,4662,172,217,2295,175,5769,5709,2158,341,32,370,109,913],"class_list":{"0":"post-14254","1":"post","2":"type-post","3":"status-publish","4":"format-standard","5":"has-post-thumbnail","7":"category-elokuvat","8":"tag-apple-tv","9":"tag-britbox","10":"tag-disney","11":"tag-elokuvat","12":"tag-entertainment","13":"tag-fi","14":"tag-film","15":"tag-finland","16":"tag-finnish","17":"tag-hbo-max","18":"tag-helen-mirren","19":"tag-movies","20":"tag-netflix","21":"tag-pierce-brosnan","22":"tag-prime-video","23":"tag-richard-osman","24":"tag-rikoselokuvat","25":"tag-ruutu","26":"tag-skyshowtime","27":"tag-suomi","28":"tag-viaplay","29":"tag-viihde","30":"tag-yle-areena"},"share_on_mastodon":{"url":"","error":""},"_links":{"self":[{"href":"https:\/\/www.europesays.com\/fi\/wp-json\/wp\/v2\/posts\/14254","targetHints":{"allow":["GET"]}}],"collection":[{"href":"https:\/\/www.europesays.com\/fi\/wp-json\/wp\/v2\/posts"}],"about":[{"href":"https:\/\/www.europesays.com\/fi\/wp-json\/wp\/v2\/types\/post"}],"author":[{"embeddable":true,"href":"https:\/\/www.europesays.com\/fi\/wp-json\/wp\/v2\/users\/2"}],"replies":[{"embeddable":true,"href":"https:\/\/www.europesays.com\/fi\/wp-json\/wp\/v2\/comments?post=14254"}],"version-history":[{"count":0,"href":"https:\/\/www.europesays.com\/fi\/wp-json\/wp\/v2\/posts\/14254\/revisions"}],"wp:featuredmedia":[{"embeddable":true,"href":"https:\/\/www.europesays.com\/fi\/wp-json\/wp\/v2\/media\/14255"}],"wp:attachment":[{"href":"https:\/\/www.europesays.com\/fi\/wp-json\/wp\/v2\/media?parent=14254"}],"wp:term":[{"taxonomy":"category","embeddable":true,"href":"https:\/\/www.europesays.com\/fi\/wp-json\/wp\/v2\/categories?post=14254"},{"taxonomy":"post_tag","embeddable":true,"href":"https:\/\/www.europesays.com\/fi\/wp-json\/wp\/v2\/tags?post=14254"}],"curies":[{"name":"wp","href":"https:\/\/api.w.org\/{rel}","templated":true}]}}