{"id":142543,"date":"2026-01-15T00:48:15","date_gmt":"2026-01-15T00:48:15","guid":{"rendered":"https:\/\/www.europesays.com\/fi\/142543\/"},"modified":"2026-01-15T00:48:15","modified_gmt":"2026-01-15T00:48:15","slug":"poliisit-24-7-katso-avausjakso-ilmaiseksi-ilta-sanomat","status":"publish","type":"post","link":"https:\/\/www.europesays.com\/fi\/142543\/","title":{"rendered":"Poliisit 24\/7: katso avausjakso ilmaiseksi &#8211; Ilta-Sanomat"},"content":{"rendered":"<ol>\n<li><a href=\"https:\/\/news.google.com\/rss\/articles\/CBMiZkFVX3lxTE1wTkduQXRqTlZKcmI4WkRxNWZZZU15czVWc25GbndLQlY0TVA0Qk9Za1VGd1UzTTFZRmRHdWcyNE1iWHJNWkNGcHR2NkFEYUJFeWZTaFpOX1lwVUJ2aTJMSFZENzBGdw?oc=5\" target=\"_blank\" rel=\"nofollow noopener\">Poliisit 24\/7: katso avausjakso ilmaiseksi<\/a>&nbsp;&nbsp;Ilta-Sanomat<\/li>\n<li><a href=\"https:\/\/news.google.com\/rss\/articles\/CBMiggFBVV95cUxPMEt2UlFXc0lMVER5dERMbk1lajd0SUJXQkYyNGQxMHR6WEVxNXh1amljUnVMUzU4T0puQkhOMkxqTXdYRUdiSHlyaHRMVFBZTFZOQXhyeXFEWk5nZ3hJdnBBT1RhTE9DcXBpQTMxRlUxRE50bk5rR0owNmhvYTN4R1RR?oc=5\" target=\"_blank\" rel=\"nofollow noopener\">T\u00e4n\u00e4\u00e4n tv:ss\u00e4: Mies uhkailee poliisia \u2013 \u201dJos n\u00e4emme siviiliss\u00e4\u2026\u201d<\/a>&nbsp;&nbsp;Iltalehti<\/li>\n<li><a href=\"https:\/\/news.google.com\/rss\/articles\/CBMiX0FVX3lxTE1HQTZMWE1hRzFhOVlIZXRFbGd1OEpmMzVSaDB6cmh6Q1ZPb3pvTXhCTU5MX0cyX0U3Y3V0STRET0JDTWlNTVFaRFFUOF9BdEVWUkFUOE5Bd1F5ejBaTG5R?oc=5\" target=\"_blank\" rel=\"nofollow noopener\">Televisioarvio | Poliisit 24\/7 -sarja on kuin rekrytointivideo poliisin rankkaan ammattiin<\/a>&nbsp;&nbsp;HS.fi<\/li>\n<li><a href=\"https:\/\/news.google.com\/rss\/articles\/CBMi3wFBVV95cUxNdUs2YjRuM0NueHIwSjBXYUFvRVhkWl9QT3RuaXdUbDk0V2o3ZGRsUEpDQlpKSThESWkxU0lwQnpvTHpFWWdtNjZIYU1kQTN1OWRfYnpscVo4MDFTWV9TaXNYUjRSVFk0X2J0ZmRVdzVsVGVvMndwRG5pMHMyNVN5M0M0MXZuNVlKcHVTZmktOWVlLXBvR3FFVUtCaEZzYk43b0g2QlB2bFc0NUJtOHU4TThpbXROeDlZX0w2VTdLWWUwdmktMVA5bWpUQm5SSUtRQ2lvaEJDazJBRThrT3lZ?oc=5\" target=\"_blank\" rel=\"nofollow noopener\">Poliisit-seurantareality palaa ruutuun uudella Poliisit 24\/7 -nimell\u00e4<\/a>&nbsp;&nbsp;Seura.fi<\/li>\n<li><a href=\"https:\/\/news.google.com\/rss\/articles\/CBMijgFBVV95cUxNUi1BMGFVajloOHMzMkU2R0FuYmVSRVMwX25rcE1aNktTV2IwYzlyUWZpT0dwZTduV21abFBlaXIxZHFtZVRCSXBRSG1pX0w0TnlFYUZHd2NXTS01cXNtYnF2blZqTVdPdFQ0cXdPQUxFSmtqeDVkVjlSaDVnSlV1TU1Rb0lyc1dkdlozSWxR?oc=5\" target=\"_blank\" rel=\"nofollow noopener\">Poliisit-sarjassa raju takaa-ajo \u2013 j\u00e4rkytt\u00e4v\u00e4 l\u00f6yt\u00f6<\/a>&nbsp;&nbsp;Seiska.fi<\/li>\n<\/ol>\n","protected":false},"excerpt":{"rendered":"Poliisit 24\/7: katso avausjakso ilmaiseksi&nbsp;&nbsp;Ilta-Sanomat T\u00e4n\u00e4\u00e4n tv:ss\u00e4: Mies uhkailee poliisia \u2013 \u201dJos n\u00e4emme siviiliss\u00e4\u2026\u201d&nbsp;&nbsp;Iltalehti Televisioarvio | Poliisit 24\/7&hellip;\n","protected":false},"author":2,"featured_media":142544,"comment_status":"","ping_status":"","sticky":false,"template":"","format":"standard","meta":{"footnotes":""},"categories":[130],"tags":[137,33,31,30,34,32,109],"class_list":{"0":"post-142543","1":"post","2":"type-post","3":"status-publish","4":"format-standard","5":"has-post-thumbnail","7":"category-viihde","8":"tag-entertainment","9":"tag-fi","10":"tag-finland","11":"tag-finnish","12":"tag-ilta-sanomat","13":"tag-suomi","14":"tag-viihde"},"share_on_mastodon":{"url":"https:\/\/pubeurope.com\/@fi\/115896366023559957","error":""},"_links":{"self":[{"href":"https:\/\/www.europesays.com\/fi\/wp-json\/wp\/v2\/posts\/142543","targetHints":{"allow":["GET"]}}],"collection":[{"href":"https:\/\/www.europesays.com\/fi\/wp-json\/wp\/v2\/posts"}],"about":[{"href":"https:\/\/www.europesays.com\/fi\/wp-json\/wp\/v2\/types\/post"}],"author":[{"embeddable":true,"href":"https:\/\/www.europesays.com\/fi\/wp-json\/wp\/v2\/users\/2"}],"replies":[{"embeddable":true,"href":"https:\/\/www.europesays.com\/fi\/wp-json\/wp\/v2\/comments?post=142543"}],"version-history":[{"count":0,"href":"https:\/\/www.europesays.com\/fi\/wp-json\/wp\/v2\/posts\/142543\/revisions"}],"wp:featuredmedia":[{"embeddable":true,"href":"https:\/\/www.europesays.com\/fi\/wp-json\/wp\/v2\/media\/142544"}],"wp:attachment":[{"href":"https:\/\/www.europesays.com\/fi\/wp-json\/wp\/v2\/media?parent=142543"}],"wp:term":[{"taxonomy":"category","embeddable":true,"href":"https:\/\/www.europesays.com\/fi\/wp-json\/wp\/v2\/categories?post=142543"},{"taxonomy":"post_tag","embeddable":true,"href":"https:\/\/www.europesays.com\/fi\/wp-json\/wp\/v2\/tags?post=142543"}],"curies":[{"name":"wp","href":"https:\/\/api.w.org\/{rel}","templated":true}]}}