{"id":142548,"date":"2026-01-15T00:53:24","date_gmt":"2026-01-15T00:53:24","guid":{"rendered":"https:\/\/www.europesays.com\/fi\/142548\/"},"modified":"2026-01-15T00:53:24","modified_gmt":"2026-01-15T00:53:24","slug":"yritysjohtaja-kovisteli-mopopoikia-mika-kuvattiin-youtubeen-tuomio-tuli","status":"publish","type":"post","link":"https:\/\/www.europesays.com\/fi\/142548\/","title":{"rendered":"Yritysjohtaja kovisteli mopopoikia, mik\u00e4 kuvattiin Youtubeen \u2013 Tuomio tuli"},"content":{"rendered":"<p>Tuomiot|K\u00e4r\u00e4j\u00e4oikeus tuomitsi noin 50-vuotiaan miehen yksityisel\u00e4m\u00e4\u00e4 loukkaavasta tiedon levitt\u00e4misest\u00e4.<\/p>\n<p>14.1. 19:15<\/p>\n<p>Lue tiivistelm\u00e4<\/p>\n<p class=\"article-body mb-nof-24 px-nof-16 sndp-summary-bullet-point-font\">L\u00e4nsi-Uudenmaan k\u00e4r\u00e4j\u00e4oikeus tuomitsi noin 50-vuotiaan miehen yksityisel\u00e4m\u00e4\u00e4 loukkaavasta tiedon levitt\u00e4misest\u00e4.<\/p>\n<p class=\"article-body mb-nof-24 px-nof-16 sndp-summary-bullet-point-font\">Tuomittu latasi Youtubeen toistuvasti videon miehest\u00e4, joka esiintyi videolla kiroilevana ja v\u00e4itti olevansa poliisi.<\/p>\n<p class=\"article-body mb-nof-24 px-nof-16 sndp-summary-bullet-point-font\">Oikeus katsoi, ett\u00e4 videoiden jakaminen aiheutti uhrille k\u00e4rsimyst\u00e4 ja vahinkoa.<\/p>\n<p class=\"article-body mb-nof-24 px-nof-16 sndp-summary-bullet-point-font\">Noin 50-vuotias tuomittiin 40 p\u00e4iv\u00e4sakkoon eli noin 560 euroon sek\u00e4 maksamaan uhrille 700 euroa korvauksena k\u00e4rsimyksest\u00e4.<\/p>\n<p class=\"article-body mb-nof-24 px-nof-16\">Keski-ik\u00e4inen mies piinasi julkisuuden henkil\u00f6n\u00e4 pit\u00e4m\u00e4\u00e4ns\u00e4 yritysjohtajaa lataamalla t\u00e4st\u00e4 videon lukuisia kertoja Youtube-palveluun.<\/p>\n<p class=\"article-body mb-nof-24 px-nof-16\">Videolla tuohtunut ja kiroileva mies nuhtelee kahta mopopoikaa. H\u00e4n esiintyy poliisina ja k\u00e4skytt\u00e4\u00e4 videota kuvannutta poikaa antamaan mopon avaimet.<\/p>\n<p class=\"article-body mb-nof-24 px-nof-16\">Videon levi\u00e4misest\u00e4 sosiaalisessa mediassa uutisoi kes\u00e4ll\u00e4 2022 muun muassa <a class=\"underline underline-offset-[0.12em] [text-decoration-thickness:var(--generic-link-underline-thickness)] [text-decoration-color:var(--generic-link-underline-color)] [text-decoration-skip-ink:var(--generic-link-underline-skip-ink)] break-words\" href=\"https:\/\/www.iltalehti.fi\/kotimaa\/a\/992100be-49a0-435d-9633-fe34313684b0\" rel=\"nofollow noopener\" target=\"_blank\">Iltalehti<\/a>. Jutussa kuvaillaan videon miest\u00e4 \u201dr\u00e4yh\u00e4\u00e4v\u00e4ksi mersumieheksi\u201d.<\/p>\n<p class=\"article-body mb-nof-24 px-nof-16\">Rikoksen uhrin eli \u201dr\u00e4yh\u00e4\u00e4v\u00e4n mersumiehen\u201d mukaan video kuvattiin salaa. Video julkaistiin Tiktok-palvelussa kolme p\u00e4iv\u00e4\u00e4 tapahtuman j\u00e4lkeen ja poistettiin sielt\u00e4 nopeasti, mutta pian se ilmestyi videopalvelu Youtubeen.<\/p>\n<p class=\"article-body mb-nof-24 px-nof-16\">Asiaa k\u00e4siteltiin L\u00e4nsi-Uudenmaan k\u00e4r\u00e4j\u00e4oikeudessa maanantaina.<\/p>\n<p class=\"article-body mb-nof-24 px-nof-16\">Syytt\u00e4j\u00e4 haki tuomiota ensisijaisesti vainoamisesta ja toissijaisesti kunnianloukkauksesta tai yksityisel\u00e4m\u00e4\u00e4 loukkaavasta tiedon levitt\u00e4misest\u00e4. Tuomio tuli lopulta viimeisen\u00e4 mainitusta.<\/p>\n<p class=\"article-body mb-nof-24 px-nof-16\">Teot tapahtuivat Espoossa kes\u00e4\u2013lokakuussa vuonna 2022. Tuona aikana noin 50-vuotias mies latasi Tiktokista kopioimansa videon sellaisenaan Youtubeen useita kertoja. Aina kun uhri pyysi Youtubea poistamaan videon, mies latasi videon palveluun uudelleen. Videoiden yhteydess\u00e4 kerrottiin uhrin nimi ja t\u00e4m\u00e4n edustama yritys.<\/p>\n<p class=\"article-body mb-nof-24 px-nof-16\">Uhri kertoi oikeudelle pel\u00e4nneens\u00e4 videon levitt\u00e4misen vuoksi oman ja perheens\u00e4 turvallisuuden puolesta. <\/p>\n<p class=\"article-body mb-nof-24 px-nof-16\">Tuomittu kiisti rikoksen. H\u00e4n kertoi ladanneensa videon, sill\u00e4 h\u00e4n piti poliisina esiintymist\u00e4 yhteiskunnallisesti moitittavana.<\/p>\n<p class=\"article-body mb-nof-24 px-nof-16\">H\u00e4n kertoi oikeudelle olleensa siin\u00e4 uskossa, ett\u00e4 h\u00e4nell\u00e4 oli oikeus julkaista julkisella paikalla kuvatut videot. Mies vetosi my\u00f6s siihen, ett\u00e4 \u201dvastaavia videoita julkaistaan p\u00e4ivitt\u00e4in p\u00e4iv\u00e4lehdiss\u00e4\u201d.<\/p>\n<p class=\"article-body mb-nof-24 px-nof-16\">Uhrin mukaan h\u00e4nt\u00e4 ei kuitenkaan tunnista iltap\u00e4iv\u00e4lehdess\u00e4 julkaistusta videoversiosta.<\/p>\n<p class=\"article-body mb-nof-24 px-nof-16\">Lis\u00e4ksi mies vetosi siihen, ett\u00e4 uhria voidaan pit\u00e4\u00e4 julkisuuden henkil\u00f6n\u00e4. H\u00e4nen mukaansa t\u00e4m\u00e4 oli julkaissut tiedot ty\u00f6paikoistaan itse.<\/p>\n<p class=\"article-body mb-nof-24 px-nof-16\">Julkisuusaspektin k\u00e4sitteleminen on oleellista siksi, ett\u00e4 <a class=\"underline underline-offset-[0.12em] [text-decoration-thickness:var(--generic-link-underline-thickness)] [text-decoration-color:var(--generic-link-underline-color)] [text-decoration-skip-ink:var(--generic-link-underline-skip-ink)] break-words\" href=\"https:\/\/www.finlex.fi\/fi\/lainsaadanto\/1889\/39-001#chp_24__sec_8\" rel=\"nofollow noopener\" target=\"_blank\">lain<\/a> mukaan muun muassa politiikassa, elinkeinoel\u00e4m\u00e4ss\u00e4 tai julkisessa virassa toimivasta tiedon kertominen ei ole rikos. T\u00e4m\u00e4 edellytt\u00e4\u00e4, ett\u00e4 tieto voi vaikuttaa henkil\u00f6n toiminnan arviointiin yhteiskunnallisesti merkitt\u00e4v\u00e4n asian k\u00e4sittelemiseksi.<\/p>\n<p class=\"article-body mb-nof-24 px-nof-16\">Oikeus linjasi, ettei rikoksen uhrin ole n\u00e4ytetty olevan julkisuuden henkil\u00f6. Vaikka uhri on esiintynyt esimerkiksi haastatteluissa, televisiossa ja podcasteissa, ei h\u00e4nen ole osoitettu tuoneen yksityisel\u00e4m\u00e4\u00e4ns\u00e4 julkisuuteen.<\/p>\n<p class=\"article-body mb-nof-24 px-nof-16\">Oikeuden mukaan videon lataaminen nimitietojen saatteella tuhansien katsottavaksi t\u00e4ytt\u00e4\u00e4 yksityisel\u00e4m\u00e4\u00e4 loukkaavan tiedon levitt\u00e4misen tunnusmerkist\u00f6n.<\/p>\n<p class=\"article-body mb-nof-24 px-nof-16\">Yksityisel\u00e4m\u00e4n piiriin kuuluvat etup\u00e4\u00e4ss\u00e4 arkaluonteiset tiedot henkil\u00f6n perhe-el\u00e4m\u00e4st\u00e4, vapaa-ajan k\u00e4yt\u00f6st\u00e4, terveydest\u00e4 ja ihmissuhteista. T\u00e4ss\u00e4 tapauksessa oikeus totesi, ettei uhrista ole levitetty erityisen arkaluontoista tietoa.<\/p>\n<p class=\"article-body mb-nof-24 px-nof-16\">Oikeuden mukaan asiaa ei muuta se, ett\u00e4 uhri k\u00e4ytt\u00e4ytyi tilanteessa ep\u00e4asiallisesti eik\u00e4 se, ett\u00e4 video on kuvattu julkisella paikalla. Videon toistuva julkaiseminen aiheutti uhrille k\u00e4rsimyst\u00e4, vahinkoa ja halveksuntaa, oikeus katsoi.<\/p>\n<p class=\"article-body mb-nof-24 px-nof-16\">It\u00e4-Suomen yliopiston emeritusprofessori <a class=\"font-bold underline-offset-[0.12em] [text-decoration:var(--person-link-text-decoration)] ![text-decoration-color:var(--person-link-text-decoration-color)]\" href=\"https:\/\/www.hs.fi\/haku\/?query=Matti%20Tolvanen\" rel=\"nofollow noopener\" target=\"_blank\">Matti Tolvanen<\/a> ei ole aiemmin t\u00f6rm\u00e4nnyt vastaavaan tapaukseen. Yleens\u00e4 itse videot ovat uhria loukkaavia tai n\u00f6yryytt\u00e4vi\u00e4.<\/p>\n<p class=\"article-body mb-nof-24 px-nof-16\">\u201dEn muista tapausta, jossa nimen julkaiseminen olisi johtanut tuomioon\u201d, h\u00e4n sanoo.<\/p>\n<p class=\"article-body mb-nof-24 px-nof-16\">\u201dRajatapaus t\u00e4m\u00e4 varmasti on. N\u00e4ytt\u00f6 on selv\u00e4\u00e4, eli kyse on oikeudellisesta arvioinnista.\u201d<\/p>\n<p class=\"article-body mb-nof-24 px-nof-16\">Oikeus tuomitsi noin 50-vuotiaan miehen 40 p\u00e4iv\u00e4sakkoon. Miehen tuloilla t\u00e4m\u00e4 on noin 560 euroa. Lis\u00e4ksi mies m\u00e4\u00e4r\u00e4ttiin maksamaan k\u00e4rsimyksest\u00e4 uhrille 700 euroa.<\/p>\n<p class=\"article-body mb-nof-24 px-nof-16\">Tuomio ei ole lainvoimainen.<\/p>\n","protected":false},"excerpt":{"rendered":"Tuomiot|K\u00e4r\u00e4j\u00e4oikeus tuomitsi noin 50-vuotiaan miehen yksityisel\u00e4m\u00e4\u00e4 loukkaavasta tiedon levitt\u00e4misest\u00e4. 14.1. 19:15 Lue tiivistelm\u00e4 L\u00e4nsi-Uudenmaan k\u00e4r\u00e4j\u00e4oikeus tuomitsi noin 50-vuotiaan&hellip;\n","protected":false},"author":2,"featured_media":96697,"comment_status":"","ping_status":"","sticky":false,"template":"","format":"standard","meta":{"footnotes":""},"categories":[12],"tags":[22,23,26,27,33,31,30,17,46,24,25,28,29,15,18,21,32,19,20,16],"class_list":{"0":"post-142548","1":"post","2":"type-post","3":"status-publish","4":"format-standard","5":"has-post-thumbnail","7":"category-suomi","8":"tag-breaking-news","9":"tag-breakingnews","10":"tag-featured-news","11":"tag-featurednews","12":"tag-fi","13":"tag-finland","14":"tag-finnish","15":"tag-headlines","16":"tag-helsingin-sanomat","17":"tag-latest-news","18":"tag-latestnews","19":"tag-main-news","20":"tag-mainnews","21":"tag-news","22":"tag-otsikot","23":"tag-paauutiset","24":"tag-suomi","25":"tag-top-stories","26":"tag-topstories","27":"tag-uutiset"},"share_on_mastodon":{"url":"https:\/\/pubeurope.com\/@fi\/115896386004269509","error":""},"_links":{"self":[{"href":"https:\/\/www.europesays.com\/fi\/wp-json\/wp\/v2\/posts\/142548","targetHints":{"allow":["GET"]}}],"collection":[{"href":"https:\/\/www.europesays.com\/fi\/wp-json\/wp\/v2\/posts"}],"about":[{"href":"https:\/\/www.europesays.com\/fi\/wp-json\/wp\/v2\/types\/post"}],"author":[{"embeddable":true,"href":"https:\/\/www.europesays.com\/fi\/wp-json\/wp\/v2\/users\/2"}],"replies":[{"embeddable":true,"href":"https:\/\/www.europesays.com\/fi\/wp-json\/wp\/v2\/comments?post=142548"}],"version-history":[{"count":0,"href":"https:\/\/www.europesays.com\/fi\/wp-json\/wp\/v2\/posts\/142548\/revisions"}],"wp:featuredmedia":[{"embeddable":true,"href":"https:\/\/www.europesays.com\/fi\/wp-json\/wp\/v2\/media\/96697"}],"wp:attachment":[{"href":"https:\/\/www.europesays.com\/fi\/wp-json\/wp\/v2\/media?parent=142548"}],"wp:term":[{"taxonomy":"category","embeddable":true,"href":"https:\/\/www.europesays.com\/fi\/wp-json\/wp\/v2\/categories?post=142548"},{"taxonomy":"post_tag","embeddable":true,"href":"https:\/\/www.europesays.com\/fi\/wp-json\/wp\/v2\/tags?post=142548"}],"curies":[{"name":"wp","href":"https:\/\/api.w.org\/{rel}","templated":true}]}}