{"id":142549,"date":"2026-01-15T00:54:15","date_gmt":"2026-01-15T00:54:15","guid":{"rendered":"https:\/\/www.europesays.com\/fi\/142549\/"},"modified":"2026-01-15T00:54:15","modified_gmt":"2026-01-15T00:54:15","slug":"kiekko-espoolle-lisaa-lunta-tupaan-hs-fi","status":"publish","type":"post","link":"https:\/\/www.europesays.com\/fi\/142549\/","title":{"rendered":"Kiekko-Espoolle lis\u00e4\u00e4 lunta tupaan | HS.fi"},"content":{"rendered":"<p>J\u00e4\u00e4kiekko|Kiekko-Espoon ahdinko jatkui SM-liigassa. Espoolaisten kotiottelun katsomossa oli my\u00f6s paljon tyhj\u00e4\u00e4.<\/p>\n<p>14.1. 21:04<\/p>\n<p class=\"article-body mb-nof-24 px-nof-16\">Kiekko-Espoo jatkoi keskiviikkona taistoaan j\u00e4\u00e4kiekon SM-liigan pudotuspelipaikasta kotiottelussaan Kalevan Palloa vastaan.<\/p>\n<p class=\"article-body mb-nof-24 px-nof-16\">Lopulta puolustava SM-liigan mestari KalPa voitti pelin jatkoajalla 2\u20131 (0\u20130, 0\u20131, 1\u20130, 1\u20130).<\/p>\n<p class=\"article-body mb-nof-24 px-nof-16\">Vierasjoukkueen sankari oli t\u00e4htihy\u00f6kk\u00e4\u00e4j\u00e4 <a class=\"font-bold underline-offset-[0.12em] [text-decoration:var(--person-link-text-decoration)] ![text-decoration-color:var(--person-link-text-decoration-color)]\" href=\"https:\/\/www.hs.fi\/haku\/?query=Teemu%20Hartikainen\" rel=\"nofollow noopener\" target=\"_blank\">Teemu Hartikainen<\/a>, joka ratkaisi ottelun upealla maalillaan. Hartikainen piti ja suojasi tyypilliseen tapaansa kiekkoa hy\u00f6kk\u00e4ysp\u00e4\u00e4ss\u00e4 ja sivalsi lopulta kumilaatan p\u00f6mpeliin.<\/p>\n<p class=\"article-body mb-nof-24 px-nof-16\">\u201dYritin imaista kaksi vastustajan j\u00e4tk\u00e4\u00e4 itseeni, jotta p\u00e4\u00e4sisin sy\u00f6tt\u00e4m\u00e4\u00e4n. K-Espoon pelaajat kuitenkin seurasivat hyvin tilanteessa ja sitten ajattelin, ettei en\u00e4\u00e4 jaksa py\u00f6ri\u00e4 maalia ymp\u00e4ri \u2013 ett\u00e4 pit\u00e4\u00e4 jo laukoa. Onneksi meni maaliin\u201d, Hartikainen sanoi MTV:lle.<\/p>\n<p class=\"article-body mb-nof-24 px-nof-16\">Kiekko-Espoolle tappio oli nelj\u00e4s per\u00e4j\u00e4lkeen. KalPalle voitto oli puolestaan kolmas per\u00e4tt\u00e4inen.<\/p>\n<p class=\"article-body mb-nof-24 px-nof-16\">Melko tasaisessa avauser\u00e4ss\u00e4 Kiekko-Espoolla oli tilaisuutensa maaliin vastahy\u00f6kk\u00e4yksist\u00e4, mutta KalPan maalivahti <a class=\"font-bold underline-offset-[0.12em] [text-decoration:var(--person-link-text-decoration)] ![text-decoration-color:var(--person-link-text-decoration-color)]\" href=\"https:\/\/www.hs.fi\/haku\/?query=Stefanos%20Lekkas\" rel=\"nofollow noopener\" target=\"_blank\">Stefanos Lekkas<\/a> torjui n\u00e4ytt\u00e4v\u00e4sti. Kaukalon toisessa p\u00e4\u00e4ss\u00e4 KalPan t\u00e4hdet Hartikainen ja <a class=\"font-bold underline-offset-[0.12em] [text-decoration:var(--person-link-text-decoration)] ![text-decoration-color:var(--person-link-text-decoration-color)]\" href=\"https:\/\/www.hs.fi\/haku\/?query=Juuso%20M%C3%A4enp%C3%A4%C3%A4\" rel=\"nofollow noopener\" target=\"_blank\">Juuso M\u00e4enp\u00e4\u00e4<\/a> h\u00e4\u00e4riv\u00e4t kotijoukkueen harmina, mutta maaleja ei viel\u00e4 tuolloin n\u00e4hty.<\/p>\n<p class=\"article-body mb-nof-24 px-nof-16\">Ottelun avausmaali tuli toisen er\u00e4n alkupuoliskolla, kun KalPa uinahti hy\u00f6kk\u00e4ysp\u00e4\u00e4ss\u00e4\u00e4n aloituksen j\u00e4lkeen ja Kiekko-Espoo karkasi ylivoimahy\u00f6kk\u00e4ykseen. Puolustaja <a class=\"font-bold underline-offset-[0.12em] [text-decoration:var(--person-link-text-decoration)] ![text-decoration-color:var(--person-link-text-decoration-color)]\" href=\"https:\/\/www.hs.fi\/haku\/?query=Miro%20Keskitalo\" rel=\"nofollow noopener\" target=\"_blank\">Miro Keskitalo<\/a> napautti sy\u00f6tt\u00f6ketjun p\u00e4\u00e4tteeksi kotijoukkueen 1\u20130-johtoon.<\/p>\n<p class=\"article-body mb-nof-24 px-nof-16\">Maaleja olisi voitu n\u00e4hd\u00e4 toisessa er\u00e4ss\u00e4 enemm\u00e4nkin, mutta KalPan maalivahti Lekkas jatkoi hyvi\u00e4 otteitaan. Vierasjoukkueen tehottomasti junnannut ylivoimapeli oli my\u00f6s yksi syy tehottomuuteen.<\/p>\n<p class=\"article-body mb-nof-24 px-nof-16\">Kiekko-Espoon kokenut hy\u00f6kk\u00e4\u00e4j\u00e4 <a class=\"font-bold underline-offset-[0.12em] [text-decoration:var(--person-link-text-decoration)] ![text-decoration-color:var(--person-link-text-decoration-color)]\" href=\"https:\/\/www.hs.fi\/haku\/?query=Tomi%20Sallinen\" rel=\"nofollow noopener\" target=\"_blank\">Tomi Sallinen<\/a> poistui tuskissaan pukukoppiin pelin toisessa er\u00e4ss\u00e4 kontaktitilanteen j\u00e4lkeen.<\/p>\n<p class=\"article-body mb-nof-24 px-nof-16\">Ottelun kolmannen er\u00e4n lopulla KalPan <a class=\"font-bold underline-offset-[0.12em] [text-decoration:var(--person-link-text-decoration)] ![text-decoration-color:var(--person-link-text-decoration-color)]\" href=\"https:\/\/www.hs.fi\/haku\/?query=Patrick%20Curry\" rel=\"nofollow noopener\" target=\"_blank\">Patrick Curry<\/a> vei maalillaan pelin 1\u20131-tasatilanteeseen <a class=\"font-bold underline-offset-[0.12em] [text-decoration:var(--person-link-text-decoration)] ![text-decoration-color:var(--person-link-text-decoration-color)]\" href=\"https:\/\/www.hs.fi\/haku\/?query=Andreas%20Okanyn\" rel=\"nofollow noopener\" target=\"_blank\">Andreas Okanyn<\/a> l\u00e4piajon j\u00e4lkeisest\u00e4 irtokiekosta. Tilannetta oli upealla sy\u00f6t\u00f6ll\u00e4\u00e4n rakentamassa KalPan puolustaja <a class=\"font-bold underline-offset-[0.12em] [text-decoration:var(--person-link-text-decoration)] ![text-decoration-color:var(--person-link-text-decoration-color)]\" href=\"https:\/\/www.hs.fi\/haku\/?query=Filip%20Westerlund.\" rel=\"nofollow noopener\" target=\"_blank\">Filip Westerlund.<\/a><\/p>\n<p class=\"article-body mb-nof-24 px-nof-16\">Keskiviikon ottelun yleis\u00f6m\u00e4\u00e4r\u00e4ksi ilmoitettiin 3\u202f122. Kiekko-Espoon kotihallin katsomokapasiteetiksi j\u00e4\u00e4kiekko-otteluissa on <a class=\"underline underline-offset-[0.12em] [text-decoration-thickness:var(--generic-link-underline-thickness)] [text-decoration-color:var(--generic-link-underline-color)] [text-decoration-skip-ink:var(--generic-link-underline-skip-ink)] break-words\" href=\"https:\/\/www.metroareena.fi\/arena-2\/\" rel=\"nofollow noopener\" target=\"_blank\">kerrottu<\/a> 6\u202f982.<\/p>\n<p class=\"article-body mb-nof-24 px-nof-16\">Kiekko-Espoo pelaa seuraavaksi perjantaina kotikaukalossaan KooKoota vastaan. KalPa kohtaa perjantaina Lahdessa Pelicansin.<\/p>\n","protected":false},"excerpt":{"rendered":"J\u00e4\u00e4kiekko|Kiekko-Espoon ahdinko jatkui SM-liigassa. Espoolaisten kotiottelun katsomossa oli my\u00f6s paljon tyhj\u00e4\u00e4. 14.1. 21:04 Kiekko-Espoo jatkoi keskiviikkona taistoaan j\u00e4\u00e4kiekon&hellip;\n","protected":false},"author":2,"featured_media":142550,"comment_status":"","ping_status":"","sticky":false,"template":"","format":"standard","meta":{"footnotes":""},"categories":[5],"tags":[22,23,26,27,33,31,30,17,46,24,25,28,29,15,18,21,32,19,20,16],"class_list":{"0":"post-142549","1":"post","2":"type-post","3":"status-publish","4":"format-standard","5":"has-post-thumbnail","7":"category-otsikot","8":"tag-breaking-news","9":"tag-breakingnews","10":"tag-featured-news","11":"tag-featurednews","12":"tag-fi","13":"tag-finland","14":"tag-finnish","15":"tag-headlines","16":"tag-helsingin-sanomat","17":"tag-latest-news","18":"tag-latestnews","19":"tag-main-news","20":"tag-mainnews","21":"tag-news","22":"tag-otsikot","23":"tag-paauutiset","24":"tag-suomi","25":"tag-top-stories","26":"tag-topstories","27":"tag-uutiset"},"share_on_mastodon":{"url":"https:\/\/pubeurope.com\/@fi\/115896389642739030","error":""},"_links":{"self":[{"href":"https:\/\/www.europesays.com\/fi\/wp-json\/wp\/v2\/posts\/142549","targetHints":{"allow":["GET"]}}],"collection":[{"href":"https:\/\/www.europesays.com\/fi\/wp-json\/wp\/v2\/posts"}],"about":[{"href":"https:\/\/www.europesays.com\/fi\/wp-json\/wp\/v2\/types\/post"}],"author":[{"embeddable":true,"href":"https:\/\/www.europesays.com\/fi\/wp-json\/wp\/v2\/users\/2"}],"replies":[{"embeddable":true,"href":"https:\/\/www.europesays.com\/fi\/wp-json\/wp\/v2\/comments?post=142549"}],"version-history":[{"count":0,"href":"https:\/\/www.europesays.com\/fi\/wp-json\/wp\/v2\/posts\/142549\/revisions"}],"wp:featuredmedia":[{"embeddable":true,"href":"https:\/\/www.europesays.com\/fi\/wp-json\/wp\/v2\/media\/142550"}],"wp:attachment":[{"href":"https:\/\/www.europesays.com\/fi\/wp-json\/wp\/v2\/media?parent=142549"}],"wp:term":[{"taxonomy":"category","embeddable":true,"href":"https:\/\/www.europesays.com\/fi\/wp-json\/wp\/v2\/categories?post=142549"},{"taxonomy":"post_tag","embeddable":true,"href":"https:\/\/www.europesays.com\/fi\/wp-json\/wp\/v2\/tags?post=142549"}],"curies":[{"name":"wp","href":"https:\/\/api.w.org\/{rel}","templated":true}]}}