{"id":142551,"date":"2026-01-15T01:07:15","date_gmt":"2026-01-15T01:07:15","guid":{"rendered":"https:\/\/www.europesays.com\/fi\/142551\/"},"modified":"2026-01-15T01:07:15","modified_gmt":"2026-01-15T01:07:15","slug":"elias-salonen-herkistyi-punaisella-matolla","status":"publish","type":"post","link":"https:\/\/www.europesays.com\/fi\/142551\/","title":{"rendered":"Elias Salonen herkistyi punaisella matolla"},"content":{"rendered":"<p><strong class=\"typography-bold\">Elias Salonen n\u00e4yttelee p\u00e4\u00e4roolin Kalevala: Kullervon tarina -elokuvassa.<\/strong><\/p>\n<p><a class=\"underline\" data-testid=\"external-link\" href=\"https:\/\/www.mtvuutiset.fi\/aihe\/antti-jokinen\/2874728\" rel=\"noopener noreferrer nofollow\" data-sentry-component=\"ExternalLink\" data-sentry-source-file=\"ExternalLink.tsx\" target=\"_blank\"><strong class=\"typography-bold\">Antti J. Jokisen<\/strong><\/a>\u00a0ohjaaman\u00a0Kalevala: Kullervon tarina\u00a0-elokuvan kutsuvierasensi-iltaa vietet\u00e4\u00e4n Helsingiss\u00e4 14. tammikuuta.\u00a0<\/p>\n<p>Tapahtumassa median eteen astelivat elokuvan tekij\u00e4t ja n\u00e4yttelij\u00e4t sek\u00e4 joukko tunnettuja kutsuvieraita.\u00a0<\/p>\n<p>Kullervoa elokuvassa n\u00e4yttelev\u00e4 <a class=\"cursor-pointer underline\" data-testid=\"internal-link\" role=\"link\" data-sentry-element=\"Link\" data-sentry-component=\"InternalLink\" data-sentry-source-file=\"InternalLink.tsx\" href=\"https:\/\/www.mtvuutiset.fi\/aihe\/elias-salonen\/9071312\" rel=\"nofollow noopener\" target=\"_blank\"><strong class=\"typography-bold\">Elias Salonen<\/strong><\/a> kertoo MTV uutisille, ett\u00e4 tunnelmat ovat hyv\u00e4t, mutta haikeat.<\/p>\n<p>\u2013 Olen iloinen, ett\u00e4 vihdoin ihmiset n\u00e4kev\u00e4t t\u00e4m\u00e4n elokuvan ja nyt pystyy rauhoittumaan t\u00e4m\u00e4n \u00e4\u00e4relle.<\/p>\n<p>Kyseess\u00e4 on Salosen ensimm\u00e4inen p\u00e4\u00e4rooli elokuvassa ja h\u00e4n kertoo kokevansa sen suurena kunniana.<\/p>\n<p>\u2013 T\u00e4h\u00e4n p\u00e4iv\u00e4\u00e4n liittyy paljon tunteita koska olen tehnyt ison ty\u00f6n ja tuntuu, ett\u00e4 jollain tavalla on nyt minun p\u00e4\u00e4tepisteeni t\u00e4m\u00e4n elokuvan matkassa, Salonen herkistyy.<\/p>\n","protected":false},"excerpt":{"rendered":"Elias Salonen n\u00e4yttelee p\u00e4\u00e4roolin Kalevala: Kullervon tarina -elokuvassa. Antti J. Jokisen\u00a0ohjaaman\u00a0Kalevala: Kullervon tarina\u00a0-elokuvan kutsuvierasensi-iltaa vietet\u00e4\u00e4n Helsingiss\u00e4 14. tammikuuta.\u00a0&hellip;\n","protected":false},"author":2,"featured_media":142552,"comment_status":"","ping_status":"","sticky":false,"template":"","format":"standard","meta":{"footnotes":""},"categories":[136],"tags":[407,137,33,31,30,408,32,109],"class_list":{"0":"post-142551","1":"post","2":"type-post","3":"status-publish","4":"format-standard","5":"has-post-thumbnail","7":"category-julkkikset","8":"tag-celebrities","9":"tag-entertainment","10":"tag-fi","11":"tag-finland","12":"tag-finnish","13":"tag-julkkikset","14":"tag-suomi","15":"tag-viihde"},"share_on_mastodon":{"url":"https:\/\/pubeurope.com\/@fi\/115896440762821364","error":""},"_links":{"self":[{"href":"https:\/\/www.europesays.com\/fi\/wp-json\/wp\/v2\/posts\/142551","targetHints":{"allow":["GET"]}}],"collection":[{"href":"https:\/\/www.europesays.com\/fi\/wp-json\/wp\/v2\/posts"}],"about":[{"href":"https:\/\/www.europesays.com\/fi\/wp-json\/wp\/v2\/types\/post"}],"author":[{"embeddable":true,"href":"https:\/\/www.europesays.com\/fi\/wp-json\/wp\/v2\/users\/2"}],"replies":[{"embeddable":true,"href":"https:\/\/www.europesays.com\/fi\/wp-json\/wp\/v2\/comments?post=142551"}],"version-history":[{"count":0,"href":"https:\/\/www.europesays.com\/fi\/wp-json\/wp\/v2\/posts\/142551\/revisions"}],"wp:featuredmedia":[{"embeddable":true,"href":"https:\/\/www.europesays.com\/fi\/wp-json\/wp\/v2\/media\/142552"}],"wp:attachment":[{"href":"https:\/\/www.europesays.com\/fi\/wp-json\/wp\/v2\/media?parent=142551"}],"wp:term":[{"taxonomy":"category","embeddable":true,"href":"https:\/\/www.europesays.com\/fi\/wp-json\/wp\/v2\/categories?post=142551"},{"taxonomy":"post_tag","embeddable":true,"href":"https:\/\/www.europesays.com\/fi\/wp-json\/wp\/v2\/tags?post=142551"}],"curies":[{"name":"wp","href":"https:\/\/api.w.org\/{rel}","templated":true}]}}