{"id":142553,"date":"2026-01-15T01:14:12","date_gmt":"2026-01-15T01:14:12","guid":{"rendered":"https:\/\/www.europesays.com\/fi\/142553\/"},"modified":"2026-01-15T01:14:12","modified_gmt":"2026-01-15T01:14:12","slug":"tommi-niemela-tyrmasi-kysymyksen-areenan-kaytavilla-ei-meilla-ole-sellaista-ollut-aamulehti","status":"publish","type":"post","link":"https:\/\/www.europesays.com\/fi\/142553\/","title":{"rendered":"Tommi Niemel\u00e4 tyrm\u00e4si kysymyksen areenan k\u00e4yt\u00e4vill\u00e4: \u201dEi meill\u00e4 ole sellaista ollut\u201d &#8211; Aamulehti"},"content":{"rendered":"<ol>\n<li><a href=\"https:\/\/news.google.com\/rss\/articles\/CBMiY0FVX3lxTE90LXFqeVRQYXdNdHFxMm1yaU45ZzdsMHZEQ3IwaGhWTktpc1VHd01PMDBMc0tCZTQzUGRCWFRqNWdVWmJyQ052RVF6QXNGME1BRU5WbEl2QXZFajFtZmJZeWtnRQ?oc=5\" target=\"_blank\" rel=\"nofollow noopener\">Tommi Niemel\u00e4 tyrm\u00e4si kysymyksen areenan k\u00e4yt\u00e4vill\u00e4: \u201dEi meill\u00e4 ole sellaista ollut\u201d<\/a>&nbsp;&nbsp;Aamulehti<\/li>\n<li><a href=\"https:\/\/news.google.com\/rss\/articles\/CBMiaEFVX3lxTE9qSVhubTJJMHZfandna3NoU2UzcHVEN1M0WGp5S3dKd1FhWk5ROS1Na3BIcnd0dnlieWRYcEJtaGRzamFjS0FkWVhLbUJILWhPTzRJWWZCdjJHaXVwc2lXSWNRTHNVSHow?oc=5\" target=\"_blank\" rel=\"nofollow noopener\">Ilves &#8211; JYP<\/a>&nbsp;&nbsp;MTV Katsomo<\/li>\n<li><a href=\"https:\/\/news.google.com\/rss\/articles\/CBMiXkFVX3lxTE9wT3hOdkVfeGg5bnFteGczUHdLa3RTcUlqcVMzcnBMamVBRUEyejVOVVVsdXBpN3VHWVY3TnVZb0tNV255QnpuRkU1clZVbUdraFduYU1tLVN4M014ZFE?oc=5\" target=\"_blank\" rel=\"nofollow noopener\">HIFK murskattiin kotonaan \u2013 ruma taklaus kostautui<\/a>&nbsp;&nbsp;Ilta-Sanomat<\/li>\n<li><a href=\"https:\/\/news.google.com\/rss\/articles\/CBMie0FVX3lxTE1xaHRoZWF1UE5EQl9ueWJENXpFcXBhZEtxRG5nLTJiRGpRRUZvbUVjWVZfMm5SN09YSUU4SmZGME1SeDJibjAtRGJBaDNjU2NHQnN2a2pndmRnam5xUDdac2VTYjllQW9OalhBaVJLc0U1bjJNTDN2VHRXcw?oc=5\" target=\"_blank\" rel=\"nofollow noopener\">IL seurasi: \u201dH\u00e4rski\u201d p\u00e4\u00e4t\u00f6s SM-liigassa, HIFK murjottiin \u2013 T\u00e4ss\u00e4 on sarjataulukko<\/a>&nbsp;&nbsp;Iltalehti<\/li>\n<li><a href=\"https:\/\/news.google.com\/rss\/articles\/CBMiY0FVX3lxTE5YcndqcEdOSFNYamZTb0tMeXZwVUFnVkRCQzZfVk91b2lKbUxJazhkY2tVXzFjMnBXYVY2UExvaU9QaEx3OTFVZWlOdU1kTGoyc0hiNThwUHI5Unl3bG1wdkJhNA?oc=5\" target=\"_blank\" rel=\"nofollow noopener\">Ilvekselle loistouutinen \u2013 illan ottelussa revanssihenke\u00e4<\/a>&nbsp;&nbsp;Aamulehti<\/li>\n<\/ol>\n","protected":false},"excerpt":{"rendered":"Tommi Niemel\u00e4 tyrm\u00e4si kysymyksen areenan k\u00e4yt\u00e4vill\u00e4: \u201dEi meill\u00e4 ole sellaista ollut\u201d&nbsp;&nbsp;Aamulehti Ilves &#8211; JYP&nbsp;&nbsp;MTV Katsomo HIFK murskattiin kotonaan&hellip;\n","protected":false},"author":2,"featured_media":142554,"comment_status":"","ping_status":"","sticky":false,"template":"","format":"standard","meta":{"footnotes":""},"categories":[158],"tags":[157,33,31,30,159,32,160],"class_list":{"0":"post-142553","1":"post","2":"type-post","3":"status-publish","4":"format-standard","5":"has-post-thumbnail","7":"category-urheilu","8":"tag-aamulehti","9":"tag-fi","10":"tag-finland","11":"tag-finnish","12":"tag-sports","13":"tag-suomi","14":"tag-urheilu"},"share_on_mastodon":{"url":"https:\/\/pubeurope.com\/@fi\/115896468399971727","error":""},"_links":{"self":[{"href":"https:\/\/www.europesays.com\/fi\/wp-json\/wp\/v2\/posts\/142553","targetHints":{"allow":["GET"]}}],"collection":[{"href":"https:\/\/www.europesays.com\/fi\/wp-json\/wp\/v2\/posts"}],"about":[{"href":"https:\/\/www.europesays.com\/fi\/wp-json\/wp\/v2\/types\/post"}],"author":[{"embeddable":true,"href":"https:\/\/www.europesays.com\/fi\/wp-json\/wp\/v2\/users\/2"}],"replies":[{"embeddable":true,"href":"https:\/\/www.europesays.com\/fi\/wp-json\/wp\/v2\/comments?post=142553"}],"version-history":[{"count":0,"href":"https:\/\/www.europesays.com\/fi\/wp-json\/wp\/v2\/posts\/142553\/revisions"}],"wp:featuredmedia":[{"embeddable":true,"href":"https:\/\/www.europesays.com\/fi\/wp-json\/wp\/v2\/media\/142554"}],"wp:attachment":[{"href":"https:\/\/www.europesays.com\/fi\/wp-json\/wp\/v2\/media?parent=142553"}],"wp:term":[{"taxonomy":"category","embeddable":true,"href":"https:\/\/www.europesays.com\/fi\/wp-json\/wp\/v2\/categories?post=142553"},{"taxonomy":"post_tag","embeddable":true,"href":"https:\/\/www.europesays.com\/fi\/wp-json\/wp\/v2\/tags?post=142553"}],"curies":[{"name":"wp","href":"https:\/\/api.w.org\/{rel}","templated":true}]}}