{"id":142555,"date":"2026-01-15T01:15:13","date_gmt":"2026-01-15T01:15:13","guid":{"rendered":"https:\/\/www.europesays.com\/fi\/142555\/"},"modified":"2026-01-15T01:15:13","modified_gmt":"2026-01-15T01:15:13","slug":"yksi-asia-estaa-prinssi-harrya-tuomasta-lapsiaan-britanniaan","status":"publish","type":"post","link":"https:\/\/www.europesays.com\/fi\/142555\/","title":{"rendered":"Yksi asia est\u00e4\u00e4 prinssi Harrya tuomasta lapsiaan Britanniaan"},"content":{"rendered":"<p>Prinssi Harrylla ei ole Britanniassa yht\u00e4 turvallista kuin ennen.<\/p>\n<p>14.1. 17:18<\/p>\n<p class=\"article-body mb-nof-24 px-nof-16\">Prinssi <a class=\"font-bold underline-offset-[0.12em] [text-decoration:var(--person-link-text-decoration)] ![text-decoration-color:var(--person-link-text-decoration-color)]\" href=\"https:\/\/www.is.fi\/haku\/?query=Harry\" rel=\"nofollow noopener\" target=\"_blank\">Harry<\/a> perheineen vierailee Britanniassa harvoin. <a class=\"underline underline-offset-[0.12em] [text-decoration-thickness:var(--generic-link-underline-thickness)] [text-decoration-color:var(--generic-link-underline-color)] [text-decoration-skip-ink:var(--generic-link-underline-skip-ink)] break-words\" href=\"https:\/\/www.mirror.co.uk\/news\/royals\/prince-harry-will-bring-archie-36526103\" rel=\"nofollow noopener\" target=\"_blank\">Mirror<\/a> kertoo, ett\u00e4 vierailut saattaisivat tihenty\u00e4, jos Harry saisi taas oikeuden jatkuvaan poliisisuojeluun.<\/p>\n<p class=\"article-body mb-nof-24 px-nof-16\">Aiemmin Harry h\u00e4visi oikeudenk\u00e4ynnin, jossa h\u00e4n vaati automaattisen poliisisuojan palauttamista Britanniassa oleskelunsa ajaksi. Nyt sis\u00e4ministeri\u00f6 on kuitenkin aloittanut uhkien uudelleenarvioinnin ensimm\u00e4ist\u00e4 kertaa vuoden 2020 j\u00e4lkeen.<\/p>\n<p class=\"article-body mb-nof-24 px-nof-16\">P\u00e4\u00e4t\u00f6ksen odotetaan valmistuvan tammikuun aikana. Oikeustaistelun aikana prinssi Harry on kertonut, ettei h\u00e4nen perheens\u00e4 ole voinut viett\u00e4\u00e4 aikaa turvallisesti Britanniassa.<\/p>\n<p class=\"article-body mb-nof-24 px-nof-16\">T\u00e4ll\u00e4 hetkell\u00e4 Harryn t\u00e4ytyy ilmoittaa matkasta p\u00e4\u00e4kaupunkialueen poliisille kuukautta ennen matkaa. Poliisi arvioi suojelutarpeet kohta kohdalta. Harryn lakimiesten mukaan t\u00e4m\u00e4 kuitenkin pist\u00e4\u00e4 h\u00e4nen henkens\u00e4 vaaraan.<\/p>\n<p class=\"article-body mb-nof-24 px-nof-16\">Tilanne on my\u00f6s tuonut kitkaa Harryn ja kuningas <a class=\"font-bold underline-offset-[0.12em] [text-decoration:var(--person-link-text-decoration)] ![text-decoration-color:var(--person-link-text-decoration-color)]\" href=\"https:\/\/www.is.fi\/haku\/?query=Charlesin\" rel=\"nofollow noopener\" target=\"_blank\">Charlesin<\/a> v\u00e4lille, sill\u00e4 t\u00e4m\u00e4 on n\u00e4hnyt lapsenlapsiaan vain muutaman kerran. My\u00f6sk\u00e4\u00e4n<a class=\"font-bold underline-offset-[0.12em] [text-decoration:var(--person-link-text-decoration)] ![text-decoration-color:var(--person-link-text-decoration-color)]\" href=\"https:\/\/www.is.fi\/haku\/?query=%20Meghan\" rel=\"nofollow noopener\" target=\"_blank\"> Meghan<\/a> ei ole vieraillut maassa sitten kuningatar <a class=\"font-bold underline-offset-[0.12em] [text-decoration:var(--person-link-text-decoration)] ![text-decoration-color:var(--person-link-text-decoration-color)]\" href=\"https:\/\/www.is.fi\/haku\/?query=Elisabetin\" rel=\"nofollow noopener\" target=\"_blank\">Elisabetin<\/a> kuoleman j\u00e4lkeen.<\/p>\n<p class=\"article-body mb-nof-24 px-nof-16\">BBC:n entinen kuninkaalliskirjeenvaihtaja <a class=\"font-bold underline-offset-[0.12em] [text-decoration:var(--person-link-text-decoration)] ![text-decoration-color:var(--person-link-text-decoration-color)]\" href=\"https:\/\/www.is.fi\/haku\/?query=Jennie%20Bond\" rel=\"nofollow noopener\" target=\"_blank\">Jennie Bond<\/a> uskoo, ett\u00e4 Harry voisi tuoda lapsensa Britanniaan, jos saisi automaattisen poliisisuojan takaisin.<\/p>\n<p class=\"article-body mb-nof-24 px-nof-16\">\u2013 Harry sanoo, ett\u00e4 turvallisuusongelma on suurin este sovinnolle h\u00e4nen perheess\u00e4\u00e4n ja p\u00e4\u00e4syy sille, ettei h\u00e4n ole tuonut lapsiaan tapaamaan heid\u00e4n isois\u00e4\u00e4ns\u00e4 ja tutustumaan sukuunsa, kertoo Bond.<\/p>\n<p class=\"article-body mb-nof-24 px-nof-16\">Bondin mukaan on syyt\u00e4 olettaa, ett\u00e4 Harry toisi lapsensa <a class=\"font-bold underline-offset-[0.12em] [text-decoration:var(--person-link-text-decoration)] ![text-decoration-color:var(--person-link-text-decoration-color)]\" href=\"https:\/\/www.is.fi\/haku\/?query=Archien\" rel=\"nofollow noopener\" target=\"_blank\">Archien<\/a> ja <a class=\"font-bold underline-offset-[0.12em] [text-decoration:var(--person-link-text-decoration)] ![text-decoration-color:var(--person-link-text-decoration-color)]\" href=\"https:\/\/www.is.fi\/haku\/?query=Lilibetin\" rel=\"nofollow noopener\" target=\"_blank\">Lilibetin<\/a> Britanniaan, jos perhe saisi suojelua poliisilta.<\/p>\n<p class=\"article-body mb-nof-24 px-nof-16\">\u2013 Luulen, ett\u00e4 useimmat ihmiset olisivat iloisia n\u00e4hdess\u00e4\u00e4n kuninkaan tapaavan j\u00e4lleen poikansa ja lapsenlapsensa, joita h\u00e4n tuskin tuntee.<\/p>\n<p class=\"article-body mb-nof-24 px-nof-16\">H\u00e4n kuitenkin arvelee, ett\u00e4 Meghan voisi saada nuivemman vastaanoton.<\/p>\n<p class=\"article-body mb-nof-24 px-nof-16\">\u2013 H\u00e4n el\u00e4\u00e4 onnellisena Kaliforniassa. Ehk\u00e4 tulevaisuudessa n\u00e4emme enemm\u00e4n Harrya ja mahdollisesti lapsia.<\/p>\n<p class=\"article-body mb-nof-24 px-nof-16\">Mirror kertoo, ett\u00e4 Harrylla saattaa olla erityinen rooli kes\u00e4n Invictus games -tapahtumassa. Kyseess\u00e4 on urheilutapahtuma haavoittuneille sotilaille. Tulevana kes\u00e4n\u00e4 Harry ja kuningas Charles saattavat seist\u00e4 samalla lavalla avajaistilaisuudessa.<\/p>\n","protected":false},"excerpt":{"rendered":"Prinssi Harrylla ei ole Britanniassa yht\u00e4 turvallista kuin ennen. 14.1. 17:18 Prinssi Harry perheineen vierailee Britanniassa harvoin. Mirror&hellip;\n","protected":false},"author":2,"featured_media":142556,"comment_status":"","ping_status":"","sticky":false,"template":"","format":"standard","meta":{"footnotes":""},"categories":[130],"tags":[137,33,31,30,34,32,109],"class_list":{"0":"post-142555","1":"post","2":"type-post","3":"status-publish","4":"format-standard","5":"has-post-thumbnail","7":"category-viihde","8":"tag-entertainment","9":"tag-fi","10":"tag-finland","11":"tag-finnish","12":"tag-ilta-sanomat","13":"tag-suomi","14":"tag-viihde"},"share_on_mastodon":{"url":"https:\/\/pubeurope.com\/@fi\/115896472193395067","error":""},"_links":{"self":[{"href":"https:\/\/www.europesays.com\/fi\/wp-json\/wp\/v2\/posts\/142555","targetHints":{"allow":["GET"]}}],"collection":[{"href":"https:\/\/www.europesays.com\/fi\/wp-json\/wp\/v2\/posts"}],"about":[{"href":"https:\/\/www.europesays.com\/fi\/wp-json\/wp\/v2\/types\/post"}],"author":[{"embeddable":true,"href":"https:\/\/www.europesays.com\/fi\/wp-json\/wp\/v2\/users\/2"}],"replies":[{"embeddable":true,"href":"https:\/\/www.europesays.com\/fi\/wp-json\/wp\/v2\/comments?post=142555"}],"version-history":[{"count":0,"href":"https:\/\/www.europesays.com\/fi\/wp-json\/wp\/v2\/posts\/142555\/revisions"}],"wp:featuredmedia":[{"embeddable":true,"href":"https:\/\/www.europesays.com\/fi\/wp-json\/wp\/v2\/media\/142556"}],"wp:attachment":[{"href":"https:\/\/www.europesays.com\/fi\/wp-json\/wp\/v2\/media?parent=142555"}],"wp:term":[{"taxonomy":"category","embeddable":true,"href":"https:\/\/www.europesays.com\/fi\/wp-json\/wp\/v2\/categories?post=142555"},{"taxonomy":"post_tag","embeddable":true,"href":"https:\/\/www.europesays.com\/fi\/wp-json\/wp\/v2\/tags?post=142555"}],"curies":[{"name":"wp","href":"https:\/\/api.w.org\/{rel}","templated":true}]}}