{"id":142563,"date":"2026-01-15T01:21:14","date_gmt":"2026-01-15T01:21:14","guid":{"rendered":"https:\/\/www.europesays.com\/fi\/142563\/"},"modified":"2026-01-15T01:21:14","modified_gmt":"2026-01-15T01:21:14","slug":"seniorien-halua-ja-kykya-toimia-yrittajana-pitaisi-hyodyntaa-enemman","status":"publish","type":"post","link":"https:\/\/www.europesays.com\/fi\/142563\/","title":{"rendered":"Seniorien halua ja kyky\u00e4 toimia yritt\u00e4j\u00e4n\u00e4 pit\u00e4isi hy\u00f6dynt\u00e4\u00e4 enemm\u00e4n"},"content":{"rendered":"<p>Vieraskyn\u00e4|Senioriyritt\u00e4jien ty\u00f6 vahvistaa julkista taloutta, ja el\u00e4kei\u00e4ss\u00e4 yritt\u00e4jiksi ryhtyneet saavat ty\u00f6st\u00e4 toimeentuloa ja el\u00e4m\u00e4nlaatua.<\/p>\n<p>14.1. 19:15<\/p>\n<p class=\"article-body nof-ui-body-medium mb-nof-24 px-nof-16\">Kirjoitus on vierailevan asiantuntijan n\u00e4kemys.<\/p>\n<p class=\"article-body mb-nof-24 px-nof-16\">Yritt\u00e4jyydest\u00e4 puhutaan usein nuorten pelin\u00e4. Startup-kulttuuri ja hupparit hallitsevat mielikuvia. Siksi ajatus el\u00e4keik\u00e4isest\u00e4 yritt\u00e4j\u00e4st\u00e4 kuulostaa monen korvissa vieraalta.<\/p>\n<p class=\"article-body mb-nof-24 px-nof-16\">Todellisuudessa kokemus ja verkostot ovat yritt\u00e4j\u00e4n vahvin p\u00e4\u00e4oma \u2013 ja niit\u00e4 on eniten senioreilla.<\/p>\n<p class=\"article-body mb-nof-24 px-nof-16\">Tutkimukset osoittavat, ett\u00e4 kokemus lis\u00e4\u00e4 innovaatioiden onnistumisen todenn\u00e4k\u00f6isyytt\u00e4. Piilaaksossa teknologiayrityksen perustajan mediaani-ik\u00e4 on 43 vuotta ja viisikymppisen perustaman yrityksen mahdollisuus menesty\u00e4 p\u00f6rssilistautumisessa tai yrityskaupassa on kaksinkertainen kolmekymppisen perustamaan yritykseen verrattuna.<\/p>\n<p class=\"article-body mb-nof-24 px-nof-16\">El\u00e4kei\u00e4n nostosta keskustellaan, sill\u00e4 el\u00e4kemenot ovat kaksinkertaistuneet parissa vuosikymmeness\u00e4 \u2013 ennen kaikkea siksi, ett\u00e4 el\u00e4kkeell\u00e4 vietet\u00e4\u00e4n yh\u00e4 pidempi aika, keskim\u00e4\u00e4rin jo yli 20 vuotta. Jos haluamme pident\u00e4\u00e4 ty\u00f6uria, kannattaa katse suunnata terveisiin ja kokeneisiin senioreihin.<\/p>\n<p class=\"article-body mb-nof-24 px-nof-16\">Heit\u00e4 on paljon. Tutkimusten mukaan 60 prosenttia 65\u201374-vuotiaista suomalaisista kokee itsens\u00e4 t\u00e4ysin ty\u00f6kykyisiksi. Monet siirtyv\u00e4t el\u00e4kkeelle edelleen hyv\u00e4kuntoisina ja aktiivisina \u2013 etenkin koulutetut ja ty\u00f6urallaan menestyneet.<\/p>\n<p class=\"article-body mb-nof-24 px-nof-16\">Seniorina yritt\u00e4jiksi ryhtyneet kokevat el\u00e4m\u00e4nlaatunsa ja onnellisuutensa paranevan silloinkin, kun tulotaso laskee. Ei siis ihme, ett\u00e4 Suomessa jo joka nelj\u00e4s uusi yritt\u00e4j\u00e4 on yli 55-vuotias ja maassa on noin 74 000 senioriyritt\u00e4j\u00e4\u00e4.<\/p>\n<p class=\"article-body mb-nof-24 px-nof-16\">El\u00e4kkeen ja yritt\u00e4jyyden yhdist\u00e4minen on helpompi tie kuin siirtyminen palkkat\u00f6ist\u00e4 yritt\u00e4j\u00e4ksi. Vanhuusel\u00e4kkeen rinnalla voi ty\u00f6skennell\u00e4 ilman tulorajoja, ja ty\u00f6tulov\u00e4hennys kevent\u00e4\u00e4 verotusta pelkk\u00e4\u00e4n el\u00e4kkeeseen verrattuna. Vanhuusel\u00e4kkeell\u00e4 olevat yritt\u00e4j\u00e4t vapautuvat el\u00e4ke- ja ty\u00f6tt\u00f6myysvakuutusmaksuista.<\/p>\n<p class=\"article-body mb-nof-24 px-nof-16\">El\u00e4kkeell\u00e4 tehty ty\u00f6 ei lis\u00e4\u00e4 el\u00e4kemenoja eik\u00e4 toisaalta merkitt\u00e4v\u00e4sti kasvata el\u00e4kej\u00e4rjestelm\u00e4n tuloja. Se kuitenkin kasvattaa verotuloja, vahvistaa julkista taloutta ja auttaa rahoittamaan hyvinvointivaltiota ilman veronkorotuksia tai mekaanista el\u00e4kei\u00e4n nostoa.<\/p>\n<blockquote class=\"p-[var(--citation-padding)] m-[var(--citation-margin)] border-y-[length:var(--citation-border-width)] border-y-[color:var(--citation-border-color)]\">\n<p>Seniorit n\u00e4hd\u00e4\u00e4n useammin luopujina kuin jatkajina.<\/p>\n<\/blockquote>\n<p class=\"article-body mb-nof-24 px-nof-16\">Moni seniori on palkkaty\u00f6ss\u00e4 kohdannut ik\u00e4syrjint\u00e4\u00e4. Mutta jos korkeana pidetty ik\u00e4 saattaa palkkat\u00f6iss\u00e4 sulkea ovia, yritt\u00e4jyydess\u00e4 ik\u00e4 voi avata niit\u00e4. Verkostot, maine ja vuosikymmenten kokemus ovat voimavaroja, jotka usein tuovat asiantuntijayritt\u00e4j\u00e4lle ensimm\u00e4iset toimeksiannot.<\/p>\n<p class=\"article-body mb-nof-24 px-nof-16\">Tutkimusten mukaan yleinen psykologinen toimintakyky on huipussaan 55\u201360 vuoden i\u00e4ss\u00e4. Tunnollisuus ja emotionaalinen vakaus vahvistuvat viel\u00e4 t\u00e4m\u00e4n j\u00e4lkeenkin. Senioreilla on kyky\u00e4 tuoda kaivattua harkintaa ja inhimillisyytt\u00e4 teko\u00e4lyn aikakauden ty\u00f6el\u00e4m\u00e4\u00e4n.<\/p>\n<p class=\"article-body mb-nof-24 px-nof-16\">Useat el\u00e4kkeell\u00e4 osa-aikaisen asiantuntijayritt\u00e4jyyden aloittaneet kuvaavat ty\u00f6t\u00e4\u00e4n kevyeksi, merkitykselliseksi ja kannattavaksi. Heille ty\u00f6 tuo paitsi toimeentuloa my\u00f6s yhteis\u00f6j\u00e4 ja merkityst\u00e4 \u2013 ja juuri niit\u00e4 moni kaipaa el\u00e4kkeelle j\u00e4\u00e4ty\u00e4\u00e4n.<\/p>\n<p class=\"article-body mb-nof-24 px-nof-16\">Monissa maissa senioriyritt\u00e4jyys on osa ty\u00f6llisyyspolitiikkaa. Britanniassa ja Japanissa senioreita kannustetaan erityisin ohjelmin perustamaan uusia yrityksi\u00e4. Saksassa tuetaan my\u00f6s yritysten omistajanvaihdoksia ja jatkajia.<\/p>\n<p class=\"article-body mb-nof-24 px-nof-16\">Suomessakin tuetaan yritysten perustamista ja omistajanvaihdoksia, mutta seniorit n\u00e4hd\u00e4\u00e4n useammin luopujina kuin jatkajina. Tuhannet yritykset j\u00e4\u00e4v\u00e4t ilman jatkajaa omistajan el\u00e4k\u00f6ityess\u00e4. Elinvoimaiset seniorit voisivat ostaa n\u00e4it\u00e4 yrityksi\u00e4, turvata ty\u00f6paikkoja ja myyd\u00e4 yritykset my\u00f6hemmin eteenp\u00e4in.<\/p>\n<p class=\"article-body mb-nof-24 px-nof-16\">Senioriyritt\u00e4jyytt\u00e4 ei Suomessa juuri edistet\u00e4, vaikka monet haluavat jatkaa ty\u00f6ntekoa ja yritt\u00e4jyytt\u00e4 omaehtoisesti \u2013 pysy\u00e4kseen aktiivisina ja merkityksellisin\u00e4 yhteiskunnan j\u00e4senin\u00e4.<\/p>\n<p class=\"article-body mb-nof-24 px-nof-16\">Suomen pit\u00e4isi tunnistaa t\u00e4m\u00e4 halu ja tukea sit\u00e4, sill\u00e4 senioreissa on paljon k\u00e4ytt\u00e4m\u00e4t\u00f6nt\u00e4 inhimillist\u00e4 ja taloudellista potentiaalia. N\u00e4in voisimme pident\u00e4\u00e4 ty\u00f6uria, vahvistaa hyvinvointia ja antaa yh\u00e4 useammalle mahdollisuuden tehd\u00e4 merkityksellist\u00e4 ty\u00f6t\u00e4 omilla ehdoillaan.<\/p>\n<p class=\"article-body nof-ui-body-medium mb-nof-24 px-nof-16\">Kalle Airo on vanhempi asiantuntija Aalto-yliopistossa.<\/p>\n<p class=\"article-body nof-ui-body-medium mb-nof-24 px-nof-16\">Vieraskynien kirjoitusohjeet: www.hs.fi\/vieraskyna\/<\/p>\n","protected":false},"excerpt":{"rendered":"Vieraskyn\u00e4|Senioriyritt\u00e4jien ty\u00f6 vahvistaa julkista taloutta, ja el\u00e4kei\u00e4ss\u00e4 yritt\u00e4jiksi ryhtyneet saavat ty\u00f6st\u00e4 toimeentuloa ja el\u00e4m\u00e4nlaatua. 14.1. 19:15 Kirjoitus on&hellip;\n","protected":false},"author":2,"featured_media":96697,"comment_status":"","ping_status":"","sticky":false,"template":"","format":"standard","meta":{"footnotes":""},"categories":[5],"tags":[22,23,26,27,33,31,30,17,46,24,25,28,29,15,18,21,32,19,20,16],"class_list":{"0":"post-142563","1":"post","2":"type-post","3":"status-publish","4":"format-standard","5":"has-post-thumbnail","7":"category-otsikot","8":"tag-breaking-news","9":"tag-breakingnews","10":"tag-featured-news","11":"tag-featurednews","12":"tag-fi","13":"tag-finland","14":"tag-finnish","15":"tag-headlines","16":"tag-helsingin-sanomat","17":"tag-latest-news","18":"tag-latestnews","19":"tag-main-news","20":"tag-mainnews","21":"tag-news","22":"tag-otsikot","23":"tag-paauutiset","24":"tag-suomi","25":"tag-top-stories","26":"tag-topstories","27":"tag-uutiset"},"share_on_mastodon":{"url":"https:\/\/pubeurope.com\/@fi\/115896495796331298","error":""},"_links":{"self":[{"href":"https:\/\/www.europesays.com\/fi\/wp-json\/wp\/v2\/posts\/142563","targetHints":{"allow":["GET"]}}],"collection":[{"href":"https:\/\/www.europesays.com\/fi\/wp-json\/wp\/v2\/posts"}],"about":[{"href":"https:\/\/www.europesays.com\/fi\/wp-json\/wp\/v2\/types\/post"}],"author":[{"embeddable":true,"href":"https:\/\/www.europesays.com\/fi\/wp-json\/wp\/v2\/users\/2"}],"replies":[{"embeddable":true,"href":"https:\/\/www.europesays.com\/fi\/wp-json\/wp\/v2\/comments?post=142563"}],"version-history":[{"count":0,"href":"https:\/\/www.europesays.com\/fi\/wp-json\/wp\/v2\/posts\/142563\/revisions"}],"wp:featuredmedia":[{"embeddable":true,"href":"https:\/\/www.europesays.com\/fi\/wp-json\/wp\/v2\/media\/96697"}],"wp:attachment":[{"href":"https:\/\/www.europesays.com\/fi\/wp-json\/wp\/v2\/media?parent=142563"}],"wp:term":[{"taxonomy":"category","embeddable":true,"href":"https:\/\/www.europesays.com\/fi\/wp-json\/wp\/v2\/categories?post=142563"},{"taxonomy":"post_tag","embeddable":true,"href":"https:\/\/www.europesays.com\/fi\/wp-json\/wp\/v2\/tags?post=142563"}],"curies":[{"name":"wp","href":"https:\/\/api.w.org\/{rel}","templated":true}]}}