{"id":142564,"date":"2026-01-15T01:25:07","date_gmt":"2026-01-15T01:25:07","guid":{"rendered":"https:\/\/www.europesays.com\/fi\/142564\/"},"modified":"2026-01-15T01:25:07","modified_gmt":"2026-01-15T01:25:07","slug":"neljan-hengen-miehiston-paluu-isslta-alkanut-taustalla-terveyssyyt-uutisia-lyhyesti","status":"publish","type":"post","link":"https:\/\/www.europesays.com\/fi\/142564\/","title":{"rendered":"Nelj\u00e4n hengen miehist\u00f6n paluu ISS:lt\u00e4 alkanut, taustalla terveyssyyt | Uutisia lyhyesti"},"content":{"rendered":"<p class=\"aw-1gybjub aw-5vja16 kEtdKx kmuxyA yle__article__paragraph\">Crew 11 -miehist\u00f6 palaa kotiin Kansain\u00adv\u00e4liselt\u00e4 avaruusasemalta etuajassa. Nasan mukaan ratkaisuun p\u00e4\u00e4dyttiin yhden miehist\u00f6n j\u00e4senen terveydentilan vuoksi.<\/p>\n<p><img decoding=\"async\" alt=\"Nelj\u00e4 astronauttia seisoo riviss\u00e4 ja poseeraa kameroille avaruuskeskuksen ulkopuolella.\" src=\"https:\/\/www.europesays.com\/fi\/wp-content\/uploads\/2026\/01\/39-15815536968345216c4f.jpeg\" class=\"aw-1l9m598 hKVVvP\"\/><\/p>\n<p>Avaa kuvien katselu<\/p>\n<p>Arkistokuva. Crew 11 -miehist\u00f6 poseerasi ennen lentonsa alkua Kennedys avaruuskeskuksessa Floridassa viime elokuussa. Vasemmalta l\u00e4htien: Oleg Platonov, Mike Fincke, Zena Cardman ja Kimiya Yui. Kuva: Gregg Newton \/ AFP<\/p>\n<p class=\"aw-1gybjub aw-1p7kakr kEtdKx cEmitX yle__article__paragraph\">Nelj\u00e4 avaruuslent\u00e4j\u00e4\u00e4 on palaamassa etuajassa Maahan Kansainv\u00e4liselt\u00e4 avaruusasemalta ISS:lt\u00e4. Crew 11 -miehist\u00f6 palaa asemalta aiottua aikaisemmin yhden miehist\u00f6n j\u00e4senen terveyssyiden vuoksi.<\/p>\n<p class=\"aw-1gybjub aw-1p7kakr kEtdKx cEmitX yle__article__paragraph\">Avaruusyhti\u00f6 SpaceX:n Dragon-alus irtautui ISS:st\u00e4 keskiviikkona.<\/p>\n<p class=\"aw-1gybjub aw-1p7kakr kEtdKx cEmitX yle__article__paragraph\">Jos kaikki sujuu suunnitellusti ja s\u00e4\u00e4 sallii, avaruusyhti\u00f6 SpaceX:n Dragon-alus putoaa mereen Kalifornian edustalle t\u00e4ll\u00e4 tietoa torstaina aamup\u00e4iv\u00e4ll\u00e4 Suomen aikaa.<\/p>\n<p class=\"aw-1gybjub aw-1p7kakr kEtdKx cEmitX yle__article__paragraph\">Yhdysvaltain avaruushallinto <a class=\"aw-iao6s4 iHOxEa yle__article__link\" href=\"https:\/\/www.nasa.gov\/news-release\/nasa-to-provide-live-coverage-of-crew-11-return-splashdown\/\" role=\"link\" rel=\"nofollow noopener\" target=\"_blank\">Nasa<\/a> ei ole julkistanut tutkimuksia tai hoitoa tarvitsevan miehist\u00f6n j\u00e4senen nime\u00e4, mutta on kertonut, ett\u00e4 h\u00e4nen tilansa on vakaa eik\u00e4 kyseess\u00e4 ole varsinainen h\u00e4t\u00e4evakuointi. Maahan palaavat Nasan amerikkalaiset astronautit <strong class=\"aw-ak79eh KyCXm yle__article__strong\">Zena Cardman<\/strong> ja <strong class=\"aw-ak79eh KyCXm yle__article__strong\">Mike Fincke<\/strong>, japanilainen astronautti <strong class=\"aw-ak79eh KyCXm yle__article__strong\">Kimiya Yui<\/strong> sek\u00e4 ven\u00e4l\u00e4isen Roskosmosin kosmonautti <strong class=\"aw-ak79eh KyCXm yle__article__strong\">Oleg Platonov<\/strong>. Nelikko on ollut ISS:ll\u00e4 elokuun alusta asti. Heid\u00e4n olisi ollut muutenkin m\u00e4\u00e4r\u00e4 palata takaisin Maahan l\u00e4hiviikkoina.<\/p>\n<p class=\"aw-1gybjub aw-1p7kakr kEtdKx cEmitX yle__article__paragraph\">Kyseess\u00e4 on ensimm\u00e4inen kerta, kun Nasa evakuoi miehist\u00f6\u00e4 ISS:lt\u00e4 terveyssyist\u00e4.<\/p>\n<p class=\"aw-1gybjub aw-1p7kakr kEtdKx cEmitX yle__article__paragraph\">Kansainv\u00e4liselle avaruusasemalle j\u00e4\u00e4 nelikon poistuttua tavallista pienempi miehist\u00f6. ISS:ll\u00e4 on ollut miehist\u00f6\u00e4 jatkuvasti vuodesta 2000 l\u00e4htien. Aseman k\u00e4yt\u00f6n on m\u00e4\u00e4r\u00e4 loppua vuoden 2031 alun tiet\u00e4miss\u00e4, kun se ohjataan alemmas ja tuhoutumaan ilmakeh\u00e4ss\u00e4.<\/p>\n<p class=\"aw-1gybjub aw-1p7kakr kEtdKx cEmitX yle__article__paragraph\">L\u00e4hteet: AFP, Reuters<\/p>\n","protected":false},"excerpt":{"rendered":"Crew 11 -miehist\u00f6 palaa kotiin Kansain\u00adv\u00e4liselt\u00e4 avaruusasemalta etuajassa. Nasan mukaan ratkaisuun p\u00e4\u00e4dyttiin yhden miehist\u00f6n j\u00e4senen terveydentilan vuoksi. Avaa&hellip;\n","protected":false},"author":2,"featured_media":142565,"comment_status":"","ping_status":"","sticky":false,"template":"","format":"standard","meta":{"footnotes":""},"categories":[114],"tags":[1497,453,1087,1205,33,31,30,1327,1324,118,452,32,119,56],"class_list":{"0":"post-142564","1":"post","2":"type-post","3":"status-publish","4":"format-standard","5":"has-post-thumbnail","7":"category-avaruus","8":"tag-astronautit","9":"tag-avaruus","10":"tag-avaruusliikenne","11":"tag-avaruusohjelmat","12":"tag-fi","13":"tag-finland","14":"tag-finnish","15":"tag-kansainvalinen-avaruusasema","16":"tag-nasa","17":"tag-science","18":"tag-space","19":"tag-suomi","20":"tag-tiede","21":"tag-ulkomaat"},"share_on_mastodon":{"url":"https:\/\/pubeurope.com\/@fi\/115896511534621089","error":""},"_links":{"self":[{"href":"https:\/\/www.europesays.com\/fi\/wp-json\/wp\/v2\/posts\/142564","targetHints":{"allow":["GET"]}}],"collection":[{"href":"https:\/\/www.europesays.com\/fi\/wp-json\/wp\/v2\/posts"}],"about":[{"href":"https:\/\/www.europesays.com\/fi\/wp-json\/wp\/v2\/types\/post"}],"author":[{"embeddable":true,"href":"https:\/\/www.europesays.com\/fi\/wp-json\/wp\/v2\/users\/2"}],"replies":[{"embeddable":true,"href":"https:\/\/www.europesays.com\/fi\/wp-json\/wp\/v2\/comments?post=142564"}],"version-history":[{"count":0,"href":"https:\/\/www.europesays.com\/fi\/wp-json\/wp\/v2\/posts\/142564\/revisions"}],"wp:featuredmedia":[{"embeddable":true,"href":"https:\/\/www.europesays.com\/fi\/wp-json\/wp\/v2\/media\/142565"}],"wp:attachment":[{"href":"https:\/\/www.europesays.com\/fi\/wp-json\/wp\/v2\/media?parent=142564"}],"wp:term":[{"taxonomy":"category","embeddable":true,"href":"https:\/\/www.europesays.com\/fi\/wp-json\/wp\/v2\/categories?post=142564"},{"taxonomy":"post_tag","embeddable":true,"href":"https:\/\/www.europesays.com\/fi\/wp-json\/wp\/v2\/tags?post=142564"}],"curies":[{"name":"wp","href":"https:\/\/api.w.org\/{rel}","templated":true}]}}