{"id":142570,"date":"2026-01-15T01:41:13","date_gmt":"2026-01-15T01:41:13","guid":{"rendered":"https:\/\/www.europesays.com\/fi\/142570\/"},"modified":"2026-01-15T01:41:13","modified_gmt":"2026-01-15T01:41:13","slug":"tampereella-paasee-nauttimaan-huipputason-yleisurheilusta-ja-kamarimusiikista","status":"publish","type":"post","link":"https:\/\/www.europesays.com\/fi\/142570\/","title":{"rendered":"Tampereella p\u00e4\u00e4see nauttimaan huipputason yleisurheilusta ja kamarimusiikista"},"content":{"rendered":"<p>Tammikuussa tapahtumarintamalla on verrattain hiljaista, mutta tekemist\u00e4 l\u00f6ytyy silti ilmaisesta luistelutapahtumasta konsertteihin, komiikkaan ja suureen urheilujuhlaan.<\/p>\n<p>14.1. 17:00<\/p>\n<p class=\"article-body mb-nof-24 px-nof-16\">Aamulehti<\/p>\n<p>1. Kolmen koomikon klubi<\/p>\n<p class=\"article-body mb-nof-24 px-nof-16\">TTT-klubilla n\u00e4hd\u00e4\u00e4n perjantaina stand up -koomikot <a class=\"font-bold underline-offset-[0.12em] [text-decoration:var(--person-link-text-decoration)] ![text-decoration-color:var(--person-link-text-decoration-color)]\" href=\"https:\/\/www.aamulehti.fi\/haku\/?query=Tiina%20Henkola\" rel=\"nofollow noopener\" target=\"_blank\">Tiina Henkola<\/a>, <a class=\"font-bold underline-offset-[0.12em] [text-decoration:var(--person-link-text-decoration)] ![text-decoration-color:var(--person-link-text-decoration-color)]\" href=\"https:\/\/www.aamulehti.fi\/haku\/?query=Lauri%20Saviharju\" rel=\"nofollow noopener\" target=\"_blank\">Lauri Saviharju<\/a> ja <a class=\"font-bold underline-offset-[0.12em] [text-decoration:var(--person-link-text-decoration)] ![text-decoration-color:var(--person-link-text-decoration-color)]\" href=\"https:\/\/www.aamulehti.fi\/haku\/?query=Antti%20Haapala\" rel=\"nofollow noopener\" target=\"_blank\">Antti Haapala<\/a>. Henkola kehuu marinoituneensa insin\u00f6\u00f6rimiesten kehitt\u00e4v\u00e4ss\u00e4 seurassa, nurmij\u00e4rvel\u00e4inen Saviharju kuvailee itse\u00e4\u00e4n maailman keski-ik\u00e4isimm\u00e4ksi 23-vuotiaaksi ja Haapala on toiminut muun muassa Noin viikon uutisten taustajoukoissa.<\/p>\n<p class=\"article-body nof-ui-body-medium mb-nof-24 px-nof-16\">Stand up \u2013 Henkola, Saviharju, Haapala TTT-klubilla perjantaina 16. tammikuuta kello 18.30 alkaen. Ovet avataan kello 17.30.<\/p>\n<p>2.Tapahtuma tekoj\u00e4\u00e4ll\u00e4<\/p>\n<p class=\"article-body mb-nof-24 px-nof-16\">Tampereen Lielahden tekoj\u00e4\u00e4 on ollut luistelukunnossa jo marraskuun lopulta, mutta sen avajaisia vietet\u00e4\u00e4n sunnuntaina. Maksuttomassa luistelutapahtumassa on vapaata luistelua ja hauskaa ohjattua puuhastelua j\u00e4\u00e4ll\u00e4. Kanttiinista voi ostaa herkkuja ja l\u00e4mmikett\u00e4, ja my\u00f6s luistimien lainaamiseen on mahdollisuus.<\/p>\n<p class=\"article-body nof-ui-body-medium mb-nof-24 px-nof-16\">Lielahden tekoj\u00e4\u00e4n avajaiset sunnuntaina 18. tammikuuta kello 14\u201317 osoitteessa Teivaalantie 2B.<\/p>\n<p>3. Abbaa Tampere-talossa<\/p>\n<p class=\"article-body mb-nof-24 px-nof-16\">Maailman tunnetuimpiin Abba-tribuuttiyhtyeisiin kuuluva The Show \u2013 a tribute to Abba palaa Suomeen uuden ohjelman kanssa. Uusi esitys juhlistaa Dancing Queen -kappaleen 50-vuotista historiaa, vie yleis\u00f6n 1970-luvun kimaltavaan maailmaan ja tarjoaa joukon Abban suurimpia hittej\u00e4.<\/p>\n<p class=\"article-body nof-ui-body-medium mb-nof-24 px-nof-16\">The Show \u2013 a tribute to Abban Dancing queen \u2013 The Legacy of Abbas Greates Song 1976\u20132026 Tampere-talon Isossa salissa sunnuntaina 18. tammikuuta kello 19.<\/p>\n<p>4. Kamarimusiikin juhlaa<\/p>\n<p class=\"article-body mb-nof-24 px-nof-16\">Kymmenett\u00e4 kertaa j\u00e4rjestett\u00e4v\u00e4n Tampere Chamber Music -festivaalin ohjelmisto levitt\u00e4ytyy eri puolille Tamperetta maanantaista sunnuntaihin 19. tammikuuta alkaen. Festivaalin teemana on t\u00e4n\u00e4 vuonna V\u00e4rien ja valon tanssia, ja luvassa on konserttien lis\u00e4ksi my\u00f6s luentoja ja ty\u00f6pajoja.<\/p>\n<p class=\"article-body nof-ui-body-medium mb-nof-24 px-nof-16\">Tampere Chamber Music 2026 maanantaista 19. tammikuuta sunnuntaihin 25. tammikuuta. Tapahtumia on eri puolilla Tamperetta.<\/p>\n<p>5. Huippuyleisurheilua Tampereella<\/p>\n<p class=\"article-body mb-nof-24 px-nof-16\">Vuosittainen Tampere Indoor Meeting kokoaa yleisurheilun kotimaiset k\u00e4rkinimet ja kansainv\u00e4liset huiput Tampereen messu- ja urheilukeskukseen. Mukana on paljon arvokisafinalisteja olympiafinalisteista l\u00e4htien. Kilpailu kuuluu kansainv\u00e4liseen World Athletics Indoor Tour Silver -sarjaan.<\/p>\n<p class=\"article-body nof-ui-body-medium mb-nof-24 px-nof-16\">Tampere Indoor Meeting 2026 keskiviikkona 21. tammikuuta Tampereen messu- ja urheilukeskuksessa kello 18\u201320.<\/p>\n","protected":false},"excerpt":{"rendered":"Tammikuussa tapahtumarintamalla on verrattain hiljaista, mutta tekemist\u00e4 l\u00f6ytyy silti ilmaisesta luistelutapahtumasta konsertteihin, komiikkaan ja suureen urheilujuhlaan. 14.1. 17:00&hellip;\n","protected":false},"author":2,"featured_media":142571,"comment_status":"","ping_status":"","sticky":false,"template":"","format":"standard","meta":{"footnotes":""},"categories":[130],"tags":[157,137,33,31,30,32,109],"class_list":{"0":"post-142570","1":"post","2":"type-post","3":"status-publish","4":"format-standard","5":"has-post-thumbnail","7":"category-viihde","8":"tag-aamulehti","9":"tag-entertainment","10":"tag-fi","11":"tag-finland","12":"tag-finnish","13":"tag-suomi","14":"tag-viihde"},"share_on_mastodon":{"url":"https:\/\/pubeurope.com\/@fi\/115896574422916166","error":""},"_links":{"self":[{"href":"https:\/\/www.europesays.com\/fi\/wp-json\/wp\/v2\/posts\/142570","targetHints":{"allow":["GET"]}}],"collection":[{"href":"https:\/\/www.europesays.com\/fi\/wp-json\/wp\/v2\/posts"}],"about":[{"href":"https:\/\/www.europesays.com\/fi\/wp-json\/wp\/v2\/types\/post"}],"author":[{"embeddable":true,"href":"https:\/\/www.europesays.com\/fi\/wp-json\/wp\/v2\/users\/2"}],"replies":[{"embeddable":true,"href":"https:\/\/www.europesays.com\/fi\/wp-json\/wp\/v2\/comments?post=142570"}],"version-history":[{"count":0,"href":"https:\/\/www.europesays.com\/fi\/wp-json\/wp\/v2\/posts\/142570\/revisions"}],"wp:featuredmedia":[{"embeddable":true,"href":"https:\/\/www.europesays.com\/fi\/wp-json\/wp\/v2\/media\/142571"}],"wp:attachment":[{"href":"https:\/\/www.europesays.com\/fi\/wp-json\/wp\/v2\/media?parent=142570"}],"wp:term":[{"taxonomy":"category","embeddable":true,"href":"https:\/\/www.europesays.com\/fi\/wp-json\/wp\/v2\/categories?post=142570"},{"taxonomy":"post_tag","embeddable":true,"href":"https:\/\/www.europesays.com\/fi\/wp-json\/wp\/v2\/tags?post=142570"}],"curies":[{"name":"wp","href":"https:\/\/api.w.org\/{rel}","templated":true}]}}