{"id":142572,"date":"2026-01-15T01:44:11","date_gmt":"2026-01-15T01:44:11","guid":{"rendered":"https:\/\/www.europesays.com\/fi\/142572\/"},"modified":"2026-01-15T01:44:11","modified_gmt":"2026-01-15T01:44:11","slug":"akk-motorsport-flyingfinn-tv-vuonna-2026-parempaa-sisaltoa-ja-paivitys-tilauksiin","status":"publish","type":"post","link":"https:\/\/www.europesays.com\/fi\/142572\/","title":{"rendered":"AKK Motorsport &#8211; FlyingFinn.tv vuonna 2026: parempaa sis\u00e4lt\u00f6\u00e4 ja p\u00e4ivitys tilauksiin"},"content":{"rendered":"<p>Palvelun kehitysty\u00f6 jatkuu merkitt\u00e4v\u00e4ll\u00e4 panostuksella sis\u00e4ll\u00f6n ja tuotannon laatuun, kun FlyingFinn.tv kehitt\u00e4\u00e4 suomalaisten autourheilul\u00e4hetysten tuotantoa yhteisty\u00f6ss\u00e4 maailmanluokan tuotantoyhti\u00f6n <strong>NEP Finland<\/strong>\u00a0kanssa.<\/p>\n<p>Yhteisty\u00f6n tavoitteena on nostaa FlyingFinn.tv:n\u00a0l\u00e4hetykset uudelle tasolle ja tarjota katsojille entist\u00e4 laadukkaampaa tuotantoa, vahvempaa tarinankerrontaa ja kokonaisvaltaisesti parempi katselukokemus.<\/p>\n<p>NEP Finland Oy:n\u00a0toimitusjohtaja <strong>Marko Viitanen<\/strong>\u00a0kuvaa yhteisty\u00f6n merkityst\u00e4 seuraavasti:<\/p>\n<p>\u201dNEP on globaali toimija ja meille on aidosti merkitt\u00e4v\u00e4\u00e4 p\u00e4\u00e4st\u00e4 tuomaan osaamistamme kotimaisen autourheilun televisiointiin yhdess\u00e4 AKK:n\u00a0kanssa. NEP:n\u00a0tarina Suomessa on alkanut nimenomaan kotimaisten arvosarjojen tuotannosta ja meille on t\u00e4rke\u00e4\u00e4 jakaa osaamista samalla kun kehit\u00e4mme tulevaisuuden tuotantoratkaisuja omalla kotikent\u00e4ll\u00e4mme. Meill\u00e4 on pitk\u00e4 kokemus autourheilun televisioinnista ja sen kruunun jalokiven\u00e4 toimii luonnollisesti rallin MM-sarja. Nyt tuomme saman osaamisen FlyingFinn.tv:hen. Yhdess\u00e4 AKK:n\u00a0kanssa kehit\u00e4mme kaikkien FlyingFinn.tv:n\u00a0lajien televisiotuotantoa kaudelle 2026 ja haluamme samalla l\u00f6yt\u00e4\u00e4 uusia TV-tekij\u00f6it\u00e4 sek\u00e4 tarjota heille urapolkuja tuotantomaailman kiehtovaan maailmaan.\u201d<\/p>\n<p>Uudistunut tuotanto n\u00e4kyy k\u00e4yt\u00e4nn\u00f6ss\u00e4 heti kauden alussa, kun Ralli SM Mikkelin osakilpailu k\u00e4ynnist\u00e4\u00e4 FlyingFinn.tv:n\u00a0kauden 2026 l\u00e4hetykset lauantaina 17. tammikuuta.<\/p>\n<p>\u00a0<\/p>\n<p><strong>Palvelun kehityksen ja laajenevan sis\u00e4lt\u00f6tarjonnan my\u00f6t\u00e4 FlyingFinn.tv p\u00e4ivitt\u00e4\u00e4 tilausmalliaan. Uusi tilausmaksu on\u00a08,90 euroa kuukaudessa. P\u00e4ivitetty hinnoittelu astuu voimaan\u00a028.1.2026. Vuositilauksen hinta on\u00a089 euroa.<\/strong><\/p>\n<p>\u00a0<\/p>\n<p>Tilaajilla on jatkossakin t\u00e4ysi p\u00e4\u00e4sy kaikkeen FlyingFinn.tv:n\u00a0sis\u00e4lt\u00f6\u00f6n. Kauden 2026 aikana palvelun tarjonta laajenee entisest\u00e4\u00e4n, ja ohjelmistoon kuuluu muun muassa <strong>rallicrossin SM-sarja<\/strong>, joka on ollut yksi katsojien toivotuimmista sis\u00e4ll\u00f6ist\u00e4.<\/p>\n<p>FlyingFinn.tv on <strong>AKK-Motorsport ry<\/strong>:n\u00a0virallinen suoratoistopalvelu ja suomalaisen autourheilun koti.<\/p>\n","protected":false},"excerpt":{"rendered":"Palvelun kehitysty\u00f6 jatkuu merkitt\u00e4v\u00e4ll\u00e4 panostuksella sis\u00e4ll\u00f6n ja tuotannon laatuun, kun FlyingFinn.tv kehitt\u00e4\u00e4 suomalaisten autourheilul\u00e4hetysten tuotantoa yhteisty\u00f6ss\u00e4 maailmanluokan tuotantoyhti\u00f6n&hellip;\n","protected":false},"author":2,"featured_media":142573,"comment_status":"","ping_status":"","sticky":false,"template":"","format":"standard","meta":{"footnotes":""},"categories":[76],"tags":[79,77,33,31,30,32,78],"class_list":{"0":"post-142572","1":"post","2":"type-post","3":"status-publish","4":"format-standard","5":"has-post-thumbnail","7":"category-talous","8":"tag-business","9":"tag-economy","10":"tag-fi","11":"tag-finland","12":"tag-finnish","13":"tag-suomi","14":"tag-talous"},"share_on_mastodon":{"url":"https:\/\/pubeurope.com\/@fi\/115896586306508781","error":""},"_links":{"self":[{"href":"https:\/\/www.europesays.com\/fi\/wp-json\/wp\/v2\/posts\/142572","targetHints":{"allow":["GET"]}}],"collection":[{"href":"https:\/\/www.europesays.com\/fi\/wp-json\/wp\/v2\/posts"}],"about":[{"href":"https:\/\/www.europesays.com\/fi\/wp-json\/wp\/v2\/types\/post"}],"author":[{"embeddable":true,"href":"https:\/\/www.europesays.com\/fi\/wp-json\/wp\/v2\/users\/2"}],"replies":[{"embeddable":true,"href":"https:\/\/www.europesays.com\/fi\/wp-json\/wp\/v2\/comments?post=142572"}],"version-history":[{"count":0,"href":"https:\/\/www.europesays.com\/fi\/wp-json\/wp\/v2\/posts\/142572\/revisions"}],"wp:featuredmedia":[{"embeddable":true,"href":"https:\/\/www.europesays.com\/fi\/wp-json\/wp\/v2\/media\/142573"}],"wp:attachment":[{"href":"https:\/\/www.europesays.com\/fi\/wp-json\/wp\/v2\/media?parent=142572"}],"wp:term":[{"taxonomy":"category","embeddable":true,"href":"https:\/\/www.europesays.com\/fi\/wp-json\/wp\/v2\/categories?post=142572"},{"taxonomy":"post_tag","embeddable":true,"href":"https:\/\/www.europesays.com\/fi\/wp-json\/wp\/v2\/tags?post=142572"}],"curies":[{"name":"wp","href":"https:\/\/api.w.org\/{rel}","templated":true}]}}