{"id":142574,"date":"2026-01-15T01:45:14","date_gmt":"2026-01-15T01:45:14","guid":{"rendered":"https:\/\/www.europesays.com\/fi\/142574\/"},"modified":"2026-01-15T01:45:14","modified_gmt":"2026-01-15T01:45:14","slug":"kela-luopuu-paaosin-paperipostista-uutisia-lyhyesti","status":"publish","type":"post","link":"https:\/\/www.europesays.com\/fi\/142574\/","title":{"rendered":"Kela luopuu p\u00e4\u00e4osin paperipostista | Uutisia lyhyesti"},"content":{"rendered":"<p class=\"aw-1gybjub aw-1p7kakr kEtdKx cEmitX yle__article__paragraph\">Kela <a class=\"aw-iao6s4 iHOxEa yle__article__link\" href=\"https:\/\/www.kela.fi\/ajankohtaista\/paperiposti-vaistyy-kelan-kirjeet-tulevat-jatkossa-vain-omakelaan\" role=\"link\" rel=\"nofollow noopener\" target=\"_blank\">luopuu<\/a> p\u00e4\u00e4osin paperipostista t\u00e4st\u00e4 p\u00e4iv\u00e4st\u00e4 l\u00e4htien. Jatkossa paperipostia saavat vain asiakkaat, jotka eiv\u00e4t k\u00e4yt\u00e4 OmaKela-asiointipalvelua.<\/p>\n<p class=\"aw-1gybjub aw-1p7kakr kEtdKx cEmitX yle__article__paragraph\">Asiakkaat, joilla palvelu on k\u00e4yt\u00f6ss\u00e4 ja jotka ovat ilmoittaneet Kelalle s\u00e4hk\u00f6postiosoitteensa tai puhelinnumeronsa, saavat jatkossa p\u00e4\u00e4t\u00f6kset ja kirjeet vain s\u00e4hk\u00f6isesti OmaKelaan. Kun uusi p\u00e4\u00e4t\u00f6s tai kirje on luettavissa, asiakas saa siit\u00e4 ilmoituksen Suomi.fi-viestin\u00e4, s\u00e4hk\u00f6postilla tai tekstiviestill\u00e4.<\/p>\n<p class=\"aw-1gybjub aw-1p7kakr kEtdKx cEmitX yle__article__paragraph\">My\u00f6s OmaKelaa k\u00e4ytt\u00e4v\u00e4 asiakas voi kuitenkin halutessaan valita paperipostin. Valinta tehd\u00e4\u00e4n OmaKelassa tai Kelan asiakaspalvelussa.<\/p>\n<p class=\"aw-1gybjub aw-1p7kakr kEtdKx cEmitX yle__article__paragraph\">Muutos kirjeiden toimitustavassa perustuu viime marraskuussa hyv\u00e4ksyttyyn Kela-lain uudistukseen.<\/p>\n","protected":false},"excerpt":{"rendered":"Kela luopuu p\u00e4\u00e4osin paperipostista t\u00e4st\u00e4 p\u00e4iv\u00e4st\u00e4 l\u00e4htien. Jatkossa paperipostia saavat vain asiakkaat, jotka eiv\u00e4t k\u00e4yt\u00e4 OmaKela-asiointipalvelua. Asiakkaat, joilla&hellip;\n","protected":false},"author":2,"featured_media":142575,"comment_status":"","ping_status":"","sticky":false,"template":"","format":"standard","meta":{"footnotes":""},"categories":[14],"tags":[11849,22,23,26,27,33,31,30,17,4334,71,24,25,28,29,15,18,21,2895,12887,24487,1300,32,19,20,56,16,59,60,61],"class_list":{"0":"post-142574","1":"post","2":"type-post","3":"status-publish","4":"format-standard","5":"has-post-thumbnail","7":"category-ulkomaat","8":"tag-asiakaspalvelu","9":"tag-breaking-news","10":"tag-breakingnews","11":"tag-featured-news","12":"tag-featurednews","13":"tag-fi","14":"tag-finland","15":"tag-finnish","16":"tag-headlines","17":"tag-kansanelakelaitos","18":"tag-kotimaa","19":"tag-latest-news","20":"tag-latestnews","21":"tag-main-news","22":"tag-mainnews","23":"tag-news","24":"tag-otsikot","25":"tag-paauutiset","26":"tag-palvelut","27":"tag-postipalvelut","28":"tag-sahkoinen-asiointi","29":"tag-sosiaalipalvelut","30":"tag-suomi","31":"tag-top-stories","32":"tag-topstories","33":"tag-ulkomaat","34":"tag-uutiset","35":"tag-world","36":"tag-world-news","37":"tag-worldnews"},"share_on_mastodon":{"url":"https:\/\/pubeurope.com\/@fi\/115896590235102849","error":""},"_links":{"self":[{"href":"https:\/\/www.europesays.com\/fi\/wp-json\/wp\/v2\/posts\/142574","targetHints":{"allow":["GET"]}}],"collection":[{"href":"https:\/\/www.europesays.com\/fi\/wp-json\/wp\/v2\/posts"}],"about":[{"href":"https:\/\/www.europesays.com\/fi\/wp-json\/wp\/v2\/types\/post"}],"author":[{"embeddable":true,"href":"https:\/\/www.europesays.com\/fi\/wp-json\/wp\/v2\/users\/2"}],"replies":[{"embeddable":true,"href":"https:\/\/www.europesays.com\/fi\/wp-json\/wp\/v2\/comments?post=142574"}],"version-history":[{"count":0,"href":"https:\/\/www.europesays.com\/fi\/wp-json\/wp\/v2\/posts\/142574\/revisions"}],"wp:featuredmedia":[{"embeddable":true,"href":"https:\/\/www.europesays.com\/fi\/wp-json\/wp\/v2\/media\/142575"}],"wp:attachment":[{"href":"https:\/\/www.europesays.com\/fi\/wp-json\/wp\/v2\/media?parent=142574"}],"wp:term":[{"taxonomy":"category","embeddable":true,"href":"https:\/\/www.europesays.com\/fi\/wp-json\/wp\/v2\/categories?post=142574"},{"taxonomy":"post_tag","embeddable":true,"href":"https:\/\/www.europesays.com\/fi\/wp-json\/wp\/v2\/tags?post=142574"}],"curies":[{"name":"wp","href":"https:\/\/api.w.org\/{rel}","templated":true}]}}