{"id":142584,"date":"2026-01-15T02:07:15","date_gmt":"2026-01-15T02:07:15","guid":{"rendered":"https:\/\/www.europesays.com\/fi\/142584\/"},"modified":"2026-01-15T02:07:15","modified_gmt":"2026-01-15T02:07:15","slug":"laulaja-julio-iglesiasta-kohtaan-esitetty-syytoksia-seksuaalisesta-hairinnasta","status":"publish","type":"post","link":"https:\/\/www.europesays.com\/fi\/142584\/","title":{"rendered":"Laulaja Julio Iglesiasta kohtaan esitetty syyt\u00f6ksi\u00e4 seksuaalisesta h\u00e4irinn\u00e4st\u00e4"},"content":{"rendered":"<p>Espanja|Espanjan viranomaiset tutkivat 82-vuotiasta laulajaa kohtaan esitettyj\u00e4 syyt\u00f6ksi\u00e4.<\/p>\n<p>14.1. 12:33<\/p>\n<p>Lue tiivistelm\u00e4<\/p>\n<p class=\"article-body mb-nof-24 px-nof-16 sndp-summary-bullet-point-font\">Kaksi entist\u00e4 ty\u00f6ntekij\u00e4\u00e4 on esitt\u00e4nyt 82-vuotiasta espanjalaislaulaja Julio Iglesiasta kohtaan syyt\u00f6ksi\u00e4 fyysisest\u00e4, henkisest\u00e4 ja seksuaalisesta v\u00e4kivallasta vuonna 2021. Tapauksesta kirjoittavat muun muassa espanjalais- ja brittimediat.<\/p>\n<p class=\"article-body mb-nof-24 px-nof-16 sndp-summary-bullet-point-font\">Espanjan viranomaiset tutkivat v\u00e4itteit\u00e4.<\/p>\n<p class=\"article-body mb-nof-24 px-nof-16 sndp-summary-bullet-point-font\">Espanjalainen uutissivusto El Diario.es ja televisiokanava Univision Noticias tutkivat v\u00e4itteit\u00e4 kolmen vuoden ajan ja ker\u00e4siv\u00e4t todistusaineistoa 15 entiselt\u00e4 ty\u00f6ntekij\u00e4lt\u00e4.<\/p>\n<p class=\"article-body mb-nof-24 px-nof-16\">Espanjalaislaulaja <a class=\"font-bold underline-offset-[0.12em] [text-decoration:var(--person-link-text-decoration)] ![text-decoration-color:var(--person-link-text-decoration-color)]\" href=\"https:\/\/www.hs.fi\/haku\/?query=Julio%20Iglesiasta\" rel=\"nofollow noopener\" target=\"_blank\">Julio Iglesiasta<\/a> kohtaan on esitetty syyt\u00f6ksi\u00e4 seksuaalisesta h\u00e4irinn\u00e4st\u00e4. Espanjan tunnetuimpiin laulajiin kuuluvaan Iglesiakseen, 82, kohdistuvista v\u00e4itteist\u00e4 kirjoittavat muun muassa espanjalaismediat ja brittimediat <a class=\"underline underline-offset-[0.12em] [text-decoration-thickness:var(--generic-link-underline-thickness)] [text-decoration-color:var(--generic-link-underline-color)] [text-decoration-skip-ink:var(--generic-link-underline-skip-ink)] break-words\" href=\"https:\/\/www.theguardian.com\/world\/2026\/jan\/13\/julio-iglesias-accused-of-sexual-assault-by-two-female-former-employees?CMP=Share_AndroidApp_Other\" rel=\"nofollow noopener\" target=\"_blank\">The Guardian<\/a> ja <a class=\"underline underline-offset-[0.12em] [text-decoration-thickness:var(--generic-link-underline-thickness)] [text-decoration-color:var(--generic-link-underline-color)] [text-decoration-skip-ink:var(--generic-link-underline-skip-ink)] break-words\" href=\"https:\/\/www.bbc.com\/news\/articles\/c4gl8e38m4zo\" rel=\"nofollow noopener\" target=\"_blank\">BBC<\/a>.<\/p>\n<p class=\"article-body mb-nof-24 px-nof-16\">Anonyymein\u00e4 pysyttelev\u00e4t kaksi entist\u00e4 ty\u00f6ntekij\u00e4\u00e4, joista toinen ty\u00f6skenteli laulajan kotiapulaisena ja toinen fysioterapeuttina, kertoivat kokeneensa Iglesiaksen toimesta \u201dfyysist\u00e4, henkist\u00e4 ja seksuaalista v\u00e4kivaltaa sek\u00e4 jatkuvaa h\u00e4irint\u00e4\u00e4\u201d.<\/p>\n<p class=\"article-body mb-nof-24 px-nof-16\">Naiset ty\u00f6skenteliv\u00e4t Iglesiaksen residensseiss\u00e4 Dominikaanisessa tasavallassa ja Bahamalla. Heid\u00e4n mukaansa h\u00e4irint\u00e4 tapahtui vuonna 2021.<\/p>\n<p class=\"article-body mb-nof-24 px-nof-16\">Espanjalainen uutissivusto El Diario.es ja espanjankielinen televisiokanava Univision Noticias tutkivat Iglesiasta vastaan <a class=\"underline underline-offset-[0.12em] [text-decoration-thickness:var(--generic-link-underline-thickness)] [text-decoration-color:var(--generic-link-underline-color)] [text-decoration-skip-ink:var(--generic-link-underline-skip-ink)] break-words\" href=\"https:\/\/www.eldiario.es\/cultura\/laura-rebeca-hablan-denuncia-julio-iglesias-no-mereciamos-maltrato-fisico-psiquico-sexual-sufrimos_1_12904532.html\" rel=\"nofollow noopener\" target=\"_blank\">esitettyj\u00e4 v\u00e4itteit\u00e4<\/a> kolmen vuoden ajan. Todistusaineistoa ker\u00e4ttiin 15 entiselt\u00e4 ty\u00f6ntekij\u00e4lt\u00e4, jotka ty\u00f6skenteliv\u00e4t laulajan alaisina 1990-luvun lopun ja vuoden 2023 v\u00e4lill\u00e4.<\/p>\n<p class=\"article-body mb-nof-24 px-nof-16\">El Diario.esin ja Univisionin mukaan Iglesias ja h\u00e4nen asianajajansa eiv\u00e4t vastanneet v\u00e4itteisiin ennen niiden julkaisemista toistuvista pyynn\u00f6ist\u00e4 huolimatta.<\/p>\n<p class=\"article-body mb-nof-24 px-nof-16\">Viranomaiset Espanjassa tutkivat syyt\u00f6ksi\u00e4.<\/p>\n<p class=\"article-body mb-nof-24 px-nof-16\">Iglesias on ollut tunnettu nimi Espanjassa 1960-luvulta l\u00e4htien ja myynyt urallaan miljoonia levyj\u00e4 maailmanlaajuisesti. H\u00e4n vieraili Suomessa j\u00e4\u00e4hyv\u00e4iskiertueellaan vuonna 2019. Yksi h\u00e4nen lapsistaan on laulaja <a class=\"font-bold underline-offset-[0.12em] [text-decoration:var(--person-link-text-decoration)] ![text-decoration-color:var(--person-link-text-decoration-color)]\" href=\"https:\/\/www.hs.fi\/haku\/?query=Enrique%20Iglesias\" rel=\"nofollow noopener\" target=\"_blank\">Enrique Iglesias<\/a>.<\/p>\n","protected":false},"excerpt":{"rendered":"Espanja|Espanjan viranomaiset tutkivat 82-vuotiasta laulajaa kohtaan esitettyj\u00e4 syyt\u00f6ksi\u00e4. 14.1. 12:33 Lue tiivistelm\u00e4 Kaksi entist\u00e4 ty\u00f6ntekij\u00e4\u00e4 on esitt\u00e4nyt 82-vuotiasta&hellip;\n","protected":false},"author":2,"featured_media":142585,"comment_status":"","ping_status":"","sticky":false,"template":"","format":"standard","meta":{"footnotes":""},"categories":[130],"tags":[137,33,31,30,46,32,109],"class_list":{"0":"post-142584","1":"post","2":"type-post","3":"status-publish","4":"format-standard","5":"has-post-thumbnail","7":"category-viihde","8":"tag-entertainment","9":"tag-fi","10":"tag-finland","11":"tag-finnish","12":"tag-helsingin-sanomat","13":"tag-suomi","14":"tag-viihde"},"share_on_mastodon":{"url":"https:\/\/pubeurope.com\/@fi\/115896676662841060","error":""},"_links":{"self":[{"href":"https:\/\/www.europesays.com\/fi\/wp-json\/wp\/v2\/posts\/142584","targetHints":{"allow":["GET"]}}],"collection":[{"href":"https:\/\/www.europesays.com\/fi\/wp-json\/wp\/v2\/posts"}],"about":[{"href":"https:\/\/www.europesays.com\/fi\/wp-json\/wp\/v2\/types\/post"}],"author":[{"embeddable":true,"href":"https:\/\/www.europesays.com\/fi\/wp-json\/wp\/v2\/users\/2"}],"replies":[{"embeddable":true,"href":"https:\/\/www.europesays.com\/fi\/wp-json\/wp\/v2\/comments?post=142584"}],"version-history":[{"count":0,"href":"https:\/\/www.europesays.com\/fi\/wp-json\/wp\/v2\/posts\/142584\/revisions"}],"wp:featuredmedia":[{"embeddable":true,"href":"https:\/\/www.europesays.com\/fi\/wp-json\/wp\/v2\/media\/142585"}],"wp:attachment":[{"href":"https:\/\/www.europesays.com\/fi\/wp-json\/wp\/v2\/media?parent=142584"}],"wp:term":[{"taxonomy":"category","embeddable":true,"href":"https:\/\/www.europesays.com\/fi\/wp-json\/wp\/v2\/categories?post=142584"},{"taxonomy":"post_tag","embeddable":true,"href":"https:\/\/www.europesays.com\/fi\/wp-json\/wp\/v2\/tags?post=142584"}],"curies":[{"name":"wp","href":"https:\/\/api.w.org\/{rel}","templated":true}]}}