{"id":142588,"date":"2026-01-15T02:11:08","date_gmt":"2026-01-15T02:11:08","guid":{"rendered":"https:\/\/www.europesays.com\/fi\/142588\/"},"modified":"2026-01-15T02:11:08","modified_gmt":"2026-01-15T02:11:08","slug":"suomessa-on-keskusteltu-suorasta-demokratiasta","status":"publish","type":"post","link":"https:\/\/www.europesays.com\/fi\/142588\/","title":{"rendered":"Suomessa on keskusteltu suorasta demokratiasta"},"content":{"rendered":"<p>Lukijan mielipide|Eduskunnassa suoraa demokratiaa on k\u00e4sitelty muun muassa EU-j\u00e4senyyden yhteydess\u00e4.<\/p>\n<p class=\"article-body nof-ui-body-medium mb-nof-24 px-nof-16\">Kirjoitus on Helsingin Sanomien lukijan mielipide.<\/p>\n<p class=\"article-body mb-nof-24 px-nof-16\">Akseli Kantanen kirjoitti <a class=\"underline underline-offset-[0.12em] [text-decoration-thickness:var(--generic-link-underline-thickness)] [text-decoration-color:var(--generic-link-underline-color)] [text-decoration-skip-ink:var(--generic-link-underline-skip-ink)] break-words\" href=\"https:\/\/www.hs.fi\/mielipide\/art-2000011734776.html\" rel=\"nofollow noopener\" target=\"_blank\">(HS 10.1.)<\/a>, ettei Suomessa olisi keskusteltu suoran demokratian mahdollisuuksista. T\u00e4m\u00e4 ei pid\u00e4 paikkaansa. Eduskunnassa suoraa demokratiaa on k\u00e4sitelty muun muassa EU-j\u00e4senyyden yhteydess\u00e4 (1995), perustuslakiuudistuksissa (2000) ja kansalaisaloitetta k\u00e4ytt\u00f6\u00f6n otettaessa (2012). Suomessa suora demokratia on kuitenkin l\u00e4hes aina tarkoittanut parlamenttiin kytkettyj\u00e4 osallistumiskanavia, kuten kansalaisaloitteita \u2013 ei sitovia kansan\u00e4\u00e4nestyksi\u00e4. Nato-j\u00e4senyys ratkaistiin legitiimisti eduskunnan \u00e4\u00e4nestyksell\u00e4.<\/p>\n<p class=\"article-body mb-nof-24 px-nof-16\">Suomalainen keskustelu on seurannut eurooppalaista kehityst\u00e4. 2000-lukua leimasi ajoittain digitaalisen viestinn\u00e4n nousuun liittynyt innostus, jossa tarkoituksellisestikin sekoitettiin \u201dsuora\u201d ja \u201dosallistava\u201d demokratia. Kansan\u00e4\u00e4nestyksi\u00e4 vaativat usein v\u00e4hemmist\u00f6ss\u00e4 olleet ryhm\u00e4t vastustaakseen enemmist\u00f6n kannattamaa politiikkaa: \u00e4\u00e4rioikeisto, euroskeptikot ja \u00e4\u00e4rivasemmisto, jotka ovat puhuneet \u201ddemokratian kriisist\u00e4\u201d kyseenalaistaakseen j\u00e4rjestelm\u00e4n oikeutuksen.<\/p>\n<p class=\"article-body mb-nof-24 px-nof-16\">Suoran demokratian kannatus on siirtynyt vasemmistosta ja vihreist\u00e4 maltillisten puolueiden kautta oikeistopopulistien ihmel\u00e4\u00e4kkeeksi. Brexitin ja oikeistopopulismin nousun my\u00f6t\u00e4 suorasta demokratiasta on tullut kiistanalainen, edustuksellista demokratiaa haastava malli. Suomessa perussuomalaiset ovat kierr\u00e4tt\u00e4neet Britanniasta, Ranskasta ja Saksasta tuttua \u00e4\u00e4rioikeistolaista puhetapaa.<\/p>\n<p class=\"article-body mb-nof-24 px-nof-16\">Osallistava demokratia on sen sijaan s\u00e4ilytt\u00e4nyt asemansa edustuksellisen demokratian oikeutuksen rakentajana. Suomessa sen toteutus on painottunut kansalaisaloitteisiin ja kuntademokratiaan. N\u00e4ill\u00e4 voidaan tukea kansalaisten osallistumista ja luottamusta poliittisiin instituutioihin. Vahvan suomalaisen parlamentaarisen demokratian korvaajiksi niist\u00e4 taikka suorasta demokratiasta ei kuitenkaan ole.<\/p>\n<p class=\"article-body mb-nof-24 px-nof-16\">Pasi Ihalainen<\/p>\n<p class=\"article-body mb-nof-24 px-nof-16\">akatemiaprofessori, Jyv\u00e4skyl\u00e4<\/p>\n<p class=\"article-body nof-ui-body-medium mb-nof-24 px-nof-16\">HS:n toimitus valitsee ja toimittaa mielipidekirjoitukset. Voit j\u00e4tt\u00e4\u00e4 mielipidekirjoituksen tai tutustua kirjoitusten periaatteisiin osoitteessa <a class=\"underline underline-offset-[0.12em] [text-decoration-thickness:var(--generic-link-underline-thickness)] [text-decoration-color:var(--generic-link-underline-color)] [text-decoration-skip-ink:var(--generic-link-underline-skip-ink)] break-words font-[inherit] [font-size:var(--nof-semantic-font-size-content-small-minus-1)] text-[var(--nof-semantic-color-foreground-secondary)]\" href=\"http:\/\/www.hs.fi\/kirjoitamielipidekirjoitus\/\" rel=\"nofollow noopener\" target=\"_blank\">http:\/\/www.hs.fi\/kirjoitamielipidekirjoitus\/<\/a>.<\/p>\n","protected":false},"excerpt":{"rendered":"Lukijan mielipide|Eduskunnassa suoraa demokratiaa on k\u00e4sitelty muun muassa EU-j\u00e4senyyden yhteydess\u00e4. Kirjoitus on Helsingin Sanomien lukijan mielipide. Akseli Kantanen&hellip;\n","protected":false},"author":2,"featured_media":96697,"comment_status":"","ping_status":"","sticky":false,"template":"","format":"standard","meta":{"footnotes":""},"categories":[14],"tags":[22,23,26,27,33,31,30,17,46,24,25,28,29,15,18,21,32,19,20,56,16,59,60,61],"class_list":{"0":"post-142588","1":"post","2":"type-post","3":"status-publish","4":"format-standard","5":"has-post-thumbnail","7":"category-ulkomaat","8":"tag-breaking-news","9":"tag-breakingnews","10":"tag-featured-news","11":"tag-featurednews","12":"tag-fi","13":"tag-finland","14":"tag-finnish","15":"tag-headlines","16":"tag-helsingin-sanomat","17":"tag-latest-news","18":"tag-latestnews","19":"tag-main-news","20":"tag-mainnews","21":"tag-news","22":"tag-otsikot","23":"tag-paauutiset","24":"tag-suomi","25":"tag-top-stories","26":"tag-topstories","27":"tag-ulkomaat","28":"tag-uutiset","29":"tag-world","30":"tag-world-news","31":"tag-worldnews"},"share_on_mastodon":{"url":"https:\/\/pubeurope.com\/@fi\/115896692475958205","error":""},"_links":{"self":[{"href":"https:\/\/www.europesays.com\/fi\/wp-json\/wp\/v2\/posts\/142588","targetHints":{"allow":["GET"]}}],"collection":[{"href":"https:\/\/www.europesays.com\/fi\/wp-json\/wp\/v2\/posts"}],"about":[{"href":"https:\/\/www.europesays.com\/fi\/wp-json\/wp\/v2\/types\/post"}],"author":[{"embeddable":true,"href":"https:\/\/www.europesays.com\/fi\/wp-json\/wp\/v2\/users\/2"}],"replies":[{"embeddable":true,"href":"https:\/\/www.europesays.com\/fi\/wp-json\/wp\/v2\/comments?post=142588"}],"version-history":[{"count":0,"href":"https:\/\/www.europesays.com\/fi\/wp-json\/wp\/v2\/posts\/142588\/revisions"}],"wp:featuredmedia":[{"embeddable":true,"href":"https:\/\/www.europesays.com\/fi\/wp-json\/wp\/v2\/media\/96697"}],"wp:attachment":[{"href":"https:\/\/www.europesays.com\/fi\/wp-json\/wp\/v2\/media?parent=142588"}],"wp:term":[{"taxonomy":"category","embeddable":true,"href":"https:\/\/www.europesays.com\/fi\/wp-json\/wp\/v2\/categories?post=142588"},{"taxonomy":"post_tag","embeddable":true,"href":"https:\/\/www.europesays.com\/fi\/wp-json\/wp\/v2\/tags?post=142588"}],"curies":[{"name":"wp","href":"https:\/\/api.w.org\/{rel}","templated":true}]}}