{"id":142593,"date":"2026-01-15T02:25:11","date_gmt":"2026-01-15T02:25:11","guid":{"rendered":"https:\/\/www.europesays.com\/fi\/142593\/"},"modified":"2026-01-15T02:25:11","modified_gmt":"2026-01-15T02:25:11","slug":"black-midi-kitaristi-matt-kwasniewski-kelvin-26-on-kuollut-kaikista-yrityksista-huolimatta-han-antautui","status":"publish","type":"post","link":"https:\/\/www.europesays.com\/fi\/142593\/","title":{"rendered":"Black Midi -kitaristi Matt Kwasniewski-Kelvin, 26, on kuollut &#8211; &#8221;Kaikista yrityksist\u00e4 huolimatta h\u00e4n antautui&#8221;"},"content":{"rendered":"<p>Brittil\u00e4isest\u00e4 Black Midi \u2013 yhtyeest\u00e4 tunnettu kitaristi Matt Kwasniewski-Kelvin on kuollut. Asiasta uutisoi muun muassa<a href=\"https:\/\/www.theguardian.com\/music\/2026\/jan\/12\/matt-kwasniewski-kelvin-guitarist-for-rock-band-black-midi-dies-aged-26\" target=\"_blank\" rel=\"noreferrer noopener nofollow\"> The Guardian<\/a>. L\u00e4heisten julkaiseman tiedotteen mukaan 26-vuotias Kwasniewski-Kelvin h\u00e4visi \u201dpitk\u00e4\u00e4n jatkuneen kamppailun mielenterveysongelmien kanssa.\u201d<\/p>\n<p>\u201dKaikista yrityksist\u00e4 huolimatta h\u00e4n, lahjakas muusikko ja yst\u00e4v\u00e4llinen, rakastava mies, antautui. H\u00e4nt\u00e4 tullaan aina rakastaan. Pyyd\u00e4mme, huolehtikaa rakkaistanne, jotta t\u00e4llaista ei tapahtuisi\u201d, muusikon l\u00e4heiset kirjoittavat tiedotteessa, jonka on jakanut muun muassa Black Midin levy-yhti\u00f6 Rough Trade Records.<\/p>\n<p>Kwasniewski-Kelvin perusti maineikkaan kokeellista rokkia soittaneen Black Midin vuonna 2017 yhdess\u00e4 laulaja Geordie Greepin, basisti Cameron pictonin ja rumpali Morgan Simpsonin kanssa. Yhtye julkaisi debyyttialbuminsa Schlagenheim vuonna 2019 ja vuoden 2021 alussa kitaristi j\u00e4tt\u00e4ytyi yhtyeen riveist\u00e4 keskitty\u00e4kseen mielenterveyteens\u00e4. Muu kolmikko jatkoi sessiomuusikoiden kanssa vuoteen 2024 saakka, jonka j\u00e4lkeen koko b\u00e4ndi j\u00e4i m\u00e4\u00e4rittelem\u00e4tt\u00f6m\u00e4n pituiselle tauolle.<\/p>\n<p>Suomessa Black Midi on esiintynyt kahdesti: vuonna 2019 Sideway-festareilla sek\u00e4 2022 Flow\u2019ssa.<\/p>\n<p><img loading=\"lazy\" decoding=\"async\" alt=\"YouTube video\" width=\"480\" height=\"360\" data-pin-nopin=\"true\" nopin=\"nopin\" class=\"perfmatters-lazy\" src=\"https:\/\/www.europesays.com\/fi\/wp-content\/uploads\/2026\/01\/1768443911_896_hqdefault.jpg\"\/><\/p>\n<p>Lue my\u00f6s: <a href=\"https:\/\/www.soundi.fi\/uutiskirje\/\" title=\"Tilaa Soundin uutiskirje\" class=\"underline-custom !font-montserrat !font-bold !underline-offset-4 !decoration-4 !decoration-red-600 !text-md\" rel=\"nofollow noopener\" target=\"_blank\">Tilaa Soundin uutiskirje ja tied\u00e4t mist\u00e4 kahvitauolla puhutaan! Nappaa ajankohtaiset musiikin uutiset ja puheenaiheet suoraan s\u00e4hk\u00f6postiin t\u00e4st\u00e4.<\/a><\/p>\n","protected":false},"excerpt":{"rendered":"Brittil\u00e4isest\u00e4 Black Midi \u2013 yhtyeest\u00e4 tunnettu kitaristi Matt Kwasniewski-Kelvin on kuollut. Asiasta uutisoi muun muassa The Guardian. L\u00e4heisten&hellip;\n","protected":false},"author":2,"featured_media":142594,"comment_status":"","ping_status":"","sticky":false,"template":"","format":"standard","meta":{"footnotes":""},"categories":[136],"tags":[407,137,33,31,30,408,32,109],"class_list":{"0":"post-142593","1":"post","2":"type-post","3":"status-publish","4":"format-standard","5":"has-post-thumbnail","7":"category-julkkikset","8":"tag-celebrities","9":"tag-entertainment","10":"tag-fi","11":"tag-finland","12":"tag-finnish","13":"tag-julkkikset","14":"tag-suomi","15":"tag-viihde"},"share_on_mastodon":{"url":"https:\/\/pubeurope.com\/@fi\/115896747513050527","error":""},"_links":{"self":[{"href":"https:\/\/www.europesays.com\/fi\/wp-json\/wp\/v2\/posts\/142593","targetHints":{"allow":["GET"]}}],"collection":[{"href":"https:\/\/www.europesays.com\/fi\/wp-json\/wp\/v2\/posts"}],"about":[{"href":"https:\/\/www.europesays.com\/fi\/wp-json\/wp\/v2\/types\/post"}],"author":[{"embeddable":true,"href":"https:\/\/www.europesays.com\/fi\/wp-json\/wp\/v2\/users\/2"}],"replies":[{"embeddable":true,"href":"https:\/\/www.europesays.com\/fi\/wp-json\/wp\/v2\/comments?post=142593"}],"version-history":[{"count":0,"href":"https:\/\/www.europesays.com\/fi\/wp-json\/wp\/v2\/posts\/142593\/revisions"}],"wp:featuredmedia":[{"embeddable":true,"href":"https:\/\/www.europesays.com\/fi\/wp-json\/wp\/v2\/media\/142594"}],"wp:attachment":[{"href":"https:\/\/www.europesays.com\/fi\/wp-json\/wp\/v2\/media?parent=142593"}],"wp:term":[{"taxonomy":"category","embeddable":true,"href":"https:\/\/www.europesays.com\/fi\/wp-json\/wp\/v2\/categories?post=142593"},{"taxonomy":"post_tag","embeddable":true,"href":"https:\/\/www.europesays.com\/fi\/wp-json\/wp\/v2\/tags?post=142593"}],"curies":[{"name":"wp","href":"https:\/\/api.w.org\/{rel}","templated":true}]}}