{"id":142595,"date":"2026-01-15T02:32:09","date_gmt":"2026-01-15T02:32:09","guid":{"rendered":"https:\/\/www.europesays.com\/fi\/142595\/"},"modified":"2026-01-15T02:32:09","modified_gmt":"2026-01-15T02:32:09","slug":"huippupuolustaja-jani-hakanpaa-vahvistaa-karppia-loppukauden-ajan-mutta-sopimus-sisaltaa-nhl-option-urheilu","status":"publish","type":"post","link":"https:\/\/www.europesays.com\/fi\/142595\/","title":{"rendered":"Huippupuolustaja Jani Hakanp\u00e4\u00e4 vahvistaa K\u00e4rppi\u00e4 loppukauden ajan, mutta sopimus sis\u00e4lt\u00e4\u00e4 NHL-option | Urheilu"},"content":{"rendered":"<p>J\u00e4\u00e4kiekkoliigassa pelaava K\u00e4rp\u00e4t kertoi keskiviikkona tehneens\u00e4 loppukauden kattavan sopimuksen NHL-taustaisen huippupuolustajan Jani Hakanp\u00e4\u00e4n kanssa. H\u00e4nen on tarkoitus aloittaa pelins\u00e4 ensi viikolla.<\/p>\n<p>Hakanp\u00e4\u00e4, 33, esiteltiin oululaisyleis\u00f6lle K\u00e4rp\u00e4t\u2013SaiPa-ottelun ensimm\u00e4isess\u00e4 er\u00e4ss\u00e4. Ottelu p\u00e4\u00e4ttyi lopulta SaiPan 2\u20131-voittoon.<\/p>\n<p>Hakanp\u00e4\u00e4 on k\u00e4rsinyt pahasta polvivammasta, eik\u00e4 h\u00e4n ole pelannut t\u00e4ll\u00e4 kaudella viel\u00e4 peli\u00e4k\u00e4\u00e4n. Viime kaudellakin saldoksi j\u00e4i vain kaksi NHL-ottelua Toronto Maple Leafsissa ja kaksi AHL-ottelua Toronto Marliesissa.<\/p>\n<p>Puolustajaj\u00e4rk\u00e4leen edellisist\u00e4 otteluista on kulunut jo 14 kuukautta. Viime elokuussa pelatussa K\u00e4rppien hyv\u00e4ntekev\u00e4isyysottelussa Hakanp\u00e4\u00e4 kuitenkin n\u00e4ytti, ett\u00e4 polven kest\u00e4ess\u00e4 h\u00e4nell\u00e4 on edelleen kaikki ev\u00e4\u00e4t pelata huipulla.<\/p>\n<p>Hakanp\u00e4\u00e4 on harjoitellut kauden mittaan yhdess\u00e4 K\u00e4rppien kanssa, joten t\u00e4yten\u00e4 yll\u00e4tyksen\u00e4 h\u00e4nen liigasopimuksensa ei tullut.<\/p>\n<p>Hakanp\u00e4\u00e4n tavoitteena on kuitenkin ollut koko ajan NHL-uran jatkaminen. Nyt solmittu sopimus sis\u00e4lt\u00e4\u00e4 NHL-option.<\/p>\n<p>-\u2009Tuon K\u00e4rppien koppiin kokemusta ja johtajuutta, ja tietenkin my\u00f6s virtaa ja energiaa, Hakanp\u00e4\u00e4 kertoi.<\/p>\n<p>Ennen NHL-uraansa Hakanp\u00e4\u00e4 pelasi K\u00e4rpiss\u00e4 vuosina 2015\u201319.<\/p>\n","protected":false},"excerpt":{"rendered":"J\u00e4\u00e4kiekkoliigassa pelaava K\u00e4rp\u00e4t kertoi keskiviikkona tehneens\u00e4 loppukauden kattavan sopimuksen NHL-taustaisen huippupuolustajan Jani Hakanp\u00e4\u00e4n kanssa. H\u00e4nen on tarkoitus aloittaa&hellip;\n","protected":false},"author":2,"featured_media":142596,"comment_status":"","ping_status":"","sticky":false,"template":"","format":"standard","meta":{"footnotes":""},"categories":[158],"tags":[1144,1274,33,31,30,1143,1146,9492,159,32,1145,4373,160],"class_list":{"0":"post-142595","1":"post","2":"type-post","3":"status-publish","4":"format-standard","5":"has-post-thumbnail","7":"category-urheilu","8":"tag-ammattilaisjaakiekko","9":"tag-ammattiurheilu","10":"tag-fi","11":"tag-finland","12":"tag-finnish","13":"tag-jaakiekko","14":"tag-miesten-jaakiekko","15":"tag-saipa","16":"tag-sports","17":"tag-suomi","18":"tag-talviurheilu","19":"tag-toronto","20":"tag-urheilu"},"share_on_mastodon":{"url":"https:\/\/pubeurope.com\/@fi\/115896775066918056","error":""},"_links":{"self":[{"href":"https:\/\/www.europesays.com\/fi\/wp-json\/wp\/v2\/posts\/142595","targetHints":{"allow":["GET"]}}],"collection":[{"href":"https:\/\/www.europesays.com\/fi\/wp-json\/wp\/v2\/posts"}],"about":[{"href":"https:\/\/www.europesays.com\/fi\/wp-json\/wp\/v2\/types\/post"}],"author":[{"embeddable":true,"href":"https:\/\/www.europesays.com\/fi\/wp-json\/wp\/v2\/users\/2"}],"replies":[{"embeddable":true,"href":"https:\/\/www.europesays.com\/fi\/wp-json\/wp\/v2\/comments?post=142595"}],"version-history":[{"count":0,"href":"https:\/\/www.europesays.com\/fi\/wp-json\/wp\/v2\/posts\/142595\/revisions"}],"wp:featuredmedia":[{"embeddable":true,"href":"https:\/\/www.europesays.com\/fi\/wp-json\/wp\/v2\/media\/142596"}],"wp:attachment":[{"href":"https:\/\/www.europesays.com\/fi\/wp-json\/wp\/v2\/media?parent=142595"}],"wp:term":[{"taxonomy":"category","embeddable":true,"href":"https:\/\/www.europesays.com\/fi\/wp-json\/wp\/v2\/categories?post=142595"},{"taxonomy":"post_tag","embeddable":true,"href":"https:\/\/www.europesays.com\/fi\/wp-json\/wp\/v2\/tags?post=142595"}],"curies":[{"name":"wp","href":"https:\/\/api.w.org\/{rel}","templated":true}]}}