{"id":142601,"date":"2026-01-15T02:37:08","date_gmt":"2026-01-15T02:37:08","guid":{"rendered":"https:\/\/www.europesays.com\/fi\/142601\/"},"modified":"2026-01-15T02:37:08","modified_gmt":"2026-01-15T02:37:08","slug":"gronlannin-varapaaministeri-lisaa-nato-maiden-joukkoja-saapumassa-lahipaivina-uutisia-lyhyesti","status":"publish","type":"post","link":"https:\/\/www.europesays.com\/fi\/142601\/","title":{"rendered":"Gr\u00f6nlannin vara\u00adp\u00e4\u00e4ministeri: Lis\u00e4\u00e4 Nato-maiden joukkoja saapumassa l\u00e4hip\u00e4ivin\u00e4 | Uutisia lyhyesti"},"content":{"rendered":"<p class=\"aw-1gybjub aw-1p7kakr kEtdKx cEmitX yle__article__paragraph\">Lis\u00e4\u00e4 sotilasliitto Naton joukkoja saapuu Gr\u00f6nlantiin l\u00e4hip\u00e4ivien aikana, kertoo Gr\u00f6nlannin varap\u00e4\u00e4ministeri <strong class=\"aw-ak79eh KyCXm yle__article__strong\">Mute Egede<\/strong>. H\u00e4n kommentoi asiaa lehdist\u00f6tilaisuudessa sen j\u00e4lkeen, kun Gr\u00f6nlannin ja Tanskan ulkoministerit olivat tavanneet Yhdysvaltain edustajia Valkoisessa talossa keskiviikkona.<\/p>\n<p class=\"aw-1gybjub aw-1p7kakr kEtdKx cEmitX yle__article__paragraph\">\u2013 Gr\u00f6nlantiin odotetaan lis\u00e4\u00e4 Naton j\u00e4senmaiden sotilaita t\u00e4st\u00e4 p\u00e4iv\u00e4st\u00e4 l\u00e4htien sek\u00e4 my\u00f6s l\u00e4hip\u00e4ivin\u00e4. Odotettavissa on, ett\u00e4 paikalle saapuu enemm\u00e4n sotilaslentoja sek\u00e4 sota-aluksia, Egede sanoi.<\/p>\n<p class=\"aw-1gybjub aw-1p7kakr kEtdKx cEmitX yle__article__paragraph\">H\u00e4n lis\u00e4si, ett\u00e4 paikalle odotettavat joukot osallistuvat harjoituksiin.<\/p>\n<p class=\"aw-1gybjub aw-1p7kakr kEtdKx cEmitX yle__article__paragraph\">Ranska, Saksa sek\u00e4 Pohjoismaat <a class=\"aw-iao6s4 iHOxEa yle__article__link\" href=\"https:\/\/yle.fi\/a\/74-20204328\" role=\"link\" rel=\"nofollow noopener\" target=\"_blank\">kertoivat aiemmin<\/a> osallistuvansa sotaharjoitukseen Gr\u00f6nlannissa, jonka Tanska j\u00e4rjest\u00e4\u00e4.<\/p>\n<p class=\"aw-1gybjub aw-1p7kakr kEtdKx cEmitX yle__article__paragraph\">L\u00e4hde: Reuters<\/p>\n","protected":false},"excerpt":{"rendered":"Lis\u00e4\u00e4 sotilasliitto Naton joukkoja saapuu Gr\u00f6nlantiin l\u00e4hip\u00e4ivien aikana, kertoo Gr\u00f6nlannin varap\u00e4\u00e4ministeri Mute Egede. H\u00e4n kommentoi asiaa lehdist\u00f6tilaisuudessa sen&hellip;\n","protected":false},"author":2,"featured_media":74,"comment_status":"","ping_status":"","sticky":false,"template":"","format":"standard","meta":{"footnotes":""},"categories":[14],"tags":[22,23,26,27,33,31,30,4538,17,70,24,25,28,29,2579,15,18,21,1399,7980,32,1014,19,20,56,16,59,60,61],"class_list":{"0":"post-142601","1":"post","2":"type-post","3":"status-publish","4":"format-standard","5":"has-post-thumbnail","7":"category-ulkomaat","8":"tag-breaking-news","9":"tag-breakingnews","10":"tag-featured-news","11":"tag-featurednews","12":"tag-fi","13":"tag-finland","14":"tag-finnish","15":"tag-gronlanti","16":"tag-headlines","17":"tag-kansainvalinen-politiikka","18":"tag-latest-news","19":"tag-latestnews","20":"tag-main-news","21":"tag-mainnews","22":"tag-nato","23":"tag-news","24":"tag-otsikot","25":"tag-paauutiset","26":"tag-pohjoismaat","27":"tag-sotaharjoitukset","28":"tag-suomi","29":"tag-tanska","30":"tag-top-stories","31":"tag-topstories","32":"tag-ulkomaat","33":"tag-uutiset","34":"tag-world","35":"tag-world-news","36":"tag-worldnews"},"share_on_mastodon":{"url":"https:\/\/pubeurope.com\/@fi\/115896794680548648","error":""},"_links":{"self":[{"href":"https:\/\/www.europesays.com\/fi\/wp-json\/wp\/v2\/posts\/142601","targetHints":{"allow":["GET"]}}],"collection":[{"href":"https:\/\/www.europesays.com\/fi\/wp-json\/wp\/v2\/posts"}],"about":[{"href":"https:\/\/www.europesays.com\/fi\/wp-json\/wp\/v2\/types\/post"}],"author":[{"embeddable":true,"href":"https:\/\/www.europesays.com\/fi\/wp-json\/wp\/v2\/users\/2"}],"replies":[{"embeddable":true,"href":"https:\/\/www.europesays.com\/fi\/wp-json\/wp\/v2\/comments?post=142601"}],"version-history":[{"count":0,"href":"https:\/\/www.europesays.com\/fi\/wp-json\/wp\/v2\/posts\/142601\/revisions"}],"wp:featuredmedia":[{"embeddable":true,"href":"https:\/\/www.europesays.com\/fi\/wp-json\/wp\/v2\/media\/74"}],"wp:attachment":[{"href":"https:\/\/www.europesays.com\/fi\/wp-json\/wp\/v2\/media?parent=142601"}],"wp:term":[{"taxonomy":"category","embeddable":true,"href":"https:\/\/www.europesays.com\/fi\/wp-json\/wp\/v2\/categories?post=142601"},{"taxonomy":"post_tag","embeddable":true,"href":"https:\/\/www.europesays.com\/fi\/wp-json\/wp\/v2\/tags?post=142601"}],"curies":[{"name":"wp","href":"https:\/\/api.w.org\/{rel}","templated":true}]}}