{"id":142604,"date":"2026-01-15T02:39:11","date_gmt":"2026-01-15T02:39:11","guid":{"rendered":"https:\/\/www.europesays.com\/fi\/142604\/"},"modified":"2026-01-15T02:39:11","modified_gmt":"2026-01-15T02:39:11","slug":"tekninen-lautakunta-kasittelee-kaytosta-poistuneiden-rakennusten-purkuesityksia","status":"publish","type":"post","link":"https:\/\/www.europesays.com\/fi\/142604\/","title":{"rendered":"Tekninen lautakunta k\u00e4sittelee k\u00e4yt\u00f6st\u00e4 poistuneiden rakennusten purkuesityksi\u00e4"},"content":{"rendered":"<p>\n                                        Reposaaren kivikoulun laajennusosaa ja Uudenkoiviston entist\u00e4 p\u00e4iv\u00e4kotirakennusta esitet\u00e4\u00e4n purettaviksi. Toiminta rakennuksissa on p\u00e4\u00e4ttynyt, eik\u00e4 niille ole en\u00e4\u00e4 osoitettavissa jatkok\u00e4ytt\u00f6\u00e4. Lis\u00e4ksi vuoden 2026 aikana on tarkoitus purkaa vanha saunarakennus ja entinen asuinrakennus Noormarkussa sek\u00e4 vanhan asuntoalueen rakennuksia Tahkoluodon satama- ja voimalaitosalueen l\u00e4heisyydess\u00e4. Tekninen lautakunta k\u00e4sittelee rakennusten purkua kokouksessaan tiistaina 20. tammikuuta.\n                                    <\/p>\n<p>Reposaaren Kirkkokadulla sijaitseva vanha kivikoulurakennus on kokonaisuudessaan suojeltu. Koulun vuonna 1955 rakennettu laajennusosa on huonokuntoinen, ja sen purkamisesta on keskusteltu alustavasti museoviranomaisten kanssa. Samassa yhteydess\u00e4 rakennuksen alkuper\u00e4inen osa on tarkoitus kunnostaa v\u00e4hint\u00e4\u00e4n niilt\u00e4 osin kuin se on laajennuksen purkamisen j\u00e4lkeen tarpeen, jotta tilojen nykyinen yhdistysk\u00e4ytt\u00f6 voi jatkua turvallisesti ja tarkoituksenmukaisesti. Sek\u00e4 purku- ett\u00e4 kunnostustoimenpiteet toteutetaan suojelum\u00e4\u00e4r\u00e4ykset ja viranomaisten kannanotot huomioiden. Toimenpiteiden kustannusarvio tarkentuu korjaus- ja purkusuunnittelun valmistumisen my\u00f6t\u00e4, ja laajennusosan purkaminen ajoittuu talousarvion m\u00e4\u00e4r\u00e4rahojen puitteissa joko vuodelle 2026 tai vaihtoehtoisesti vuodelle 2027.<\/p>\n<p>Uudenkoiviston entisen p\u00e4iv\u00e4kodin tilojen toiminta on p\u00e4\u00e4ttynyt vuoden vaihteessa, eik\u00e4 rakennukselle ole en\u00e4\u00e4 osoitettavissa tarkoituksenmukaista tai kustannustehokasta jatkok\u00e4ytt\u00f6\u00e4. Rakennuksen purkaminen on perusteltua kiinteist\u00f6kannan hallinnan sek\u00e4 tontin jatkokehitt\u00e4misen n\u00e4k\u00f6kulmasta.<\/p>\n<p>My\u00f6s Noormarkussa Eva Ahlstr\u00f6min tiell\u00e4 sijaitsevaa vanhaa suojeltua saunarakennusta esitet\u00e4\u00e4n purettavaksi. Tyhjill\u00e4\u00e4n olevan rakennuksen purkaminen on perusteltua muun muassa turvallisuuden sek\u00e4 alueen tarkoituksenmukaisen k\u00e4yt\u00f6n n\u00e4k\u00f6kulmasta. Asiassa on kuultu museoviranomaista, ja rakennuksen huonokuntoisuuden sek\u00e4 jatkok\u00e4ytt\u00f6mahdollisuuksien puuttumisen huomioiden museo ei n\u00e4e estett\u00e4 purkamiselle. My\u00f6sk\u00e4\u00e4n huonokuntoiselle ja talotekniikaltaan vanhentuneelle Kankaan koulun entiselle asuinrakennukselle ei ole en\u00e4\u00e4 osoitettavissa tarkoituksenmukaista tai kustannustehokasta k\u00e4ytt\u00f6\u00e4.<\/p>\n<p>Tahkoluodon alueella Kaartotiell\u00e4, Reposaarentiell\u00e4 ja Reposaaren maantiell\u00e4 sijaitsevat 11 rakennusta ovat poistuneet k\u00e4yt\u00f6st\u00e4 osana Tahkoluodon satama- ja voimalaitosalueen l\u00e4heisyydess\u00e4 sijaitsevan asuntoalueen hallittua alasajoa. Kaupunki ei ole uusinut asuntotonttien vuokrasopimuksia niiden p\u00e4\u00e4ttyess\u00e4, vaan rakennukset on lunastettu kaupungille tai niist\u00e4 on tehty tilap\u00e4inen maanvuokrasopimus. Menettelyll\u00e4 on varauduttu siihen, ett\u00e4 asuntoalue poistuu ajan my\u00f6t\u00e4 k\u00e4yt\u00f6st\u00e4, jotta Tahkoluodon satama-aluetta ja siihen liittyvi\u00e4 muita toimintoja voidaan kehitt\u00e4\u00e4 ja laajentaa suunnitelmallisesti. Rakennuksia pyrit\u00e4\u00e4n ennen varsinaista purkamista tarjoamaan m\u00e4\u00e4r\u00e4rahojen puitteissa viranomaisten polttoharjoitusk\u00e4ytt\u00f6\u00f6n.<\/p>\n<p>Purkukohteiden toteuttamiseen on varattu vuoden 2026 talousarviossa 500\u00a0000 euron m\u00e4\u00e4r\u00e4raha, josta esitettyjen kohteiden purkamiset rahoitetaan.<\/p>\n","protected":false},"excerpt":{"rendered":"Reposaaren kivikoulun laajennusosaa ja Uudenkoiviston entist\u00e4 p\u00e4iv\u00e4kotirakennusta esitet\u00e4\u00e4n purettaviksi. Toiminta rakennuksissa on p\u00e4\u00e4ttynyt, eik\u00e4 niille ole en\u00e4\u00e4 osoitettavissa&hellip;\n","protected":false},"author":2,"featured_media":142605,"comment_status":"","ping_status":"","sticky":false,"template":"","format":"standard","meta":{"footnotes":""},"categories":[5],"tags":[22,23,26,27,33,31,30,17,24,25,28,29,15,18,21,32,19,20,16],"class_list":{"0":"post-142604","1":"post","2":"type-post","3":"status-publish","4":"format-standard","5":"has-post-thumbnail","7":"category-otsikot","8":"tag-breaking-news","9":"tag-breakingnews","10":"tag-featured-news","11":"tag-featurednews","12":"tag-fi","13":"tag-finland","14":"tag-finnish","15":"tag-headlines","16":"tag-latest-news","17":"tag-latestnews","18":"tag-main-news","19":"tag-mainnews","20":"tag-news","21":"tag-otsikot","22":"tag-paauutiset","23":"tag-suomi","24":"tag-top-stories","25":"tag-topstories","26":"tag-uutiset"},"share_on_mastodon":{"url":"https:\/\/pubeurope.com\/@fi\/115896802482534444","error":""},"_links":{"self":[{"href":"https:\/\/www.europesays.com\/fi\/wp-json\/wp\/v2\/posts\/142604","targetHints":{"allow":["GET"]}}],"collection":[{"href":"https:\/\/www.europesays.com\/fi\/wp-json\/wp\/v2\/posts"}],"about":[{"href":"https:\/\/www.europesays.com\/fi\/wp-json\/wp\/v2\/types\/post"}],"author":[{"embeddable":true,"href":"https:\/\/www.europesays.com\/fi\/wp-json\/wp\/v2\/users\/2"}],"replies":[{"embeddable":true,"href":"https:\/\/www.europesays.com\/fi\/wp-json\/wp\/v2\/comments?post=142604"}],"version-history":[{"count":0,"href":"https:\/\/www.europesays.com\/fi\/wp-json\/wp\/v2\/posts\/142604\/revisions"}],"wp:featuredmedia":[{"embeddable":true,"href":"https:\/\/www.europesays.com\/fi\/wp-json\/wp\/v2\/media\/142605"}],"wp:attachment":[{"href":"https:\/\/www.europesays.com\/fi\/wp-json\/wp\/v2\/media?parent=142604"}],"wp:term":[{"taxonomy":"category","embeddable":true,"href":"https:\/\/www.europesays.com\/fi\/wp-json\/wp\/v2\/categories?post=142604"},{"taxonomy":"post_tag","embeddable":true,"href":"https:\/\/www.europesays.com\/fi\/wp-json\/wp\/v2\/tags?post=142604"}],"curies":[{"name":"wp","href":"https:\/\/api.w.org\/{rel}","templated":true}]}}