{"id":142606,"date":"2026-01-15T02:51:20","date_gmt":"2026-01-15T02:51:20","guid":{"rendered":"https:\/\/www.europesays.com\/fi\/142606\/"},"modified":"2026-01-15T02:51:20","modified_gmt":"2026-01-15T02:51:20","slug":"auri-kananen-kertoo-uskomattomista-tuloistaan","status":"publish","type":"post","link":"https:\/\/www.europesays.com\/fi\/142606\/","title":{"rendered":"Auri Kananen kertoo uskomattomista tuloistaan"},"content":{"rendered":"<p>Siivouskuningatar <strong>Auri Kananen<\/strong> siivoaa edelleen ahkerasti, vaikka h\u00e4n ei tee niist\u00e4 en\u00e4\u00e4 videoita YouTube-tililleen. H\u00e4nell\u00e4 on ollut sopivasti vapaata, jolloin h\u00e4nelt\u00e4 on voinut kysy\u00e4 kysymyksi\u00e4.<\/p>\n<p>Lue my\u00f6s: <a href=\"https:\/\/www.como.fi\/uutiset\/auri-kanasen-ilmoitus-saikaytti-luulin-etta-kuolit\/\" title=\"Auri Kanasen ilmoitus s\u00e4ik\u00e4ytti \u2013 \u201dLuulin ett\u00e4 kuolit\u201d\" class=\"underline-custom !font-montserrat !font-bold !underline-offset-4 !decoration-4 !decoration-red-600 !text-md\" rel=\"nofollow noopener\" target=\"_blank\">Auri Kanasen ilmoitus s\u00e4ik\u00e4ytti \u2013 \u201dLuulin ett\u00e4 kuolit\u201d<\/a><\/p>\n<p>Lue my\u00f6s: <a href=\"https:\/\/www.como.fi\/uutiset\/auri-kananen-menetti-sometilinsa-syyna-vaarinkasitys\/\" title=\"Auri Kananen menetti sometilins\u00e4 \u2013 syyn\u00e4 v\u00e4\u00e4rink\u00e4sitys\" class=\"underline-custom !font-montserrat !font-bold !underline-offset-4 !decoration-4 !decoration-red-600 !text-md\" rel=\"nofollow noopener\" target=\"_blank\">Auri Kananen menetti sometilins\u00e4 \u2013 syyn\u00e4 v\u00e4\u00e4rink\u00e4sitys<\/a><\/p>\n<p>Joku halusi kysy\u00e4 Aurilta, tienasiko h\u00e4n hyvin somen avulla. H\u00e4n halusi tiet\u00e4\u00e4 my\u00f6s, pit\u00e4\u00e4k\u00f6 Aurin tehd\u00e4 en\u00e4\u00e4 koskaan t\u00f6it\u00e4.<\/p>\n<p>\u2013 Ainakin Suomen parhaiten!! Mulla tulee my\u00f6s edelleen tuloja Facebookista ja YouTubesta, paljasti Kananen tuloistaan.<\/p>\n<p>Lue my\u00f6s: <a href=\"https:\/\/www.como.fi\/uutiset\/voi-kuinka-ihana-nimi-nain-hauskasti-auri-kananen-paljasti-lapsensa-nimen\/\" title=\"Voi kuinka ihana nimi \u2013 n\u00e4in hauskasti Auri Kananen paljasti lapsensa nimen\" class=\"underline-custom !font-montserrat !font-bold !underline-offset-4 !decoration-4 !decoration-red-600 !text-md\" rel=\"nofollow noopener\" target=\"_blank\">Voi kuinka ihana nimi \u2013 n\u00e4in hauskasti Auri Kananen paljasti lapsensa nimen<\/a><\/p>\n<p>Auri paljastaa my\u00f6s, ettei h\u00e4nen tarvitsisi en\u00e4\u00e4 tehd\u00e4 t\u00f6it\u00e4. H\u00e4n kuitenkin ei haluaisi el\u00e4\u00e4 niin.<\/p>\n<p>\u2013 Ty\u00f6 on minulle = intohimon toteuttamista, kehittymist\u00e4, vaikeiden asioiden voittamista ja jonkun asian luomista, kertoo Kananen.<\/p>\n<p>Auri kertoo viel\u00e4 lis\u00e4\u00e4 innostaan tehd\u00e4 t\u00f6it\u00e4.<\/p>\n<p>\u2013 Minulle ty\u00f6 ei tarkoita jotain pakkopullaa tai el\u00e4mist\u00e4 lomasta lomaan. Ty\u00f6 ei ole aina kivaa ja helppoa, mutta parhaat asiat harvoin ovat pelk\u00e4st\u00e4\u00e4n helppoa ja kivaa. El\u00e4m\u00e4ss\u00e4 pit\u00e4\u00e4 olla haastetta!! toteaa Kananen viel\u00e4. \u00a0<\/p>\n<p>Aurin sometarinoista selvi\u00e4\u00e4, kuinka Auri on my\u00f6s tehnyt sijoituksia. Joku siin\u00e4 kokematon haluaa tiet\u00e4\u00e4 sijoittamisesta. H\u00e4n saa siihen todella pitk\u00e4n vastauksen.<\/p>\n<p>Lue my\u00f6s: <a href=\"https:\/\/www.como.fi\/tilaa-comon-uutiskirje\/\" title=\"Tilaa Comon uutiskirje ja tied\u00e4t mist\u00e4 kahvitauolla puhutaan! Nappaa kotimaan tv-vinkit ja puheenaiheet suoraan s\u00e4hk\u00f6postiin t\u00e4st\u00e4.\" class=\"underline-custom !font-montserrat !font-bold !underline-offset-4 !decoration-4 !decoration-red-600 !text-md\" rel=\"nofollow noopener\" target=\"_blank\">Tilaa Comon uutiskirje ja tied\u00e4t mist\u00e4 kahvitauolla puhutaan! Nappaa kotimaan tv-vinkit ja puheenaiheet suoraan s\u00e4hk\u00f6postiin t\u00e4st\u00e4.<\/a><\/p>\n","protected":false},"excerpt":{"rendered":"Siivouskuningatar Auri Kananen siivoaa edelleen ahkerasti, vaikka h\u00e4n ei tee niist\u00e4 en\u00e4\u00e4 videoita YouTube-tililleen. H\u00e4nell\u00e4 on ollut sopivasti&hellip;\n","protected":false},"author":2,"featured_media":142607,"comment_status":"","ping_status":"","sticky":false,"template":"","format":"standard","meta":{"footnotes":""},"categories":[136],"tags":[2444,407,137,33,31,30,408,32,109],"class_list":{"0":"post-142606","1":"post","2":"type-post","3":"status-publish","4":"format-standard","5":"has-post-thumbnail","7":"category-julkkikset","8":"tag-auri-kananen","9":"tag-celebrities","10":"tag-entertainment","11":"tag-fi","12":"tag-finland","13":"tag-finnish","14":"tag-julkkikset","15":"tag-suomi","16":"tag-viihde"},"share_on_mastodon":{"url":"https:\/\/pubeurope.com\/@fi\/115896849691191866","error":""},"_links":{"self":[{"href":"https:\/\/www.europesays.com\/fi\/wp-json\/wp\/v2\/posts\/142606","targetHints":{"allow":["GET"]}}],"collection":[{"href":"https:\/\/www.europesays.com\/fi\/wp-json\/wp\/v2\/posts"}],"about":[{"href":"https:\/\/www.europesays.com\/fi\/wp-json\/wp\/v2\/types\/post"}],"author":[{"embeddable":true,"href":"https:\/\/www.europesays.com\/fi\/wp-json\/wp\/v2\/users\/2"}],"replies":[{"embeddable":true,"href":"https:\/\/www.europesays.com\/fi\/wp-json\/wp\/v2\/comments?post=142606"}],"version-history":[{"count":0,"href":"https:\/\/www.europesays.com\/fi\/wp-json\/wp\/v2\/posts\/142606\/revisions"}],"wp:featuredmedia":[{"embeddable":true,"href":"https:\/\/www.europesays.com\/fi\/wp-json\/wp\/v2\/media\/142607"}],"wp:attachment":[{"href":"https:\/\/www.europesays.com\/fi\/wp-json\/wp\/v2\/media?parent=142606"}],"wp:term":[{"taxonomy":"category","embeddable":true,"href":"https:\/\/www.europesays.com\/fi\/wp-json\/wp\/v2\/categories?post=142606"},{"taxonomy":"post_tag","embeddable":true,"href":"https:\/\/www.europesays.com\/fi\/wp-json\/wp\/v2\/tags?post=142606"}],"curies":[{"name":"wp","href":"https:\/\/api.w.org\/{rel}","templated":true}]}}