{"id":142614,"date":"2026-01-15T03:03:07","date_gmt":"2026-01-15T03:03:07","guid":{"rendered":"https:\/\/www.europesays.com\/fi\/142614\/"},"modified":"2026-01-15T03:03:07","modified_gmt":"2026-01-15T03:03:07","slug":"gronlannin-varapaaministeri-lisaa-nato-joukkoja-gronlantiin-lahipaivina-uutissuomalainen","status":"publish","type":"post","link":"https:\/\/www.europesays.com\/fi\/142614\/","title":{"rendered":"Gr\u00f6nlannin varap\u00e4\u00e4ministeri: Lis\u00e4\u00e4 Nato-joukkoja Gr\u00f6nlantiin l\u00e4hip\u00e4ivin\u00e4 | Uutissuomalainen"},"content":{"rendered":"<p>Gr\u00f6nlannin varap\u00e4\u00e4ministerin mukaan sotilasliitto Naton joukkoja on tulossa l\u00e4hip\u00e4ivin\u00e4 lis\u00e4\u00e4 Gr\u00f6nlantiin. Mute Egede kertoi asiasta toimittajille my\u00f6h\u00e4\u00e4n keskiviikkona.<\/p>\n<p>\u2013\u2009Naton sotilaiden odotetaan olevan enemm\u00e4n l\u00e4sn\u00e4 Gr\u00f6nlannissa t\u00e4n\u00e4\u00e4n ja tulevina p\u00e4ivin\u00e4. Sotilaslentoja ja -laivoja odotetaan tulevan lis\u00e4\u00e4, Egede sanoi.<\/p>\n<p>Tanskan puolustusministeri\u00f6 kertoi aiemmin, ett\u00e4 Gr\u00f6nlantiin l\u00e4hetet\u00e4\u00e4n lis\u00e4\u00e4 sotilaita, lentokoneita ja aluksia yhteisty\u00f6ss\u00e4 Nato-liittolaisten kanssa. Maa ilmoitti aloittavansa v\u00e4litt\u00f6m\u00e4sti sotaharjoitukset.<\/p>\n<p>Ainakin Ruotsi, Norja ja Saksa ovat kertoneet l\u00e4hett\u00e4v\u00e4ns\u00e4 asevoimien henkil\u00f6st\u00f6\u00e4 Gr\u00f6nlantiin yhteisharjoituksiin. My\u00f6s Ranskan presidentti Emmanuel Macron kertoi torstain vastaisena y\u00f6n\u00e4 <a href=\"https:\/\/x.com\/EmmanuelMacron\/status\/2011578747791819017\" rel=\"nofollow\">viestipalvelu X:ss\u00e4<\/a>, ett\u00e4 Ranska l\u00e4hett\u00e4\u00e4 joukkojaan Operation Arctic Endurance -harjoitukseen Gr\u00f6nlantiin.<\/p>\n<p>\t\t\t\tTrump: Hyv\u00e4t suhteet Tanskaan<\/p>\n<p>Yhdysvaltain presidentti Donald Trump sanoo uskovansa, ett\u00e4 Gr\u00f6nlannista p\u00e4\u00e4st\u00e4\u00e4n ratkaisuun. Trump kommentoi asiaa sovittelevampaan s\u00e4vyyn toimittajille sen j\u00e4lkeen, kun Tanskan ja Gr\u00f6nlannin sek\u00e4 Yhdysvaltain edustajat tapasivat keskiviikkona Washingtonissa.<\/p>\n<p>Gr\u00f6nlannin ulkoministeri Vivian Motzfeldt ja Tanskan ulkoministeri Lars L\u00f6kke Rasmussen tapasivat Yhdysvaltain ulkoministerin Marco Rubion sek\u00e4 varapresidentti J. D. Vancen.<\/p>\n<p>\u2013\u2009Minulla on eritt\u00e4in hyv\u00e4t suhteet Tanskaan, ja katsotaan, miten kaikki j\u00e4rjestyy. Uskon, ett\u00e4 jokin ratkaisu j\u00e4rjestyy, Trump sanoi avaamatta asiaa enemp\u00e4\u00e4.<\/p>\n<p>Trump on toistuvasti sanonut, ett\u00e4 Yhdysvaltojen on saatava Gr\u00f6nlanti hallintaansa joko ostamalla tai muilla keinoilla. Keskiviikkona Trump sanoi, ett\u00e4 Gr\u00f6nlannin hallitseminen on v\u00e4ltt\u00e4m\u00e4t\u00f6nt\u00e4 Yhdysvalloissa kehitteill\u00e4 olevan ohjuspuolustusj\u00e4rjestelm\u00e4n takia.<\/p>\n","protected":false},"excerpt":{"rendered":"Gr\u00f6nlannin varap\u00e4\u00e4ministerin mukaan sotilasliitto Naton joukkoja on tulossa l\u00e4hip\u00e4ivin\u00e4 lis\u00e4\u00e4 Gr\u00f6nlantiin. Mute Egede kertoi asiasta toimittajille my\u00f6h\u00e4\u00e4n keskiviikkona.&hellip;\n","protected":false},"author":2,"featured_media":142615,"comment_status":"","ping_status":"","sticky":false,"template":"","format":"standard","meta":{"footnotes":""},"categories":[14],"tags":[22,23,585,26,27,33,31,30,17,24,25,28,29,2579,15,18,21,142,637,144,886,32,19,20,56,16,638,59,60,61],"class_list":{"0":"post-142614","1":"post","2":"type-post","3":"status-publish","4":"format-standard","5":"has-post-thumbnail","7":"category-ulkomaat","8":"tag-breaking-news","9":"tag-breakingnews","10":"tag-donald-trump","11":"tag-featured-news","12":"tag-featurednews","13":"tag-fi","14":"tag-finland","15":"tag-finnish","16":"tag-headlines","17":"tag-latest-news","18":"tag-latestnews","19":"tag-main-news","20":"tag-mainnews","21":"tag-nato","22":"tag-news","23":"tag-otsikot","24":"tag-paauutiset","25":"tag-poliitikot","26":"tag-politiikka","27":"tag-presidentti","28":"tag-puolueet","29":"tag-suomi","30":"tag-top-stories","31":"tag-topstories","32":"tag-ulkomaat","33":"tag-uutiset","34":"tag-valtiovalta","35":"tag-world","36":"tag-world-news","37":"tag-worldnews"},"share_on_mastodon":{"url":"https:\/\/pubeurope.com\/@fi\/115896897004159380","error":""},"_links":{"self":[{"href":"https:\/\/www.europesays.com\/fi\/wp-json\/wp\/v2\/posts\/142614","targetHints":{"allow":["GET"]}}],"collection":[{"href":"https:\/\/www.europesays.com\/fi\/wp-json\/wp\/v2\/posts"}],"about":[{"href":"https:\/\/www.europesays.com\/fi\/wp-json\/wp\/v2\/types\/post"}],"author":[{"embeddable":true,"href":"https:\/\/www.europesays.com\/fi\/wp-json\/wp\/v2\/users\/2"}],"replies":[{"embeddable":true,"href":"https:\/\/www.europesays.com\/fi\/wp-json\/wp\/v2\/comments?post=142614"}],"version-history":[{"count":0,"href":"https:\/\/www.europesays.com\/fi\/wp-json\/wp\/v2\/posts\/142614\/revisions"}],"wp:featuredmedia":[{"embeddable":true,"href":"https:\/\/www.europesays.com\/fi\/wp-json\/wp\/v2\/media\/142615"}],"wp:attachment":[{"href":"https:\/\/www.europesays.com\/fi\/wp-json\/wp\/v2\/media?parent=142614"}],"wp:term":[{"taxonomy":"category","embeddable":true,"href":"https:\/\/www.europesays.com\/fi\/wp-json\/wp\/v2\/categories?post=142614"},{"taxonomy":"post_tag","embeddable":true,"href":"https:\/\/www.europesays.com\/fi\/wp-json\/wp\/v2\/tags?post=142614"}],"curies":[{"name":"wp","href":"https:\/\/api.w.org\/{rel}","templated":true}]}}