{"id":142616,"date":"2026-01-15T03:04:10","date_gmt":"2026-01-15T03:04:10","guid":{"rendered":"https:\/\/www.europesays.com\/fi\/142616\/"},"modified":"2026-01-15T03:04:10","modified_gmt":"2026-01-15T03:04:10","slug":"viking-linen-laivakuoleman-taustalla-hammentava-tapahtumaketju","status":"publish","type":"post","link":"https:\/\/www.europesays.com\/fi\/142616\/","title":{"rendered":"Viking Linen laivakuoleman taustalla h\u00e4mment\u00e4v\u00e4 tapahtumaketju"},"content":{"rendered":"<p>Viron median mukaan Viking XPRS -laivalla kuollut mies on tunnistettu samaksi henkil\u00f6ksi, joka oli aiemmin samana p\u00e4iv\u00e4n\u00e4 hy\u00f6k\u00e4nnyt naisen kimppuun Tallinnassa.<\/p>\n<p><img decoding=\"async\" class=\"image image-show image-preview\" src=\"https:\/\/www.europesays.com\/fi\/wp-content\/uploads\/2026\/01\/f16b38d6624258f93ca17fd7cfaede7a1c0ab5747c51e869537a3e071a035df6.jpg\" alt=\"\"\/><img decoding=\"async\" class=\"image image-show\" src=\"https:\/\/www.europesays.com\/fi\/wp-content\/uploads\/2026\/01\/1768446250_569_f16b38d6624258f93ca17fd7cfaede7a1c0ab5747c51e869537a3e071a035df6.jpg\" alt=\"\"\/><\/p>\n<p>Viking Linen alus kuvattuna Katajanokan laivaterminaalissa. Kuvituskuva. Joel Maisalmi<\/p>\n<p class=\"paragraph\">Virolaislehdet kertovat uutta tietoa miehest\u00e4, joka <a href=\"https:\/\/www.iltalehti.fi\/kotimaa\/77181539-4efb-4662-a05f-7182bb40a406\" rel=\"nofollow noopener\" target=\"_blank\">putosi kuolemaansa Viking Linen aluksella tiistai-iltana<\/a>.<\/p>\n<p class=\"paragraph\">Mies oli vuonna 1992 syntynyt Viron kansalainen, uutisoivat <a href=\"https:\/\/elu24.postimees.ee\/8395704\/teisipaeva-hommikul-kalamajas-lapsega-naist-runnanud-mees-leiti-hiljem-soomes-laeva-autotekilt-surnuna\" target=\"_blank\" rel=\"noopener nofollow\">Postimees<\/a> ja <a href=\"https:\/\/www.delfi.ee\/artikkel\/120429458\/eile-kalamajas-naist-runnanud-mees-leiti-hiljem-soomes-laeva-autotekilt-surnuna\" target=\"_blank\" rel=\"noopener nofollow\">Delfi<\/a>. Lehtien mukaan mies on tunnistettu samaksi henkil\u00f6ksi, joka oli hy\u00f6k\u00e4nnyt aiemmin tiistaina naisen kimppuun Tallinnassa.<\/p>\n<p>Hy\u00f6kk\u00e4si takaap\u00e4in<\/p>\n<p class=\"paragraph\">Tiistaina ennen puoltap\u00e4iv\u00e4\u00e4 poliisi sai ilmoituksen, ett\u00e4 nainen oli joutunut hy\u00f6kk\u00e4yksen kohteeksi Pohjois-Tallinnassa.<\/p>\n<p class=\"paragraph\">Uhri kertoi k\u00e4velleens\u00e4 lapsensa kanssa, kun tuntematon mies oli tarttunut h\u00e4neen yht\u00e4kki\u00e4 takaap\u00e4in. Nainen kaatui ja mies pakeni paikalta. Nainen ei loukkaantunut hy\u00f6kk\u00e4yksess\u00e4 niin, ett\u00e4 olisi tarvinnut jatkohoitoa.<\/p>\n<p class=\"paragraph\">Poliisit saapuivat paikalle, mutta eiv\u00e4t l\u00f6yt\u00e4neet miest\u00e4.<\/p>\n<p class=\"paragraph\">Poliisi p\u00e4\u00e4tteli, ett\u00e4 hy\u00f6kk\u00e4yksen oli todenn\u00e4k\u00f6isesti tehnyt sama henkil\u00f6, josta poliisille oli ilmoitettu vain varttituntia aiemmin. Hetke\u00e4 aikaisemmin kuvaukseen sopiva mies oli hyp\u00e4nnyt aidan yli Kalamajan p\u00e4iv\u00e4kodin pihalle ja vaatinut p\u00e4\u00e4st\u00e4 puhumaan p\u00e4iv\u00e4kodin johtajan kanssa.<\/p>\n<p class=\"paragraph\">Mies kertoi p\u00e4iv\u00e4kodin henkil\u00f6kunnalle etsiv\u00e4ns\u00e4 lastaan. Mies l\u00e4hti p\u00e4iv\u00e4kodista vasta, kun henkil\u00f6kunta soitti poliisille. H\u00e4n l\u00e4hti paikalta kiihtyneen\u00e4, koska kukaan ei suostunut puhumaan h\u00e4nen kanssaan.<\/p>\n<p class=\"paragraph\">Poliisin mukaan mies nousi my\u00f6hemmin Suomeen matkalla olevaan risteilyalukseen. Viking XPRS:n autokannelta l\u00f6ydettiin kuollut henkil\u00f6, joka tunnistettiin my\u00f6hemmin samaksi mieheksi. Postimees-lehden mukaan tapauksessa ei ole syyt\u00e4 ep\u00e4ill\u00e4 rikosta.<\/p>\n<p class=\"paragraph\">\u2013 Vaikka emme voi pyyt\u00e4\u00e4 miehelt\u00e4 selityksi\u00e4 teoistaan, olemme kuitenkin yritt\u00e4neet selvitt\u00e4\u00e4 mahdollisimman paljon tapahtumaa edelt\u00e4neist\u00e4 tapahtumista ja sen mahdollisista syist\u00e4, sanoi L\u00e4\u00e4ne-Harjun syytt\u00e4j\u00e4nviraston p\u00e4\u00e4llikk\u00f6 <strong>Raigo Prants<\/strong> virolaislehdelle.<\/p>\n","protected":false},"excerpt":{"rendered":"Viron median mukaan Viking XPRS -laivalla kuollut mies on tunnistettu samaksi henkil\u00f6ksi, joka oli aiemmin samana p\u00e4iv\u00e4n\u00e4 hy\u00f6k\u00e4nnyt&hellip;\n","protected":false},"author":2,"featured_media":142617,"comment_status":"","ping_status":"","sticky":false,"template":"","format":"standard","meta":{"footnotes":""},"categories":[12],"tags":[35,22,23,26,27,33,31,30,17,24,25,28,29,3036,3037,15,18,21,52,32,19,20,16,2569,2568],"class_list":{"0":"post-142616","1":"post","2":"type-post","3":"status-publish","4":"format-standard","5":"has-post-thumbnail","7":"category-suomi","8":"tag-24h","9":"tag-breaking-news","10":"tag-breakingnews","11":"tag-featured-news","12":"tag-featurednews","13":"tag-fi","14":"tag-finland","15":"tag-finnish","16":"tag-headlines","17":"tag-latest-news","18":"tag-latestnews","19":"tag-main-news","20":"tag-mainnews","21":"tag-meri-ja-rannikkoliikenne","22":"tag-meriliikenteen-henkilokuljetus","23":"tag-news","24":"tag-otsikot","25":"tag-paauutiset","26":"tag-poliisi","27":"tag-suomi","28":"tag-top-stories","29":"tag-topstories","30":"tag-uutiset","31":"tag-vesikulkuneuvot","32":"tag-vesiliikenne"},"share_on_mastodon":{"url":"https:\/\/pubeurope.com\/@fi\/115896900913805795","error":""},"_links":{"self":[{"href":"https:\/\/www.europesays.com\/fi\/wp-json\/wp\/v2\/posts\/142616","targetHints":{"allow":["GET"]}}],"collection":[{"href":"https:\/\/www.europesays.com\/fi\/wp-json\/wp\/v2\/posts"}],"about":[{"href":"https:\/\/www.europesays.com\/fi\/wp-json\/wp\/v2\/types\/post"}],"author":[{"embeddable":true,"href":"https:\/\/www.europesays.com\/fi\/wp-json\/wp\/v2\/users\/2"}],"replies":[{"embeddable":true,"href":"https:\/\/www.europesays.com\/fi\/wp-json\/wp\/v2\/comments?post=142616"}],"version-history":[{"count":0,"href":"https:\/\/www.europesays.com\/fi\/wp-json\/wp\/v2\/posts\/142616\/revisions"}],"wp:featuredmedia":[{"embeddable":true,"href":"https:\/\/www.europesays.com\/fi\/wp-json\/wp\/v2\/media\/142617"}],"wp:attachment":[{"href":"https:\/\/www.europesays.com\/fi\/wp-json\/wp\/v2\/media?parent=142616"}],"wp:term":[{"taxonomy":"category","embeddable":true,"href":"https:\/\/www.europesays.com\/fi\/wp-json\/wp\/v2\/categories?post=142616"},{"taxonomy":"post_tag","embeddable":true,"href":"https:\/\/www.europesays.com\/fi\/wp-json\/wp\/v2\/tags?post=142616"}],"curies":[{"name":"wp","href":"https:\/\/api.w.org\/{rel}","templated":true}]}}