{"id":142618,"date":"2026-01-15T03:05:11","date_gmt":"2026-01-15T03:05:11","guid":{"rendered":"https:\/\/www.europesays.com\/fi\/142618\/"},"modified":"2026-01-15T03:05:11","modified_gmt":"2026-01-15T03:05:11","slug":"pikku-papun-aakkoset-livekuvituskonsertti-jyvaskylassa-24-1","status":"publish","type":"post","link":"https:\/\/www.europesays.com\/fi\/142618\/","title":{"rendered":"Pikku Papun Aakkoset -livekuvituskonsertti Jyv\u00e4skyl\u00e4ss\u00e4 24.1."},"content":{"rendered":"<p>Pikku Papun Orkesteri konsertoi Tapahtumakeskus Helmiss\u00e4 (Okkerinkatu 2). Lapsiperheiden tapahtuma j\u00e4rjestet\u00e4\u00e4n lauantaina 24.1. kello 15.\u00a0<\/p>\n<p>Liisa Kallion rakastetut visuaalit her\u00e4\u00e4v\u00e4t konsertissa eloon livekuvituksen keinoin ja antavat kirjaimille siivet. Pikku Papun Orkesterin energinen esiintyminen, akustiset soittimet, moni\u00e4\u00e4ninen laulu ja eri tyylilajeilla leikittelev\u00e4t sovitukset ovat sulattaneet niin pienten kuin varttuneempienkin kuulijoiden syd\u00e4met. Aakkoslaulut ovat tulleet monille tutuiksi lastenohjelmista ja suoratoistopalveluista. Konsertti j\u00e4rjestet\u00e4\u00e4n Helluntaiseurakunnan tiloissa ja tapahtuma on uskonnoton.<\/p>\n<p>Konserttiliput 15 \u20ac lippu.fi, alle 1-vuotiaat maksutta ja narikkamaksu sis\u00e4ltyy lippujen hintaan. Lippuja j\u00e4ljell\u00e4 rajoitettu m\u00e4\u00e4r\u00e4. Koululaisten kahvio palvelee ennen ja j\u00e4lkeen konsertin. Konsertin j\u00e4rjest\u00e4j\u00e4n\u00e4 on Jyv\u00e4skyl\u00e4n kulttuuripalvelut, Lasten Lysti.<br \/>\u00a0<\/p>\n","protected":false},"excerpt":{"rendered":"Pikku Papun Orkesteri konsertoi Tapahtumakeskus Helmiss\u00e4 (Okkerinkatu 2). Lapsiperheiden tapahtuma j\u00e4rjestet\u00e4\u00e4n lauantaina 24.1. kello 15.\u00a0 Liisa Kallion rakastetut&hellip;\n","protected":false},"author":2,"featured_media":142619,"comment_status":"","ping_status":"","sticky":false,"template":"","format":"standard","meta":{"footnotes":""},"categories":[5],"tags":[22,23,26,27,33,31,30,17,24,25,28,29,15,18,21,32,19,20,16],"class_list":{"0":"post-142618","1":"post","2":"type-post","3":"status-publish","4":"format-standard","5":"has-post-thumbnail","7":"category-otsikot","8":"tag-breaking-news","9":"tag-breakingnews","10":"tag-featured-news","11":"tag-featurednews","12":"tag-fi","13":"tag-finland","14":"tag-finnish","15":"tag-headlines","16":"tag-latest-news","17":"tag-latestnews","18":"tag-main-news","19":"tag-mainnews","20":"tag-news","21":"tag-otsikot","22":"tag-paauutiset","23":"tag-suomi","24":"tag-top-stories","25":"tag-topstories","26":"tag-uutiset"},"share_on_mastodon":{"url":"https:\/\/pubeurope.com\/@fi\/115896904765128326","error":""},"_links":{"self":[{"href":"https:\/\/www.europesays.com\/fi\/wp-json\/wp\/v2\/posts\/142618","targetHints":{"allow":["GET"]}}],"collection":[{"href":"https:\/\/www.europesays.com\/fi\/wp-json\/wp\/v2\/posts"}],"about":[{"href":"https:\/\/www.europesays.com\/fi\/wp-json\/wp\/v2\/types\/post"}],"author":[{"embeddable":true,"href":"https:\/\/www.europesays.com\/fi\/wp-json\/wp\/v2\/users\/2"}],"replies":[{"embeddable":true,"href":"https:\/\/www.europesays.com\/fi\/wp-json\/wp\/v2\/comments?post=142618"}],"version-history":[{"count":0,"href":"https:\/\/www.europesays.com\/fi\/wp-json\/wp\/v2\/posts\/142618\/revisions"}],"wp:featuredmedia":[{"embeddable":true,"href":"https:\/\/www.europesays.com\/fi\/wp-json\/wp\/v2\/media\/142619"}],"wp:attachment":[{"href":"https:\/\/www.europesays.com\/fi\/wp-json\/wp\/v2\/media?parent=142618"}],"wp:term":[{"taxonomy":"category","embeddable":true,"href":"https:\/\/www.europesays.com\/fi\/wp-json\/wp\/v2\/categories?post=142618"},{"taxonomy":"post_tag","embeddable":true,"href":"https:\/\/www.europesays.com\/fi\/wp-json\/wp\/v2\/tags?post=142618"}],"curies":[{"name":"wp","href":"https:\/\/api.w.org\/{rel}","templated":true}]}}