{"id":142620,"date":"2026-01-15T03:17:12","date_gmt":"2026-01-15T03:17:12","guid":{"rendered":"https:\/\/www.europesays.com\/fi\/142620\/"},"modified":"2026-01-15T03:17:12","modified_gmt":"2026-01-15T03:17:12","slug":"emil-ruusuvuori-ulos-australian-avoimista","status":"publish","type":"post","link":"https:\/\/www.europesays.com\/fi\/142620\/","title":{"rendered":"Emil Ruusuvuori ulos Australian avoimista"},"content":{"rendered":"<p>Tennist\u00e4hti j\u00e4tt\u00e4\u00e4 Australian avoimet v\u00e4liin.<\/p>\n<p>14.1. 9:44<\/p>\n<p class=\"article-body mb-nof-24 px-nof-16\">Suomen tennist\u00e4hti <a class=\"font-bold underline-offset-[0.12em] [text-decoration:var(--person-link-text-decoration)] ![text-decoration-color:var(--person-link-text-decoration-color)]\" href=\"https:\/\/www.is.fi\/haku\/?query=Emil%20Ruusuvuori\" rel=\"nofollow noopener\" target=\"_blank\">Emil Ruusuvuori<\/a> j\u00e4tt\u00e4\u00e4 t\u00e4m\u00e4n vuoden Australian avoimet v\u00e4liin.<\/p>\n<p class=\"article-body mb-nof-24 px-nof-16\">Ruusuvuori kertoi asiasta <a class=\"underline underline-offset-[0.12em] [text-decoration-thickness:var(--generic-link-underline-thickness)] [text-decoration-color:var(--generic-link-underline-color)] [text-decoration-skip-ink:var(--generic-link-underline-skip-ink)] break-words\" href=\"https:\/\/www.instagram.com\/stories\/emilruusuvuori\/\" rel=\"nofollow noopener\" target=\"_blank\">Instagram-tilill\u00e4\u00e4n<\/a>.<\/p>\n<p class=\"article-body mb-nof-24 px-nof-16\">\u2013\u2009Selk\u00e4ni ei ole kuntoutunut ajoissa, joten en osallistu Australian avoimiin, suomalainen kirjoitti Instagramit tarinat-osiossa.<\/p>\n<p class=\"article-body mb-nof-24 px-nof-16\">Pelkk\u00e4\u00e4 jobinpostia Ruusuvuoren p\u00e4ivitys ei ollut, vaan tennispelaaja kertoi my\u00f6s positiivisia uutisia.<\/p>\n<p class=\"article-body mb-nof-24 px-nof-16\">\u2013\u2009Olen pystynyt jo harjoittelemaan. Nyt keskityn kuntoutukseen ja siihen, ett\u00e4 saan kauden k\u00e4yntiin helmikuussa, h\u00e4n p\u00e4\u00e4tt\u00e4\u00e4 kirjoituksensa.<\/p>\n<p class=\"article-body mb-nof-24 px-nof-16\">Ruusuvuoren oli tarkoitus osallistua t\u00e4ll\u00e4 viikolla Aucklandin ATP 250 -turnaukseen, mutta samaisesta selk\u00e4vaivasta johtuen suomalainen perui turnaukseen osallistumisen.<\/p>\n<p class=\"article-body mb-nof-24 px-nof-16\">\u2013 Saavuimme Uuteen-Seelantiin viime viikon lauantaina, jotta turnaukseen valmistautumiseen olisi mahdollisimman paljon aikaa, Ruusuvuori kirjoitti perjantaina Instagram-tilill\u00e4\u00e4n.<\/p>\n<p class=\"article-body mb-nof-24 px-nof-16\">\u2013 Valitettavasti kipu alasel\u00e4ss\u00e4ni ei poistunut, joten menin magneettikuvaukseen. Se n\u00e4ytti v\u00e4lilevyn pullistuman, joka painaa hermoa aiheuttaen voimakasta kipua.<\/p>\n<p class=\"article-body mb-nof-24 px-nof-16\">Ruusuvuori on miesten kaksinpelin maailmanlistalla sijalla 545. H\u00e4n on ollut parhaimmillaan rankingissa 37:s vuoden 2023 huhtikuussa, mutta viime vuosina pelaaminen on j\u00e4\u00e4nyt henkisten vaikeuksien varjoon.<\/p>\n<p class=\"article-body mb-nof-24 px-nof-16\">Ruusuvuori paljasti toukokuun alussa k\u00e4rsineens\u00e4 paniikkih\u00e4iri\u00f6ist\u00e4. Viime vuonna h\u00e4n palasi kentille, mutta suurta menestyst\u00e4 mailan varressa ei viel\u00e4 tullut.<\/p>\n<p><script async src=\"\/\/www.instagram.com\/embed.js\"><\/script><\/p>\n","protected":false},"excerpt":{"rendered":"Tennist\u00e4hti j\u00e4tt\u00e4\u00e4 Australian avoimet v\u00e4liin. 14.1. 9:44 Suomen tennist\u00e4hti Emil Ruusuvuori j\u00e4tt\u00e4\u00e4 t\u00e4m\u00e4n vuoden Australian avoimet v\u00e4liin. Ruusuvuori&hellip;\n","protected":false},"author":2,"featured_media":142621,"comment_status":"","ping_status":"","sticky":false,"template":"","format":"standard","meta":{"footnotes":""},"categories":[136],"tags":[407,137,33,31,30,34,408,32,109],"class_list":{"0":"post-142620","1":"post","2":"type-post","3":"status-publish","4":"format-standard","5":"has-post-thumbnail","7":"category-julkkikset","8":"tag-celebrities","9":"tag-entertainment","10":"tag-fi","11":"tag-finland","12":"tag-finnish","13":"tag-ilta-sanomat","14":"tag-julkkikset","15":"tag-suomi","16":"tag-viihde"},"share_on_mastodon":{"url":"https:\/\/pubeurope.com\/@fi\/115896951940132510","error":""},"_links":{"self":[{"href":"https:\/\/www.europesays.com\/fi\/wp-json\/wp\/v2\/posts\/142620","targetHints":{"allow":["GET"]}}],"collection":[{"href":"https:\/\/www.europesays.com\/fi\/wp-json\/wp\/v2\/posts"}],"about":[{"href":"https:\/\/www.europesays.com\/fi\/wp-json\/wp\/v2\/types\/post"}],"author":[{"embeddable":true,"href":"https:\/\/www.europesays.com\/fi\/wp-json\/wp\/v2\/users\/2"}],"replies":[{"embeddable":true,"href":"https:\/\/www.europesays.com\/fi\/wp-json\/wp\/v2\/comments?post=142620"}],"version-history":[{"count":0,"href":"https:\/\/www.europesays.com\/fi\/wp-json\/wp\/v2\/posts\/142620\/revisions"}],"wp:featuredmedia":[{"embeddable":true,"href":"https:\/\/www.europesays.com\/fi\/wp-json\/wp\/v2\/media\/142621"}],"wp:attachment":[{"href":"https:\/\/www.europesays.com\/fi\/wp-json\/wp\/v2\/media?parent=142620"}],"wp:term":[{"taxonomy":"category","embeddable":true,"href":"https:\/\/www.europesays.com\/fi\/wp-json\/wp\/v2\/categories?post=142620"},{"taxonomy":"post_tag","embeddable":true,"href":"https:\/\/www.europesays.com\/fi\/wp-json\/wp\/v2\/tags?post=142620"}],"curies":[{"name":"wp","href":"https:\/\/api.w.org\/{rel}","templated":true}]}}