{"id":142624,"date":"2026-01-15T03:25:15","date_gmt":"2026-01-15T03:25:15","guid":{"rendered":"https:\/\/www.europesays.com\/fi\/142624\/"},"modified":"2026-01-15T03:25:15","modified_gmt":"2026-01-15T03:25:15","slug":"apu-markku-aro-avaa-sanaisen-arkkunsa-dannysta","status":"publish","type":"post","link":"https:\/\/www.europesays.com\/fi\/142624\/","title":{"rendered":"Apu: Markku Aro avaa sanaisen arkkunsa Dannysta!"},"content":{"rendered":"<p>            Timo Korhonen\n        <\/p>\n<p class=\"subtitle \">Onko Frederik saanut Markku Arosta seuraajan Dannyn kritisoijaksi?<\/p>\n<p class=\"article-content article-content-width !bg-background\">Iskelm\u00e4konkari  tylytt\u00e4\u00e4 musiikkineuvos \u00a0eli  <a data-lab-font_weight=\"font-weight-bold\" class=\"font-weight-bold m-font-weight-bold\" href=\"https:\/\/www.apu.fi\/artikkelit\/markku-aro-ei-tee-kuin-danny-itsekunnioitus-pitaisi-sailyttaa\" target=\"_blank\" rel=\"nofollow noopener\">tuoreessa Avun haastattelussa<\/a>.<\/p>\n<p class=\"article-content article-content-width !bg-background\">75-vuotias Markku haluaa kertomansa mukaan v\u00e4ltt\u00e4\u00e4 83-vuotiaan Dannyn kohtalon, jossa t\u00e4m\u00e4 esiintyy taustanauhan varassa usein  vierell\u00e4\u00e4n.<\/p>\n<p class=\"article-content article-content-width !bg-background\">\u2013 Se on niin surullista ja falskia, Markku lataa Avussa.<\/p>\n<p>        <a itemprop=\"url\" href=\"https:\/\/www.seiska.fi\/kotimaa\/frederikilta-yllattava-kommentti-dannyn-ja-helmin-suhteesta\/1980149\" rel=\"nofollow noopener\" target=\"_blank\"><\/p>\n<p>\nNyt puhuu Frederik\n<\/p>\n<p class=\"section-date\">\n        <strong class=\"article-section\" data-section=\"kotimaa\"><br \/>\n            kotimaa<br \/>\n        <\/strong><br \/>\n        2.11.2025 19:30\n    <\/p>\n<p>Frederikilt\u00e4 yll\u00e4tt\u00e4v\u00e4 kommentti Dannyn ja Helmin suhteesta!\n    <\/p>\n<p itemprop=\"description\" class=\"subtitle \">\n    Koko viime syksyn media seurasi luimistellen Frederikin ja h\u00e4nen ex-kaverinsa, musiikkineuvos Dannyn, riitely\u00e4.\n<\/p>\n<p>        <\/a><\/p>\n<p class=\"article-content article-content-width !bg-background\">\u2013 Ei t\u00e4m\u00e4 niin iso huume t\u00e4m\u00e4 esiintyminen ole, ett\u00e4 sinne lavalle pit\u00e4isi v\u00e4kisin kavuta. Jokin itsekunnioitus pit\u00e4isi s\u00e4ilytt\u00e4\u00e4, Markku linjaa.<\/p>\n<p>                <img decoding=\"async\" src=\"https:\/\/www.europesays.com\/fi\/wp-content\/uploads\/2026\/01\/2019466.webp.jpeg\" width=\"576\" height=\"322\" alt=\"Danny esiintyy edelleen melko ahkerasti ja aina Fuengirolaa my\u00f6den.\" loading=\"lazy\" \/>            <\/p>\n<p>\n            Danny esiintyy edelleen melko ahkerasti ja aina Fuengirolaa my\u00f6den.<br \/>\n            Timo Korhonen\n        <\/p>\n<p>&#8221;Muu menee hienostelun puolelle&#8221;<\/p>\n<p class=\"article-content article-content-width !bg-background\">Konkareita yhdist\u00e4\u00e4 se, ett\u00e4 he ovat levytt\u00e4neet jo yli 50 vuotta sitten, kumpainenkin.<\/p>\n<p class=\"article-content article-content-width !bg-background\">Siin\u00e4 ajassa on vett\u00e4 virrannut Aurajoessa ja musiikkimaailma muuttunut melkoisesti.<\/p>\n<p>        <a itemprop=\"url\" href=\"https:\/\/www.seiska.fi\/vain-seiskassa\/suomalainen-iskelmalegenda-heilui-mailojen-kanssa-lentokentalla-salakuva\/1988158\" rel=\"nofollow noopener\" target=\"_blank\"><\/p>\n<p>\nSalakuva!\n<\/p>\n<p class=\"section-date\">\n        <strong class=\"article-section\" data-section=\"vain seiskassa\"><br \/>\n            vain seiskassa<br \/>\n        <\/strong><br \/>\n        11.11.2025 18:00\n    <\/p>\n<p>Suomalainen iskelm\u00e4legenda heilui mailojen kanssa lentokent\u00e4ll\u00e4 \u2013 salakuva!\n    <\/p>\n<p itemprop=\"description\" class=\"subtitle \">\n    Mouhij\u00e4rven suurmies lensi pakoon Pohjolan marraskuuta.\n<\/p>\n<p>        <\/a><\/p>\n<p class=\"article-content article-content-width !bg-background\">Nyky\u00e4\u00e4n artisteilla on tiukat vaatimukset takahuoneen pidoista.<\/p>\n<p class=\"article-content article-content-width !bg-background\">Markku on silti toista maata.<\/p>\n<p class=\"article-content article-content-width !bg-background\">\u2013 Kunhan saa kupin kahvia ja b\u00e4ndin pojille muutaman voileiv\u00e4n. Muu menee hienostelun puolelle, Markku vakuuttelee Avussa.<\/p>\n<p>                <img decoding=\"async\" src=\"https:\/\/www.europesays.com\/fi\/wp-content\/uploads\/2026\/01\/1914582.webp.jpeg\" width=\"576\" height=\"322\" alt=\"Markku Aro puhuu suunsa puhtaaksi.\" loading=\"lazy\" \/>            <\/p>\n<p>\n            Markku Aro puhuu suunsa puhtaaksi.<br \/>\n            Matti Matikainen\n        <\/p>\n<p>Markun terveyshaasteet<\/p>\n<p class=\"article-content article-content-width !bg-background\">Seiska haastatteli Markkua viime kes\u00e4n loppupuolella.<\/p>\n<p class=\"article-content article-content-width !bg-background\">Tuolloin mies kertoi avoimesti parantumattomasta lihasreumastaan.<\/p>\n<p class=\"article-content article-content-width !bg-background\">\u2013 Tilanne on nyt parempi: kortisoni ja sytostaatit on lopetettu alkuvuodesta, Markku ilmoitti elokuussa.<\/p>\n<p>        <a itemprop=\"url\" href=\"https:\/\/www.seiska.fi\/vain-seiskassa\/frederik-lataa-tayslaidallisen-tasta-syysta-han-ei-ostanut-dannylle-lupaamaansa-hametta\/1562298\" rel=\"nofollow noopener\" target=\"_blank\"><\/p>\n<p class=\"section-date\">\n        <strong class=\"article-section\" data-section=\"vain seiskassa\"><br \/>\n            vain seiskassa<br \/>\n        <\/strong><br \/>\n        25.12.2024 12:00\n    <\/p>\n<p>Frederik lataa t\u00e4yslaidallisen \u2013 t\u00e4st\u00e4 syyst\u00e4 h\u00e4n ei ostanut Dannylle lupaamaansa hametta\n    <\/p>\n<p itemprop=\"description\" class=\"subtitle \">\n    Frederik kertoo olevansa loukkaantunut Dannylle. V\u00e4lej\u00e4 h\u00e4n kuvaa samanlaisiksi kuin Etel\u00e4- ja Pohjois-Korella.\n<\/p>\n<p>        <\/a><\/p>\n<p class=\"article-content article-content-width !bg-background\">Vaikka lihasreuma on sairautena parantumaton, sen kanssa el\u00e4minen ei tuota Markulle suurempia tuskia.<\/p>\n<p class=\"article-content article-content-width !bg-background\">\u2013 Kyll\u00e4 se sairaus siell\u00e4 on, mutta nyt se on sammuksissa. Aina v\u00e4lill\u00e4 menee Buranaa, mutta se on ihan tavanomaista, El\u00e4m\u00e4ni biisi -ohjelmassakin laulava kultakurkku linjasi.<\/p>\n","protected":false},"excerpt":{"rendered":"Timo Korhonen Onko Frederik saanut Markku Arosta seuraajan Dannyn kritisoijaksi? Iskelm\u00e4konkari tylytt\u00e4\u00e4 musiikkineuvos \u00a0eli tuoreessa Avun haastattelussa. 75-vuotias&hellip;\n","protected":false},"author":2,"featured_media":142625,"comment_status":"","ping_status":"","sticky":false,"template":"","format":"standard","meta":{"footnotes":""},"categories":[130],"tags":[8967,137,33,31,30,24495,11419,5376,47,32,1667,109],"class_list":{"0":"post-142624","1":"post","2":"type-post","3":"status-publish","4":"format-standard","5":"has-post-thumbnail","7":"category-viihde","8":"tag-danny","9":"tag-entertainment","10":"tag-fi","11":"tag-finland","12":"tag-finnish","13":"tag-helmis-loukasmaki","14":"tag-ilkka-lipsanen","15":"tag-markku-aro","16":"tag-musiikki","17":"tag-suomi","18":"tag-tapahtumat","19":"tag-viihde"},"share_on_mastodon":{"url":"https:\/\/pubeurope.com\/@fi\/115896983433390057","error":""},"_links":{"self":[{"href":"https:\/\/www.europesays.com\/fi\/wp-json\/wp\/v2\/posts\/142624","targetHints":{"allow":["GET"]}}],"collection":[{"href":"https:\/\/www.europesays.com\/fi\/wp-json\/wp\/v2\/posts"}],"about":[{"href":"https:\/\/www.europesays.com\/fi\/wp-json\/wp\/v2\/types\/post"}],"author":[{"embeddable":true,"href":"https:\/\/www.europesays.com\/fi\/wp-json\/wp\/v2\/users\/2"}],"replies":[{"embeddable":true,"href":"https:\/\/www.europesays.com\/fi\/wp-json\/wp\/v2\/comments?post=142624"}],"version-history":[{"count":0,"href":"https:\/\/www.europesays.com\/fi\/wp-json\/wp\/v2\/posts\/142624\/revisions"}],"wp:featuredmedia":[{"embeddable":true,"href":"https:\/\/www.europesays.com\/fi\/wp-json\/wp\/v2\/media\/142625"}],"wp:attachment":[{"href":"https:\/\/www.europesays.com\/fi\/wp-json\/wp\/v2\/media?parent=142624"}],"wp:term":[{"taxonomy":"category","embeddable":true,"href":"https:\/\/www.europesays.com\/fi\/wp-json\/wp\/v2\/categories?post=142624"},{"taxonomy":"post_tag","embeddable":true,"href":"https:\/\/www.europesays.com\/fi\/wp-json\/wp\/v2\/tags?post=142624"}],"curies":[{"name":"wp","href":"https:\/\/api.w.org\/{rel}","templated":true}]}}