{"id":142628,"date":"2026-01-15T03:29:07","date_gmt":"2026-01-15T03:29:07","guid":{"rendered":"https:\/\/www.europesays.com\/fi\/142628\/"},"modified":"2026-01-15T03:29:07","modified_gmt":"2026-01-15T03:29:07","slug":"trump-sanoo-uskovansa-etta-gronlannista-paastaan-ratkaisuun-uutisia-lyhyesti","status":"publish","type":"post","link":"https:\/\/www.europesays.com\/fi\/142628\/","title":{"rendered":"Trump sanoo uskovansa, ett\u00e4 Gr\u00f6nlannista p\u00e4\u00e4st\u00e4\u00e4n ratkaisuun | Uutisia lyhyesti"},"content":{"rendered":"<p class=\"aw-1gybjub aw-1p7kakr kEtdKx cEmitX yle__article__paragraph\">Yhdysvaltain presidentti <strong class=\"aw-ak79eh KyCXm yle__article__strong\">Donald Trump<\/strong> sanoo uskovansa, ett\u00e4 Gr\u00f6nlannista p\u00e4\u00e4st\u00e4\u00e4n ratkaisuun. Trump kommentoi asiaa toimittajille sen j\u00e4lkeen, kun Tanskan ja Gr\u00f6nlannin ulkoministerit ja Yhdysvaltain edustajat tapasivat keskiviikkona Washingtonissa.<\/p>\n<p class=\"aw-1gybjub aw-1p7kakr kEtdKx cEmitX yle__article__paragraph\">Sovittelevampaan s\u00e4vyyn puhunut Trump sanoi my\u00f6s, ett\u00e4 Yhdysvalloilla on hyv\u00e4t suhteet Tanskaan.<\/p>\n<p class=\"aw-1gybjub aw-1p7kakr kEtdKx cEmitX yle__article__paragraph\">Trump on toistuvasti sanonut, ett\u00e4 Yhdysvaltojen on saatava Gr\u00f6nlanti hallintaansa. Keskiviikkona Trump sanoi, ett\u00e4 Gr\u00f6nlannin hallitseminen on v\u00e4ltt\u00e4m\u00e4t\u00f6nt\u00e4 Yhdysvalloissa kehitteill\u00e4 olevan ohjuspuolustusj\u00e4rjestelm\u00e4n takia.<\/p>\n","protected":false},"excerpt":{"rendered":"Yhdysvaltain presidentti Donald Trump sanoo uskovansa, ett\u00e4 Gr\u00f6nlannista p\u00e4\u00e4st\u00e4\u00e4n ratkaisuun. Trump kommentoi asiaa toimittajille sen j\u00e4lkeen, kun Tanskan&hellip;\n","protected":false},"author":2,"featured_media":74,"comment_status":"","ping_status":"","sticky":false,"template":"","format":"standard","meta":{"footnotes":""},"categories":[14],"tags":[22,23,585,26,27,33,31,30,4538,17,70,24,25,28,29,15,18,21,6811,32,1014,19,20,56,16,59,60,61,619],"class_list":{"0":"post-142628","1":"post","2":"type-post","3":"status-publish","4":"format-standard","5":"has-post-thumbnail","7":"category-ulkomaat","8":"tag-breaking-news","9":"tag-breakingnews","10":"tag-donald-trump","11":"tag-featured-news","12":"tag-featurednews","13":"tag-fi","14":"tag-finland","15":"tag-finnish","16":"tag-gronlanti","17":"tag-headlines","18":"tag-kansainvalinen-politiikka","19":"tag-latest-news","20":"tag-latestnews","21":"tag-main-news","22":"tag-mainnews","23":"tag-news","24":"tag-otsikot","25":"tag-paauutiset","26":"tag-presidentti-trumpin-hallinto","27":"tag-suomi","28":"tag-tanska","29":"tag-top-stories","30":"tag-topstories","31":"tag-ulkomaat","32":"tag-uutiset","33":"tag-world","34":"tag-world-news","35":"tag-worldnews","36":"tag-yhdysvallat"},"share_on_mastodon":{"url":"https:\/\/pubeurope.com\/@fi\/115896999328991708","error":""},"_links":{"self":[{"href":"https:\/\/www.europesays.com\/fi\/wp-json\/wp\/v2\/posts\/142628","targetHints":{"allow":["GET"]}}],"collection":[{"href":"https:\/\/www.europesays.com\/fi\/wp-json\/wp\/v2\/posts"}],"about":[{"href":"https:\/\/www.europesays.com\/fi\/wp-json\/wp\/v2\/types\/post"}],"author":[{"embeddable":true,"href":"https:\/\/www.europesays.com\/fi\/wp-json\/wp\/v2\/users\/2"}],"replies":[{"embeddable":true,"href":"https:\/\/www.europesays.com\/fi\/wp-json\/wp\/v2\/comments?post=142628"}],"version-history":[{"count":0,"href":"https:\/\/www.europesays.com\/fi\/wp-json\/wp\/v2\/posts\/142628\/revisions"}],"wp:featuredmedia":[{"embeddable":true,"href":"https:\/\/www.europesays.com\/fi\/wp-json\/wp\/v2\/media\/74"}],"wp:attachment":[{"href":"https:\/\/www.europesays.com\/fi\/wp-json\/wp\/v2\/media?parent=142628"}],"wp:term":[{"taxonomy":"category","embeddable":true,"href":"https:\/\/www.europesays.com\/fi\/wp-json\/wp\/v2\/categories?post=142628"},{"taxonomy":"post_tag","embeddable":true,"href":"https:\/\/www.europesays.com\/fi\/wp-json\/wp\/v2\/tags?post=142628"}],"curies":[{"name":"wp","href":"https:\/\/api.w.org\/{rel}","templated":true}]}}