{"id":142629,"date":"2026-01-15T03:30:10","date_gmt":"2026-01-15T03:30:10","guid":{"rendered":"https:\/\/www.europesays.com\/fi\/142629\/"},"modified":"2026-01-15T03:30:10","modified_gmt":"2026-01-15T03:30:10","slug":"metsahallitus-vaatii-korvauksia-elokapinan-aktivisteilta-aalistunturin-hakkuiden-estamisesta","status":"publish","type":"post","link":"https:\/\/www.europesays.com\/fi\/142629\/","title":{"rendered":"Mets\u00e4hallitus vaatii korvauksia Elokapinan aktivisteilta Aalistunturin hakkuiden est\u00e4misest\u00e4"},"content":{"rendered":"<p>Aalistunturin mets\u00e4hakkuita koskevaa tapausta k\u00e4sitell\u00e4\u00e4n nyt oikeudessa.<\/p>\n<p>14.1. 15:25<\/p>\n<p class=\"article-body mb-nof-24 px-nof-16\">Mets\u00e4hallitus vaatii korvauksia ymp\u00e4rist\u00f6aktivisteilta Aalistunturin hakkuiden est\u00e4misest\u00e4.<\/p>\n<p class=\"article-body mb-nof-24 px-nof-16\">Keskiviikkona Lapin k\u00e4r\u00e4j\u00e4oikeudessa Rovaniemell\u00e4 alkaneessa kaksip\u00e4iv\u00e4isess\u00e4 oikeudenk\u00e4ynniss\u00e4 ymp\u00e4rist\u00f6liike Elokapinan sek\u00e4 Mets\u00e4liikkeen j\u00e4seni\u00e4 syytet\u00e4\u00e4n hallinnanloukkauksesta.<\/p>\n<p class=\"article-body mb-nof-24 px-nof-16\">Syytt\u00e4j\u00e4 vaatii mielenosoittajilta kymmenien tuhansien suuruisia korvausvaatimuksia taloudellisista menetyksist\u00e4. Mets\u00e4hallitus on yhtynyt vaatimukseen.<\/p>\n<p class=\"article-body mb-nof-24 px-nof-16\">Elokapinan tiedotteen mukaan Mets\u00e4hallitus vaatisi yhteens\u00e4 l\u00e4hes 30\u202f000 euron vahingonkorvauksia.<\/p>\n<p class=\"article-body mb-nof-24 px-nof-16\">Elokapinan, Luonto-Liiton ja Greenpeacen aktivisteista koostunut ryhm\u00e4 esti Mets\u00e4hallituksen hakkuita Kolarin Aalistunturin alueella alkuvuonna 2023. Mielenosoittajat rakensivat muun muassa esteit\u00e4 ty\u00f6maatielle ja asettuivat itse autojen esteeksi.<\/p>\n<p class=\"article-body mb-nof-24 px-nof-16\">Ymp\u00e4rist\u00f6liikkeet vaativat Mets\u00e4hallitusta pys\u00e4ytt\u00e4m\u00e4\u00e4n harvennushakkuut siihen asti, ett\u00e4 Aalistunturin alueelle esitetty suojelup\u00e4\u00e4t\u00f6s ja kansallispuiston asema olisi k\u00e4sitelty loppuun ministeri\u00f6ss\u00e4.<\/p>\n<p><img decoding=\"async\" src=\"https:\/\/www.europesays.com\/fi\/wp-content\/uploads\/2026\/01\/1768447810_371_468.jpg\" alt=\"Poliisi otti kiinni useita mielenosoittajia paikalta ja sakotti niskoittelusta.\" class=\"_Img_1rerz_1\" style=\"aspect-ratio:1.5\" loading=\"eager\"\/><\/p>\n<p class=\"article-picture-caption\">Poliisi otti kiinni useita mielenosoittajia paikalta ja sakotti niskoittelusta. Kuva:\u00a0Elokapina<\/p>\n<p class=\"article-body mb-nof-24 px-nof-16\"><a class=\"underline underline-offset-[0.12em] [text-decoration-thickness:var(--generic-link-underline-thickness)] [text-decoration-color:var(--generic-link-underline-color)] [text-decoration-skip-ink:var(--generic-link-underline-skip-ink)] break-words\" href=\"https:\/\/www.metsa.fi\/tiedotteet\/tietoa-aalistunturin-etelapuolisista-hakkuista-2023\/\" rel=\"nofollow noopener\" target=\"_blank\">Mets\u00e4hallituksen mukaan<\/a> hakkuualue oli jo aiemmin k\u00e4sitelty\u00e4 talousmets\u00e4\u00e4. Mets\u00e4hallitus kertoo, ettei paikalla tehty avohakkuita ja ett\u00e4 arvokkaat luontokohteet oli j\u00e4tetty hakkuiden ulkopuolelle.<\/p>\n<p class=\"article-body mb-nof-24 px-nof-16\">Esitetyt korvausvaatimukset vastaavat Mets\u00e4hallituksen mukaan summaa, joka olisi maksettu hakkuiden urakoitsijoille keskeytetylt\u00e4 ajanjaksolta 16.\u201317.1.2023.<\/p>\n","protected":false},"excerpt":{"rendered":"Aalistunturin mets\u00e4hakkuita koskevaa tapausta k\u00e4sitell\u00e4\u00e4n nyt oikeudessa. 14.1. 15:25 Mets\u00e4hallitus vaatii korvauksia ymp\u00e4rist\u00f6aktivisteilta Aalistunturin hakkuiden est\u00e4misest\u00e4. Keskiviikkona Lapin&hellip;\n","protected":false},"author":2,"featured_media":142630,"comment_status":"","ping_status":"","sticky":false,"template":"","format":"standard","meta":{"footnotes":""},"categories":[12],"tags":[22,23,26,27,33,31,30,17,34,24,25,28,29,15,18,21,32,19,20,16],"class_list":{"0":"post-142629","1":"post","2":"type-post","3":"status-publish","4":"format-standard","5":"has-post-thumbnail","7":"category-suomi","8":"tag-breaking-news","9":"tag-breakingnews","10":"tag-featured-news","11":"tag-featurednews","12":"tag-fi","13":"tag-finland","14":"tag-finnish","15":"tag-headlines","16":"tag-ilta-sanomat","17":"tag-latest-news","18":"tag-latestnews","19":"tag-main-news","20":"tag-mainnews","21":"tag-news","22":"tag-otsikot","23":"tag-paauutiset","24":"tag-suomi","25":"tag-top-stories","26":"tag-topstories","27":"tag-uutiset"},"share_on_mastodon":{"url":"https:\/\/pubeurope.com\/@fi\/115897003115245953","error":""},"_links":{"self":[{"href":"https:\/\/www.europesays.com\/fi\/wp-json\/wp\/v2\/posts\/142629","targetHints":{"allow":["GET"]}}],"collection":[{"href":"https:\/\/www.europesays.com\/fi\/wp-json\/wp\/v2\/posts"}],"about":[{"href":"https:\/\/www.europesays.com\/fi\/wp-json\/wp\/v2\/types\/post"}],"author":[{"embeddable":true,"href":"https:\/\/www.europesays.com\/fi\/wp-json\/wp\/v2\/users\/2"}],"replies":[{"embeddable":true,"href":"https:\/\/www.europesays.com\/fi\/wp-json\/wp\/v2\/comments?post=142629"}],"version-history":[{"count":0,"href":"https:\/\/www.europesays.com\/fi\/wp-json\/wp\/v2\/posts\/142629\/revisions"}],"wp:featuredmedia":[{"embeddable":true,"href":"https:\/\/www.europesays.com\/fi\/wp-json\/wp\/v2\/media\/142630"}],"wp:attachment":[{"href":"https:\/\/www.europesays.com\/fi\/wp-json\/wp\/v2\/media?parent=142629"}],"wp:term":[{"taxonomy":"category","embeddable":true,"href":"https:\/\/www.europesays.com\/fi\/wp-json\/wp\/v2\/categories?post=142629"},{"taxonomy":"post_tag","embeddable":true,"href":"https:\/\/www.europesays.com\/fi\/wp-json\/wp\/v2\/tags?post=142629"}],"curies":[{"name":"wp","href":"https:\/\/api.w.org\/{rel}","templated":true}]}}