{"id":142631,"date":"2026-01-15T03:31:17","date_gmt":"2026-01-15T03:31:17","guid":{"rendered":"https:\/\/www.europesays.com\/fi\/142631\/"},"modified":"2026-01-15T03:31:17","modified_gmt":"2026-01-15T03:31:17","slug":"linjan-10-reitti-lehtomaessa-muuttuu","status":"publish","type":"post","link":"https:\/\/www.europesays.com\/fi\/142631\/","title":{"rendered":"Linjan 10 reitti Lehtom\u00e4ess\u00e4 muuttuu"},"content":{"rendered":"<p>\t\t\t\t\t<img width=\"760\" height=\"420\" src=\"https:\/\/www.europesays.com\/fi\/wp-content\/uploads\/2026\/01\/20260108_091601-760x420.jpg\" class=\"attachment-post-thumbnail-large size-post-thumbnail-large wp-post-image\" alt=\"\" decoding=\"async\" fetchpriority=\"high\"\/>                <\/p>\n<p>Linjan 10 ajoreittiin tehd\u00e4\u00e4n aikataulussa pysymist\u00e4 parantava muutos. <\/p>\n<p>Linjan 10 aikataulu on havaittu talvi-olosuhteissa hieman liian tiukaksi ja se on aiheuttanut my\u00f6h\u00e4stymisi\u00e4 etenkin iltap\u00e4ivisin. Linjaa liikenn\u00f6id\u00e4\u00e4n yhdell\u00e4 ajoneuvolla tunnin vuorov\u00e4lill\u00e4, mutta todellinen ajoaika on ollut suosituimmilla l\u00e4hd\u00f6ill\u00e4 muutaman minuutin yli tunnin. Iltap\u00e4iv\u00e4ss\u00e4 my\u00f6h\u00e4styminen on p\u00e4\u00e4ssyt kertautumaan kun seuraavalle l\u00e4hd\u00f6lle ei olla ehditty ajoissa, ja t\u00e4m\u00e4 on viiv\u00e4stytt\u00e4nyt linjan kulkua.<\/p>\n<p>T\u00e4m\u00e4n takia <strong>19.1.2026<\/strong> alkaen linja 10 ei en\u00e4\u00e4 Lehtom\u00e4ess\u00e4 poikkea Haukitielle, Tyttilammenkadulle ja Ahventielle, vaan ajaa suoraan Lehtom\u00e4enkatua pitkin. Lehtom\u00e4en ajantasauspys\u00e4kkin\u00e4 linjalla 10 k\u00e4ytet\u00e4\u00e4n jatkossakin pys\u00e4kki\u00e4 <strong>Ahventie L<\/strong>. Teht\u00e4v\u00e4 muutos lyhent\u00e4\u00e4 linjan ajoaikaa tarvittavat minuutit ja parantaa aikataulussa pysymist\u00e4. Teht\u00e4v\u00e4 muutos n\u00e4kyy reittioppaassa 19.1. alkaen. Linjojen 7 ja 8 reitteihin ei tehd\u00e4 muutoksia, vaan ne liikenn\u00f6iv\u00e4t my\u00f6s jatkossa Lehtom\u00e4en pohjoisreunan tonttikaduilla. <\/p>\n<p><img loading=\"lazy\" decoding=\"async\" width=\"470\" height=\"681\" src=\"https:\/\/www.europesays.com\/fi\/wp-content\/uploads\/2026\/01\/linja10_kartta_14012026-470x681.jpg\" alt=\"\" class=\"wp-image-334214\"  \/>Linjan 10 reitti 19.1.2026 alkaen<\/p>\n<p>Lis\u00e4tietoja: joukkoliikenne(at)kouvola.fi<\/p>\n","protected":false},"excerpt":{"rendered":"Linjan 10 ajoreittiin tehd\u00e4\u00e4n aikataulussa pysymist\u00e4 parantava muutos. Linjan 10 aikataulu on havaittu talvi-olosuhteissa hieman liian tiukaksi ja&hellip;\n","protected":false},"author":2,"featured_media":142632,"comment_status":"","ping_status":"","sticky":false,"template":"","format":"standard","meta":{"footnotes":""},"categories":[5],"tags":[22,23,26,27,33,31,30,17,24,25,28,29,15,18,21,32,19,20,16],"class_list":{"0":"post-142631","1":"post","2":"type-post","3":"status-publish","4":"format-standard","5":"has-post-thumbnail","7":"category-otsikot","8":"tag-breaking-news","9":"tag-breakingnews","10":"tag-featured-news","11":"tag-featurednews","12":"tag-fi","13":"tag-finland","14":"tag-finnish","15":"tag-headlines","16":"tag-latest-news","17":"tag-latestnews","18":"tag-main-news","19":"tag-mainnews","20":"tag-news","21":"tag-otsikot","22":"tag-paauutiset","23":"tag-suomi","24":"tag-top-stories","25":"tag-topstories","26":"tag-uutiset"},"share_on_mastodon":{"url":"https:\/\/pubeurope.com\/@fi\/115897006989814516","error":""},"_links":{"self":[{"href":"https:\/\/www.europesays.com\/fi\/wp-json\/wp\/v2\/posts\/142631","targetHints":{"allow":["GET"]}}],"collection":[{"href":"https:\/\/www.europesays.com\/fi\/wp-json\/wp\/v2\/posts"}],"about":[{"href":"https:\/\/www.europesays.com\/fi\/wp-json\/wp\/v2\/types\/post"}],"author":[{"embeddable":true,"href":"https:\/\/www.europesays.com\/fi\/wp-json\/wp\/v2\/users\/2"}],"replies":[{"embeddable":true,"href":"https:\/\/www.europesays.com\/fi\/wp-json\/wp\/v2\/comments?post=142631"}],"version-history":[{"count":0,"href":"https:\/\/www.europesays.com\/fi\/wp-json\/wp\/v2\/posts\/142631\/revisions"}],"wp:featuredmedia":[{"embeddable":true,"href":"https:\/\/www.europesays.com\/fi\/wp-json\/wp\/v2\/media\/142632"}],"wp:attachment":[{"href":"https:\/\/www.europesays.com\/fi\/wp-json\/wp\/v2\/media?parent=142631"}],"wp:term":[{"taxonomy":"category","embeddable":true,"href":"https:\/\/www.europesays.com\/fi\/wp-json\/wp\/v2\/categories?post=142631"},{"taxonomy":"post_tag","embeddable":true,"href":"https:\/\/www.europesays.com\/fi\/wp-json\/wp\/v2\/tags?post=142631"}],"curies":[{"name":"wp","href":"https:\/\/api.w.org\/{rel}","templated":true}]}}