{"id":142633,"date":"2026-01-15T03:34:36","date_gmt":"2026-01-15T03:34:36","guid":{"rendered":"https:\/\/www.europesays.com\/fi\/142633\/"},"modified":"2026-01-15T03:34:36","modified_gmt":"2026-01-15T03:34:36","slug":"luonnon-materiaaleista-inspiroituva-fysiikan-professori-olli-ikkala-sai-suomen-tiedepalkinnon-tiede","status":"publish","type":"post","link":"https:\/\/www.europesays.com\/fi\/142633\/","title":{"rendered":"Luonnon materiaaleista inspiroituva fysiikan professori Olli Ikkala sai Suomen tiedepalkinnon | Tiede"},"content":{"rendered":"<p>Artikkeli on yli 2 vuotta vanha<\/p>\n<p class=\"aw-1gybjub aw-5vja16 kEtdKx kmuxyA yle__article__paragraph\">Joka toinen vuosi my\u00f6nnett\u00e4v\u00e4 suuri palkinto on tunnustus merkitt\u00e4v\u00e4st\u00e4 tieteellisest\u00e4 ty\u00f6st\u00e4.Olli Ikkalan uralla se on tarkoittanut muun muassa huomattavaa monitieteisyytt\u00e4. <\/p>\n<p><img decoding=\"async\" alt=\"Hymyilev\u00e4 Olli Ikkala.\" src=\"https:\/\/www.europesays.com\/fi\/wp-content\/uploads\/2026\/01\/39-1130621648b367abd262.jpeg\" class=\"aw-1l9m598 hKVVvP\"\/><\/p>\n<p>Avaa kuvien katselu<\/p>\n<p>Professori Olli Ikkala Kuva: Lasse Lecklin<\/p>\n<p>15.6.2023 14:31\u2022P\u00e4ivitetty 15.6.2023 16:41<\/p>\n<p class=\"aw-1gybjub aw-1p7kakr kEtdKx cEmitX yle__article__paragraph\">Aalto-yliopiston fysiikan professori <strong class=\"aw-ak79eh KyCXm yle__article__strong\">Olli Ikkala<\/strong> on saanut Suomen tiedepalkinnon. Opetus- ja kulttuuriministeri\u00f6n joka toinen vuosi my\u00f6nt\u00e4m\u00e4 palkinto on tutkijalle tai tutkimusryhm\u00e4lle my\u00f6nnett\u00e4v\u00e4 tunnustus merkitt\u00e4v\u00e4st\u00e4 tieteellisest\u00e4 ty\u00f6st\u00e4.<\/p>\n<p class=\"aw-1gybjub aw-1p7kakr kEtdKx cEmitX yle__article__paragraph\">Palkittavaa ehdottaa Suomen Akatemia. Palkinto on arvoltaan satatuhatta euroa.<\/p>\n<p class=\"aw-1gybjub aw-1p7kakr kEtdKx cEmitX yle__article__paragraph\">Tieteen ja tutkimuksen osaajat tekev\u00e4t ratkaisevan t\u00e4rke\u00e4\u00e4 ty\u00f6t\u00e4 suomalaisen yhteiskunnan eteen, rakentavat maamme menestyst\u00e4 ja edist\u00e4v\u00e4t sen kansainv\u00e4list\u00e4 verkottumista ja mainetta, sanoi tiede- ja kulttuuriministeri <strong class=\"aw-ak79eh KyCXm yle__article__strong\">Petri Honkonen<\/strong> luovuttaessaan palkinnon Ikkalalle Tiedefoorumin yhteydess\u00e4 Helsingiss\u00e4.<\/p>\n<p class=\"aw-1gybjub aw-1p7kakr kEtdKx cEmitX yle__article__paragraph\">Palkintoperusteissa Ikkalaa kiitet\u00e4\u00e4n syv\u00e4llisen monitieteinen osaamisen ja verkostoitumiskyvyn yhdist\u00e4misest\u00e4 taitoon kouluttaa uusia tutkijoita.<\/p>\n<p class=\"aw-1gybjub aw-1p7kakr kEtdKx cEmitX yle__article__paragraph\">Tutkimuksiinsa h\u00e4nt\u00e4 on usein inspiroinut evoluution tuottamien luonnon materiaalien toiminta.<\/p>\n<p class=\"aw-1gybjub aw-1p7kakr kEtdKx cEmitX yle__article__paragraph\">Fysiikkaa, kemiaa ja maantiedett\u00e4 ty\u00f6ss\u00e4\u00e4n yhdistelev\u00e4 Ikkala on kehitt\u00e4nyt uusia toiminnallisia materiaaleja, jotka perustuvat hierarkkiseen itsej\u00e4rjestymiseen, biologisten materiaalien j\u00e4ljittelyyn sek\u00e4 luonnossa esiintyvien materiaalien k\u00e4ytt\u00f6\u00f6n.<\/p>\n<p>Pitk\u00e4 ura, paljon oppilapsia<\/p>\n<p class=\"aw-1gybjub aw-1p7kakr kEtdKx cEmitX yle__article__paragraph\">Vuonna 1953 syntyneell\u00e4 Ikkalalla on ollut professuureja Teknillisess\u00e4 korkeakoulussa ja Aalto-yliopistossa vuodesta 1999 alkaen. Ennen yliopistouraa h\u00e4n oli kymmenen vuotta teollisuuden palveluksessa.<\/p>\n<p class=\"aw-1gybjub aw-1p7kakr kEtdKx cEmitX yle__article__paragraph\">H\u00e4n on kouluttanut 35 tohtoria ja yhdeks\u00e4n professoria ja julkaissut yli 300 tieteellist\u00e4 alkuper\u00e4isartikkelia. H\u00e4nell\u00e4 on my\u00f6s parikymment\u00e4 patenttia.<\/p>\n<p class=\"aw-1gybjub aw-1p7kakr kEtdKx cEmitX yle__article__paragraph\">H\u00e4net on kutsuttu l\u00e4hes 200 kertaa puhujaksi kansainv\u00e4lisiin konferensseihin, ja h\u00e4n on toiminut useissa teht\u00e4viss\u00e4 tutkimusten arvioijana Euroopassa ja Yhdysvalloissa.<\/p>\n<p>Tiedefoorumin aiheena nuoret<\/p>\n<p class=\"aw-1gybjub aw-1p7kakr kEtdKx cEmitX yle__article__paragraph\">Tiedefoorumin teemana t\u00e4n\u00e4 vuonna ovat nuoret: \u201dNuorissa on tieteenkin tulevaisuus\u201d. Keskusteluissa paneudutaan my\u00f6s elinkeinoel\u00e4m\u00e4n ja tutkimuksen yhteisty\u00f6h\u00f6n.<\/p>\n<p class=\"aw-1gybjub aw-1p7kakr kEtdKx cEmitX yle__article__paragraph\">Lis\u00e4ksi tilaisuudessa jaettiin Suomen Akatemian viime- ja toissavuotiset akatemiapalkinnot.<\/p>\n<p class=\"aw-1gybjub aw-1p7kakr kEtdKx cEmitX yle__article__paragraph\">Viime vuoden palkitut ovat Helsingin yliopiston bio- ja ymp\u00e4rist\u00f6tieteellisen tiedekunnan akatemiatutkija <strong class=\"aw-ak79eh KyCXm yle__article__strong\">Riikka Puhakka<\/strong> ja Aalto-yliopiston energiatekniikan professori <strong class=\"aw-ak79eh KyCXm yle__article__strong\">Ville Vuorinen.<\/strong> Puhakka tutkii luonnon vaikutuksia nuorten hyvinvointiin ja terveyteen. Vuorisen alaa on ilma- ja nestevirtausten fysiikka.<\/p>\n<p class=\"aw-1gybjub aw-1p7kakr kEtdKx cEmitX yle__article__paragraph\">Vuoden 2021 palkinnot vastaanottivat lasten rakenteellisia syd\u00e4nvikoja tutkiva Helsingin yliopiston dosentti <strong class=\"aw-ak79eh KyCXm yle__article__strong\">Emmi Helle<\/strong> sek\u00e4 Aalto-yliopiston apulaisprofessori <strong class=\"aw-ak79eh KyCXm yle__article__strong\">Eliisa Lotsari<\/strong>, joka tutkii monitieteisesti ilmastonmuutoksen vaikutuksia vesist\u00f6ihin.<\/p>\n<p class=\"aw-1gybjub aw-1p7kakr kEtdKx cEmitX yle__article__paragraph\">Palkintoperusteissa voittajia kiitet\u00e4\u00e4n tieteellisest\u00e4 rohkeudesta ja luovuudesta sek\u00e4 toiminnasta tieteen yhteiskunnallisen vaikuttavuuden edist\u00e4miseksi.<\/p>\n<p class=\"aw-1gybjub aw-1p7kakr kEtdKx cEmitX yle__article__paragraph\">Lis\u00e4tty klo 16.40: Vuoden 2021 palkitut ovat Emmi Helle ja Eliisa Lotsari.<\/p>\n","protected":false},"excerpt":{"rendered":"Artikkeli on yli 2 vuotta vanha Joka toinen vuosi my\u00f6nnett\u00e4v\u00e4 suuri palkinto on tunnustus merkitt\u00e4v\u00e4st\u00e4 tieteellisest\u00e4 ty\u00f6st\u00e4.Olli Ikkalan&hellip;\n","protected":false},"author":2,"featured_media":142634,"comment_status":"","ping_status":"","sticky":false,"template":"","format":"standard","meta":{"footnotes":""},"categories":[115],"tags":[444,33,31,30,455,71,454,118,32,119],"class_list":{"0":"post-142633","1":"post","2":"type-post","3":"status-publish","4":"format-standard","5":"has-post-thumbnail","7":"category-fysiikka","8":"tag-aalto-yliopisto","9":"tag-fi","10":"tag-finland","11":"tag-finnish","12":"tag-fysiikka","13":"tag-kotimaa","14":"tag-physics","15":"tag-science","16":"tag-suomi","17":"tag-tiede"},"share_on_mastodon":{"url":"https:\/\/pubeurope.com\/@fi\/115897018799294114","error":""},"_links":{"self":[{"href":"https:\/\/www.europesays.com\/fi\/wp-json\/wp\/v2\/posts\/142633","targetHints":{"allow":["GET"]}}],"collection":[{"href":"https:\/\/www.europesays.com\/fi\/wp-json\/wp\/v2\/posts"}],"about":[{"href":"https:\/\/www.europesays.com\/fi\/wp-json\/wp\/v2\/types\/post"}],"author":[{"embeddable":true,"href":"https:\/\/www.europesays.com\/fi\/wp-json\/wp\/v2\/users\/2"}],"replies":[{"embeddable":true,"href":"https:\/\/www.europesays.com\/fi\/wp-json\/wp\/v2\/comments?post=142633"}],"version-history":[{"count":0,"href":"https:\/\/www.europesays.com\/fi\/wp-json\/wp\/v2\/posts\/142633\/revisions"}],"wp:featuredmedia":[{"embeddable":true,"href":"https:\/\/www.europesays.com\/fi\/wp-json\/wp\/v2\/media\/142634"}],"wp:attachment":[{"href":"https:\/\/www.europesays.com\/fi\/wp-json\/wp\/v2\/media?parent=142633"}],"wp:term":[{"taxonomy":"category","embeddable":true,"href":"https:\/\/www.europesays.com\/fi\/wp-json\/wp\/v2\/categories?post=142633"},{"taxonomy":"post_tag","embeddable":true,"href":"https:\/\/www.europesays.com\/fi\/wp-json\/wp\/v2\/tags?post=142633"}],"curies":[{"name":"wp","href":"https:\/\/api.w.org\/{rel}","templated":true}]}}