{"id":142635,"date":"2026-01-15T03:43:13","date_gmt":"2026-01-15T03:43:13","guid":{"rendered":"https:\/\/www.europesays.com\/fi\/142635\/"},"modified":"2026-01-15T03:43:13","modified_gmt":"2026-01-15T03:43:13","slug":"anni-sinnemaki-vertaa-itseaan-oscar-voittaja-emma-stoneen-napapaidat-yllaan-pukujuhlissa","status":"publish","type":"post","link":"https:\/\/www.europesays.com\/fi\/142635\/","title":{"rendered":"Anni Sinnem\u00e4ki vertaa itse\u00e4\u00e4n Oscar-voittaja Emma Stoneen \u2013 Napapaidat yll\u00e4\u00e4n pukujuhlissa"},"content":{"rendered":"<p>            Tomi Natri\n        <\/p>\n<p class=\"subtitle \">Poliitikko ei pelk\u00e4st\u00e4\u00e4n rinnasta itse\u00e4\u00e4n staraan vaan my\u00f6s kaveriaan muotitalojen huippuun.<\/p>\n<p class=\"article-content article-content-width !bg-background\">Entinen Helsingin apulaispormestari , 52, l\u00f6ysi itsest\u00e4\u00e4n yhtym\u00e4kohdan 25 vuoden takaa nykyp\u00e4iv\u00e4n t\u00e4hteen.<\/p>\n<p class=\"font-weight-bold m-font-weight-bold article-content article-content-width !bg-background\">Arkistovideo: Hollywoodista l\u00f6ytyy suomalaisgeenej\u00e4<\/p>\n<p class=\"article-content article-content-width !bg-background\">Annilla\u00a0on kokemusta politiikasta ministeritasoa my\u00f6ten. Kansanedustajana 16 vuotta toimineena h\u00e4nelle ovat my\u00f6s Linnan juhlat tuttua kauraa.<\/p>\n<p class=\"article-content article-content-width !bg-background\">Suomessa kansainv\u00e4lisestikin omituisia Linnan juhlia on verrattu Met Gala -tyyppisiin kulttuurisiin tapahtumiin, joissa asuilla on isompi rooli kuin tapahtumilla sin\u00e4ns\u00e4.<\/p>\n<p>        <a itemprop=\"url\" href=\"https:\/\/www.seiska.fi\/kotimaa\/tytti-junnan-gaalatyyli-aiehutti-torkykommenttien-vyoryn-nain-han-vastaa\/1690110\" rel=\"nofollow noopener\" target=\"_blank\"><\/p>\n<p>\nN\u00e4in Tytti vastaa\n<\/p>\n<p class=\"section-date\">\n        <strong class=\"article-section\" data-section=\"kotimaa\"><br \/>\n            kotimaa<br \/>\n        <\/strong><br \/>\n        2.5.2025 14:30\n    <\/p>\n<p>Tytti Junnan gaalatyyli aiehutti t\u00f6rkykommenttien vy\u00f6ryn \u2013 n\u00e4in h\u00e4n vastaa\n    <\/p>\n<p itemprop=\"description\" class=\"subtitle \">\n    Tytti Junna saapui viime viikonloppuna Radiogaalaan n\u00e4ytt\u00e4v\u00e4ss\u00e4 asussa, joka paljasti raskausvatsan.\n<\/p>\n<p>        <\/a><\/p>\n<p class=\"article-content article-content-width !bg-background\">Silt\u00e4 pohjalta Annin tekem\u00e4 rinnastus on hauska ja yll\u00e4tt\u00e4v\u00e4 tapa selitt\u00e4\u00e4 meik\u00e4l\u00e4isi\u00e4 pukeutumistapoja.<\/p>\n<p>Vertaa itse\u00e4\u00e4n Oscar-voittajaan<\/p>\n<p class=\"article-content article-content-width !bg-background\">Hollywoodissa juuri pidetty Golden Globe toi pukuloistossaan n\u00e4kyviin my\u00f6s pienen arkisen yksityiskohdan. Kertausmuotina ainakin 1950-luvulta kulkenut lyhyt toppi (crop top) oli aikoinaan nuorisomuotia. Site pidettiin hyv\u00e4ksytt\u00e4v\u00e4n\u00e4 l\u00e4hinn\u00e4 kes\u00e4rannoilla hilluessa.\u00a0<\/p>\n<p>        <a itemprop=\"url\" href=\"https:\/\/www.seiska.fi\/ulkomaat\/meg-ryan-muutti-rajusti-tyyliaan-napapaita-savayttaa\/1307160\" rel=\"nofollow noopener\" target=\"_blank\"><\/p>\n<p class=\"section-date\">\n        <strong class=\"article-section\" data-section=\"ulkomaat\"><br \/>\n            ulkomaat<br \/>\n        <\/strong><br \/>\n        27.3.2024 20:00\n    <\/p>\n<p>Meg Ryan muutti rajusti tyyli\u00e4\u00e4n &#8211; napapaita s\u00e4v\u00e4ytt\u00e4\u00e4\n    <\/p>\n<p itemprop=\"description\" class=\"subtitle \">\n    Takavuosien valkokangassuosikki on my\u00f6s taitava asuntosijoittaja kotikulmillaan.\n<\/p>\n<p>        <\/a><\/p>\n<p class=\"article-content article-content-width !bg-background\">Kymmenen tai 20 vuoden v\u00e4lein toistuessaan toppi on saanut v\u00e4h\u00e4n eri tulkintoja. Milloin se on ollut seksualisoitu vaate, milloin aikuisilta kielletty ja v\u00e4lill\u00e4 se on ollut voiman tai mukavuuden merkki.<\/p>\n<p class=\"article-content article-content-width !bg-background\">Nyky\u00e4\u00e4n se on t\u00e4ysin valtavirtaa, ja lyhyit\u00e4 toppeja k\u00e4ytet\u00e4\u00e4n sujuvasti my\u00f6s osana iltapukuja.<\/p>\n<p class=\"article-content article-content-width !bg-background\">Mutta hetkinen! Ei pelk\u00e4st\u00e4\u00e4n nyky\u00e4\u00e4n. T\u00e4h\u00e4n Anni tarttui ja hoksasi verrata itse\u00e4\u00e4n kaksinkertaiseen Oscar- ja kaksinkertaiseen Golden Globe -voittajaan .<\/p>\n<p>Muistatko napapaidat?<\/p>\n<p class=\"article-content article-content-width !bg-background\">Jos muistat lyhyen topin 1990\u20132000-lukujen vaihteesta, olet oppinut tuntemaan vaatteen nuorten naisten ja teinien napapaitana.<\/p>\n<p>        <a itemprop=\"url\" href=\"https:\/\/www.seiska.fi\/kuninkaalliset\/kruununprinsessa-victoria-tanssi-villisti-ennennakematon-kuva-napapaidassa\/1671822\" rel=\"nofollow noopener\" target=\"_blank\"><\/p>\n<p>\nTanssi villisti\n<\/p>\n<p class=\"section-date\">\n        <strong class=\"article-section\" data-section=\"kuninkaalliset\"><br \/>\n            kuninkaalliset<br \/>\n        <\/strong><br \/>\n        12.4.2025 17:00\n    <\/p>\n<p>Kruununprinsessa Victoria tanssi villisti \u2013 ennenn\u00e4kem\u00e4t\u00f6n kuva napapaidassa!\n    <\/p>\n<p itemprop=\"description\" class=\"subtitle \">\n    Kruununprinsessa koki monia hilpeit\u00e4 hetki\u00e4 vierailullaan.\n<\/p>\n<p>        <\/a><\/p>\n<p class=\"article-content article-content-width !bg-background\">Jos erehdyit luulemaan, ett\u00e4 napiksia ei ole n\u00e4hty Linnan juhlissa, erehdyt! T\u00e4ss\u00e4 esiin marssii Anni.<\/p>\n<p class=\"article-content article-content-width !bg-background\">\u2013 \u00c4l\u00e4 koskaan aliarvioi napapaitaa iltapuvun osana, h\u00e4n kirjoittaa englanniksi.<\/p>\n<p>        <a itemprop=\"url\" href=\"https:\/\/www.seiska.fi\/kotimaa\/nyt-sanna-okyreissaa-italiassa-napapaitapaljastus-on-kuin-muotikuvasta\/1390281\" rel=\"nofollow noopener\" target=\"_blank\"><\/p>\n<p class=\"section-date\">\n        <strong class=\"article-section\" data-section=\"kotimaa\"><br \/>\n            kotimaa<br \/>\n        <\/strong><br \/>\n        25.6.2024 12:40\n    <\/p>\n<p>Nyt Sanna \u00f6kyreissaa Italiassa \u2013 napapaitapaljastus on kuin muotikuvasta\n    <\/p>\n<p itemprop=\"description\" class=\"subtitle \">\n    Ex-p\u00e4\u00e4ministerin t\u00e4m\u00e4nkertaisen reissun kohde on Italian raharikkainta aluetta.\n<\/p>\n<p>        <\/a><\/p>\n<p class=\"article-content article-content-width !bg-background\">Anni kirjoitti &#8221;crop top&#8221;, mutta t\u00e4h\u00e4n juttuun valitsin suomennoksen &#8221;napapaita&#8221;. Valintaa voi perustella aikakontekstilla.<\/p>\n<p class=\"article-content article-content-width !bg-background\">Anni on taitavasti omaa asuaan Linnan juhlissa vuonna 2000 ja Emma Stonen asua viikonlopun Golden Globeissa.<\/p>\n<p>        <a itemprop=\"url\" href=\"https:\/\/www.seiska.fi\/kotimaa\/tallaisena-poppari-mirella-nayttaytyi-oulussa-napakoru-varastaa-huomion\/1419127\" rel=\"nofollow noopener\" target=\"_blank\"><\/p>\n<p class=\"section-date\">\n        <strong class=\"article-section\" data-section=\"kotimaa\"><br \/>\n            kotimaa<br \/>\n        <\/strong><br \/>\n        29.7.2024 19:02\n    <\/p>\n<p>T\u00e4llaisena poppari Mirella n\u00e4ytt\u00e4ytyi Oulussa \u2013 napakoru varastaa huomion\n    <\/p>\n<p itemprop=\"description\" class=\"subtitle \">\n    Suosikkilaulaja paljastaa Oulun-kuvissaan my\u00f6s oman suosikkinsa.\n<\/p>\n<p>        <\/a><\/p>\n<p class=\"article-content article-content-width !bg-background\">Emmalla on yll\u00e4\u00e4n tyylipuhdas napis, mutta Annin lyhyt toppi oli hieman pidempi. H\u00e4n kuitenkin k\u00e4ytti sit\u00e4 juuri napapaitavillityksen aikaan.<\/p>\n<p class=\"article-content article-content-width !bg-background\">\u2013 Kansanedustaja Anni Sinnem\u00e4ki tasavallan presidentin vastaanotolla 2000. N\u00e4yttelij\u00e4t\u00e4r Emma Stone Golden Globeissa 2026, Anni kirjoittaa.<\/p>\n<p class=\"article-content article-content-width !bg-background\">H\u00e4n napauttaa viel\u00e4 mehukkaan tiedon entisest\u00e4 Ultra Bra -laulajasta.<\/p>\n<p class=\"article-content article-content-width !bg-background\">\u2013 Design:  ja Louis Vuitton.<\/p>\n<p>        <a itemprop=\"url\" href=\"https:\/\/www.seiska.fi\/kotimaa\/janni-hussi-poseerasi-napapaidassa-joel-harkimo-villiintyi\/1406976\" rel=\"nofollow noopener\" target=\"_blank\"><\/p>\n<p class=\"section-date\">\n        <strong class=\"article-section\" data-section=\"kotimaa\"><br \/>\n            kotimaa<br \/>\n        <\/strong><br \/>\n        13.7.2024 13:00\n    <\/p>\n<p>Janni Hussi poseerasi napapaidassa \u2013 Joel Harkimo villiintyi!\n    <\/p>\n<p itemprop=\"description\" class=\"subtitle \">\n    Jannin nostalgisessa asussa keikistely sai Jollen innostumaan.\n<\/p>\n<p>        <\/a><\/p>\n","protected":false},"excerpt":{"rendered":"Tomi Natri Poliitikko ei pelk\u00e4st\u00e4\u00e4n rinnasta itse\u00e4\u00e4n staraan vaan my\u00f6s kaveriaan muotitalojen huippuun. Entinen Helsingin apulaispormestari , 52,&hellip;\n","protected":false},"author":2,"featured_media":142636,"comment_status":"","ping_status":"","sticky":false,"template":"","format":"standard","meta":{"footnotes":""},"categories":[136],"tags":[4053,24501,2639,407,24500,2122,137,33,31,30,22962,16418,24499,20371,408,6383,14062,106,24498,941,9457,15496,32,24497,2677,5754,24496,107,109],"class_list":{"0":"post-142635","1":"post","2":"type-post","3":"status-publish","4":"format-standard","5":"has-post-thumbnail","7":"category-julkkikset","8":"tag-2000-luku","9":"tag-anni-sinnemaki","10":"tag-asu","11":"tag-celebrities","12":"tag-crop-top","13":"tag-emma-stone","14":"tag-entertainment","15":"tag-fi","16":"tag-finland","17":"tag-finnish","18":"tag-golden-globe","19":"tag-iltapuku","20":"tag-juhlamekko","21":"tag-juhlapuku","22":"tag-julkkikset","23":"tag-kuvat","24":"tag-linnan-juhlat","25":"tag-muoti","26":"tag-napapaita","27":"tag-nostalgia","28":"tag-nostalginen-kuva","29":"tag-retro","30":"tag-suomi","31":"tag-trendi","32":"tag-tyyli","33":"tag-tyyliniekka","34":"tag-vaatetyyli","35":"tag-vaatteet","36":"tag-viihde"},"share_on_mastodon":{"url":"https:\/\/pubeurope.com\/@fi\/115897054158797075","error":""},"_links":{"self":[{"href":"https:\/\/www.europesays.com\/fi\/wp-json\/wp\/v2\/posts\/142635","targetHints":{"allow":["GET"]}}],"collection":[{"href":"https:\/\/www.europesays.com\/fi\/wp-json\/wp\/v2\/posts"}],"about":[{"href":"https:\/\/www.europesays.com\/fi\/wp-json\/wp\/v2\/types\/post"}],"author":[{"embeddable":true,"href":"https:\/\/www.europesays.com\/fi\/wp-json\/wp\/v2\/users\/2"}],"replies":[{"embeddable":true,"href":"https:\/\/www.europesays.com\/fi\/wp-json\/wp\/v2\/comments?post=142635"}],"version-history":[{"count":0,"href":"https:\/\/www.europesays.com\/fi\/wp-json\/wp\/v2\/posts\/142635\/revisions"}],"wp:featuredmedia":[{"embeddable":true,"href":"https:\/\/www.europesays.com\/fi\/wp-json\/wp\/v2\/media\/142636"}],"wp:attachment":[{"href":"https:\/\/www.europesays.com\/fi\/wp-json\/wp\/v2\/media?parent=142635"}],"wp:term":[{"taxonomy":"category","embeddable":true,"href":"https:\/\/www.europesays.com\/fi\/wp-json\/wp\/v2\/categories?post=142635"},{"taxonomy":"post_tag","embeddable":true,"href":"https:\/\/www.europesays.com\/fi\/wp-json\/wp\/v2\/tags?post=142635"}],"curies":[{"name":"wp","href":"https:\/\/api.w.org\/{rel}","templated":true}]}}