{"id":142637,"date":"2026-01-15T03:49:08","date_gmt":"2026-01-15T03:49:08","guid":{"rendered":"https:\/\/www.europesays.com\/fi\/142637\/"},"modified":"2026-01-15T03:49:08","modified_gmt":"2026-01-15T03:49:08","slug":"tutkijat-loysivat-mahdollisen-yhteyden-yhden-elimiston-ominaisuuden-ja-varhaisen-kuoleman-valilla","status":"publish","type":"post","link":"https:\/\/www.europesays.com\/fi\/142637\/","title":{"rendered":"Tutkijat l\u00f6ysiv\u00e4t mahdollisen yhteyden yhden elimist\u00f6n ominaisuuden ja varhaisen kuoleman v\u00e4lill\u00e4"},"content":{"rendered":"<p>Jo vuosikymmenten ajan tutkijat ovat yhdist\u00e4neet hampaiden menetyksen huonoon terveyteen ja huomauttaneet, ett\u00e4 henkil\u00f6t, joilla on v\u00e4hemm\u00e4n hampaita, ovat muita alttiimpia syd\u00e4nsairauksille, dementialle ja varhaiselle kuolemalle.<\/p>\n<p>Aiemmissa tutkimuksissa on kuitenkin p\u00e4\u00e4asiassa keskitytty vain suussa olevien hampaiden lukum\u00e4\u00e4r\u00e4\u00e4n.<\/p>\n<p>Osakan tutkijat meniv\u00e4t askelta pidemm\u00e4lle ja jakoivat hampaat kolmeen luokkaan: terveet hampaat, paikatut hampaat ja hoitamattomat hampaat, joissa on karies.<\/p>\n<p>Vertaamalla l\u00e4hes 200 000 i\u00e4kk\u00e4\u00e4n japanilaisen miehen ja naisen hampaiden tilaa tutkijat havaitsivat, ett\u00e4 ihmiset, joilla oli paljon terveit\u00e4 tai hoidettuja (paikattuja) hampaita, olivat selv\u00e4sti v\u00e4hemm\u00e4n alttiita kuolemaan tutkimusjakson aikana.<\/p>\n","protected":false},"excerpt":{"rendered":"Jo vuosikymmenten ajan tutkijat ovat yhdist\u00e4neet hampaiden menetyksen huonoon terveyteen ja huomauttaneet, ett\u00e4 henkil\u00f6t, joilla on v\u00e4hemm\u00e4n hampaita,&hellip;\n","protected":false},"author":2,"featured_media":142638,"comment_status":"","ping_status":"","sticky":false,"template":"","format":"standard","meta":{"footnotes":""},"categories":[165],"tags":[33,31,30,166,32,167],"class_list":{"0":"post-142637","1":"post","2":"type-post","3":"status-publish","4":"format-standard","5":"has-post-thumbnail","7":"category-terveys","8":"tag-fi","9":"tag-finland","10":"tag-finnish","11":"tag-health","12":"tag-suomi","13":"tag-terveys"},"share_on_mastodon":{"url":"https:\/\/pubeurope.com\/@fi\/115897077873566733","error":""},"_links":{"self":[{"href":"https:\/\/www.europesays.com\/fi\/wp-json\/wp\/v2\/posts\/142637","targetHints":{"allow":["GET"]}}],"collection":[{"href":"https:\/\/www.europesays.com\/fi\/wp-json\/wp\/v2\/posts"}],"about":[{"href":"https:\/\/www.europesays.com\/fi\/wp-json\/wp\/v2\/types\/post"}],"author":[{"embeddable":true,"href":"https:\/\/www.europesays.com\/fi\/wp-json\/wp\/v2\/users\/2"}],"replies":[{"embeddable":true,"href":"https:\/\/www.europesays.com\/fi\/wp-json\/wp\/v2\/comments?post=142637"}],"version-history":[{"count":0,"href":"https:\/\/www.europesays.com\/fi\/wp-json\/wp\/v2\/posts\/142637\/revisions"}],"wp:featuredmedia":[{"embeddable":true,"href":"https:\/\/www.europesays.com\/fi\/wp-json\/wp\/v2\/media\/142638"}],"wp:attachment":[{"href":"https:\/\/www.europesays.com\/fi\/wp-json\/wp\/v2\/media?parent=142637"}],"wp:term":[{"taxonomy":"category","embeddable":true,"href":"https:\/\/www.europesays.com\/fi\/wp-json\/wp\/v2\/categories?post=142637"},{"taxonomy":"post_tag","embeddable":true,"href":"https:\/\/www.europesays.com\/fi\/wp-json\/wp\/v2\/tags?post=142637"}],"curies":[{"name":"wp","href":"https:\/\/api.w.org\/{rel}","templated":true}]}}