{"id":142639,"date":"2026-01-15T03:50:08","date_gmt":"2026-01-15T03:50:08","guid":{"rendered":"https:\/\/www.europesays.com\/fi\/142639\/"},"modified":"2026-01-15T03:50:08","modified_gmt":"2026-01-15T03:50:08","slug":"koko-ryhmamme-uskoo-etta-voitamme-sarjan-hjkn-ville-tikkanen-vain-mestaruus-mielessa-uutiset","status":"publish","type":"post","link":"https:\/\/www.europesays.com\/fi\/142639\/","title":{"rendered":"&#8221;Koko ryhm\u00e4mme uskoo ett\u00e4 voitamme sarjan&#8221; &#8211; HJK:n Ville Tikkanen vain mestaruus mieless\u00e4 | Uutiset"},"content":{"rendered":"<p>HJK:n kilpailullinen kausi alkaa jo perjantaina Liigacupin avausottelulla IFK Mariehamnia vastaan ja Tikkaselle aikainen kauden avus sopii hyvin.<\/p>\n<p>\u2013 Onhan se tietyll\u00e4 tavalla kiva juttu, ett\u00e4 pelit alkavat nopeasti. Peli tulee tietyll\u00e4 tavalla nopeasti ja l\u00e4hdemme totta kai voittamaan jokaista peli\u00e4. Se on itsest\u00e4\u00e4n selv\u00e4 juttu. Taktisia juttuja ei ole k\u00e4yty l\u00e4pi ja joukkueessa on uusia kasvoja ja uusia nuoria puskee l\u00e4pi. Emme tied\u00e4 viel\u00e4 pelitapaa sun muuta kovin paljoa. Se on t\u00e4ss\u00e4 kohtaa normaalia joka joukkueessa, Tikkanen miettii <a href=\"https:\/\/kymppipaikka.fi\/haastattelut\/haastattelu-itsevarma-linjaus-hjkn-luottotopparilta-tulemme-voittamaan-sarjan\/\" target=\"_blank\" rel=\"nofollow noopener\"><strong>Kymppipaikan haastattelussa<\/strong><\/a>.<\/p>\n<p>\u2013 Ei kenenk\u00e4\u00e4n peli ole valmista, kun menn\u00e4\u00e4n ensimm\u00e4ist\u00e4 viikkoa, mutta innolla menn\u00e4\u00e4n pelej\u00e4 kohti. Hienoa, ett\u00e4 tulee kunnon pelej\u00e4 ja p\u00e4\u00e4semme paiskimaan hommia oikein kunnolla ja pelaamaan yhdess\u00e4 ja rakentamaan peli\u00e4 tulevaa Veikkausliigaa varten.<\/p>\n<p>Luotto rakentamiseen uuden p\u00e4\u00e4valmentajan Joonas Rantasen johdolla on Tikkasella vahva, eik\u00e4 toppari peittele tavoitteita &#8211; joita on vain yksi.<\/p>\n<p>\u2013 Koko meid\u00e4n ryhm\u00e4mme uskoo, ett\u00e4 voimme voittaa sarjan ja tulemmekin varmasti voittamaan. Meill\u00e4 on sen verran kovia j\u00e4tki\u00e4, ett\u00e4 kun saadaan tietyt asiat fiksattua, niin hyv\u00e4 tulee.<\/p>\n<p>\u2013 Se on p\u00e4\u00e4tavoitteemme, jota kohti HJK pyrkii joka vuosi. L\u00e4hdemme tekem\u00e4\u00e4n sit\u00e4 kohti hommia. Jos ei usko, ett\u00e4 voi voittaa, on v\u00e4\u00e4r\u00e4ss\u00e4 paikassa. Se ei tietenk\u00e4\u00e4n ole ikin\u00e4 helppoa. Jokainen joukkue parantaa vuosi vuodelta. Niin kuin n\u00e4imme viime vuonna, k\u00e4rkip\u00e4\u00e4st\u00e4 voi kuka tahansa voittaa mestaruuden.n kausi alkaa jo perjantai-iltana Liigacupin avausottelulla IFK Mariehamnia vastaan <\/p>\n<p>Liigacupin avausottelu HJK -.IFK Mariehamn Talin hallissa perjantaina 16.1. kello 17.30. Kaikki kauden 2026 Liigacupin ottelut suorana l\u00e4hetyksen\u00e4 <a href=\"https:\/\/www.ruutu.fi\/ohjelmat\/liigacup\" target=\"_blank\" rel=\"nofollow noopener\"><strong>Ruudusta<\/strong><\/a>.<\/p>\n","protected":false},"excerpt":{"rendered":"HJK:n kilpailullinen kausi alkaa jo perjantaina Liigacupin avausottelulla IFK Mariehamnia vastaan ja Tikkaselle aikainen kauden avus sopii hyvin.&hellip;\n","protected":false},"author":2,"featured_media":142640,"comment_status":"","ping_status":"","sticky":false,"template":"","format":"standard","meta":{"footnotes":""},"categories":[158],"tags":[33,31,30,159,32,160],"class_list":{"0":"post-142639","1":"post","2":"type-post","3":"status-publish","4":"format-standard","5":"has-post-thumbnail","7":"category-urheilu","8":"tag-fi","9":"tag-finland","10":"tag-finnish","11":"tag-sports","12":"tag-suomi","13":"tag-urheilu"},"share_on_mastodon":{"url":"https:\/\/pubeurope.com\/@fi\/115897081729526946","error":""},"_links":{"self":[{"href":"https:\/\/www.europesays.com\/fi\/wp-json\/wp\/v2\/posts\/142639","targetHints":{"allow":["GET"]}}],"collection":[{"href":"https:\/\/www.europesays.com\/fi\/wp-json\/wp\/v2\/posts"}],"about":[{"href":"https:\/\/www.europesays.com\/fi\/wp-json\/wp\/v2\/types\/post"}],"author":[{"embeddable":true,"href":"https:\/\/www.europesays.com\/fi\/wp-json\/wp\/v2\/users\/2"}],"replies":[{"embeddable":true,"href":"https:\/\/www.europesays.com\/fi\/wp-json\/wp\/v2\/comments?post=142639"}],"version-history":[{"count":0,"href":"https:\/\/www.europesays.com\/fi\/wp-json\/wp\/v2\/posts\/142639\/revisions"}],"wp:featuredmedia":[{"embeddable":true,"href":"https:\/\/www.europesays.com\/fi\/wp-json\/wp\/v2\/media\/142640"}],"wp:attachment":[{"href":"https:\/\/www.europesays.com\/fi\/wp-json\/wp\/v2\/media?parent=142639"}],"wp:term":[{"taxonomy":"category","embeddable":true,"href":"https:\/\/www.europesays.com\/fi\/wp-json\/wp\/v2\/categories?post=142639"},{"taxonomy":"post_tag","embeddable":true,"href":"https:\/\/www.europesays.com\/fi\/wp-json\/wp\/v2\/tags?post=142639"}],"curies":[{"name":"wp","href":"https:\/\/api.w.org\/{rel}","templated":true}]}}