{"id":142643,"date":"2026-01-15T03:54:07","date_gmt":"2026-01-15T03:54:07","guid":{"rendered":"https:\/\/www.europesays.com\/fi\/142643\/"},"modified":"2026-01-15T03:54:07","modified_gmt":"2026-01-15T03:54:07","slug":"iikka-sorvalin-kolumni-elon-musk-on-pilannut-xn-peruuttamattomasti-on-aika-lahtea-palvelusta-savo","status":"publish","type":"post","link":"https:\/\/www.europesays.com\/fi\/142643\/","title":{"rendered":"Iikka Sorvalin kolumni | Elon Musk on pilannut X:n peruuttamattomasti \u2013 on aika l\u00e4hte\u00e4 palvelusta | Savo"},"content":{"rendered":"<p>Verkossa on auennut matopurkki, jonka sulkeminen ei ole en\u00e4\u00e4 mahdollista. Tuhannet ihmiset (enimm\u00e4kseen miehet) p\u00e4\u00e4siv\u00e4t luomaan vuodenvaihteen aikaan sosiaalisen median palvelu X:ss\u00e4 alastonkuvia ja videoita ihmisist\u00e4 (enimm\u00e4kseen naisista) ilman heid\u00e4n lupaansa.<\/p>\n<p>Joukossa oli seksuaalisia kuvia my\u00f6s lapsista.<\/p>\n<p>N\u00e4iden kuvien luominen on helppoa X:n omalla teko\u00e4lyapurilla eli Grokilla, joka julkaistiin marraskuussa 2023 eli noin vuosi sen j\u00e4lkeen, kun \u00e4\u00e4rioikeistolainen miljard\u00f6\u00f6ri <strong>Elon Musk<\/strong> osti Twitterin. Musk on sanonut Grokin tuovan vastapainoa muille teko\u00e4lysovelluksille, joita h\u00e4n pit\u00e4\u00e4 liian vasemmistolaisina.<\/p>\n<p>T\u00e4m\u00e4 vastapaino on tarkoittanut X:ss\u00e4 muun muassa juutalaisvastaisia ja rasistisia sis\u00e4lt\u00f6j\u00e4, joiden luomista ei ole juurikaan rajoitettu Grokissa.<\/p>\n<p>Julkisen paineen seurauksena Grokin s\u00e4\u00e4nt\u00f6j\u00e4 <a href=\"https:\/\/economictimes.indiatimes.com\/tech\/technology\/grok-turns-off-ai-image-generation-for-non-payers-after-nudes-backlash\/articleshow\/126434268.cms\" rel=\"nofollow noopener\" target=\"_blank\">muutettiin<\/a> niin, ett\u00e4 nyt kuvien luomiseen tarvitaan maksullinen tilaus. Vaikka t\u00e4m\u00e4 rajoittaa kuvatulvaa palvelussa, se ei poista ongelmaa.<\/p>\n<blockquote class=\"voice-no-read rs_skip diks-blockquote\">\n<p class=\"diks-blockquote__text\">Komissaari Henna Virkkunen on uhannut Muskia sanktioilla.<\/p>\n<\/blockquote>\n<p><strong class=\"diks-storyline__impact\">Musk tarjoaa X:ss\u00e4<\/strong> alustan rikosten tekemiseen. Suomen lains\u00e4\u00e4d\u00e4nn\u00f6ss\u00e4 aidonn\u00e4k\u00f6isen, mutta tekaistun alastonkuvan tekeminen ja julkaiseminen aikuisesta voi t\u00e4ytt\u00e4\u00e4 kunnianloukkauksen tai yksityisyytt\u00e4 loukkaavan tiedon levitt\u00e4misen tunnusmerkit.<\/p>\n<p>Jos kuva tehd\u00e4\u00e4n lapsesta, kyseeseen voi tulla lasta seksuaalisesti esitt\u00e4v\u00e4n kuvan hallussapito. Rikoslain mukaan kuvan ei tarvitse olla aito, vaan riitt\u00e4\u00e4, ett\u00e4 se esitt\u00e4\u00e4 lasta todenmukaisesti. Keskusrikospoliisi ottikin <a href=\"https:\/\/www.hs.fi\/suomi\/art-2000011153126.html\" rel=\"nofollow noopener\" target=\"_blank\">huhtikuussa<\/a> Suomessa kiinni useita ihmisi\u00e4 osana Europolin operaatiota, jossa suljettiin teko\u00e4lyll\u00e4 luotua lasten hyv\u00e4ksik\u00e4ytt\u00f6materiaalia levitt\u00e4nyt verkkosivu.<\/p>\n<p>Useat maat sek\u00e4 EU-komissio ovat vaatineet Muskia est\u00e4m\u00e4\u00e4n laittoman sis\u00e4ll\u00f6n luomisen ja jakamisen X:ss\u00e4. Esimerkiksi Iso-Britannian p\u00e4\u00e4ministeri <strong>Keir Starmer<\/strong> ja EU-komissaari <strong>Henna Virkkunen<\/strong> ovat vaatineet Muskia asettamaan Grokiin sis\u00e4lt\u00f6rajoituksia. Virkkunen on <a href=\"https:\/\/www.politico.eu\/article\/elon-musk-grok-eu-tech-chief-tells-x\/\" rel=\"nofollow noopener\" target=\"_blank\">uhannut<\/a> Muskia sanktioilla, joita EU pystyy m\u00e4\u00e4r\u00e4\u00e4m\u00e4\u00e4n vuonna 2024 voimaan tulleen digipalveluasetuksen ansiosta.<\/p>\n<p><strong class=\"diks-storyline__impact\">Teko\u00e4lyavusteisen<\/strong> seksuaalisen v\u00e4kivallan sek\u00e4 rasistisen sis\u00e4ll\u00f6n mahdollistaminen on vain osa Elon Muskin projektia, jolla h\u00e4n pyrkii luomaan todellisuudesta irtaantunutta kuplaa ymp\u00e4rilleen.<\/p>\n<p>Monet instituutiot ja julkisuuden henkil\u00f6t ovat jo l\u00e4hteneet X:st\u00e4. Esimerkiksi Kuopion kaupunki poisti tilins\u00e4 viime vuoden alussa ja Helsingin Sanomat lopetti tilins\u00e4 p\u00e4ivitt\u00e4misen itsen\u00e4isyysp\u00e4iv\u00e4n\u00e4 2024.<\/p>\n<p>Sen sijaan Pohjois-Savon liitto, KalPa, KuPS ja monet poliitikot, varsinkin ministerit ja kansanedustajat, ovat aktiivisia X:ss\u00e4. My\u00f6s monet Keskisuomalainen-konsernin lehdet, mukaan lukien Savon Sanomat, ovat edelleen palvelussa.<\/p>\n<p>Asiaa selitet\u00e4\u00e4n usein sill\u00e4, ett\u00e4 X:\u00e4\u00e4 k\u00e4ytt\u00e4\u00e4 merkitt\u00e4v\u00e4 m\u00e4\u00e4r\u00e4 suomalaisia. DNA:n Digitaalinen El\u00e4m\u00e4 2025 -tutkimuksen mukaan viime vuonna X:\u00e4\u00e4 k\u00e4ytti v\u00e4hint\u00e4\u00e4n viikoittain 22 prosenttia suomalaisista, kun vuonna 2023 osuus oli viel\u00e4 28 prosenttia. Alusta siis kuihtuu, ja sen merkitys tiedon jakamiselle pienenee jatkuvasti.<\/p>\n<p>Julkisuuden henkil\u00f6iden ja instituutioiden tulee tunnistaa vastuunsa. Ne tuovat legitimiteetti\u00e4 alustalle, joka on vahingollinen sek\u00e4 yksil\u00f6ille ett\u00e4 demokratialle.<\/p>\n<p>On korkea aika luopua X:st\u00e4.<\/p>\n","protected":false},"excerpt":{"rendered":"Verkossa on auennut matopurkki, jonka sulkeminen ei ole en\u00e4\u00e4 mahdollista. Tuhannet ihmiset (enimm\u00e4kseen miehet) p\u00e4\u00e4siv\u00e4t luomaan vuodenvaihteen aikaan&hellip;\n","protected":false},"author":2,"featured_media":142592,"comment_status":"","ping_status":"","sticky":false,"template":"","format":"standard","meta":{"footnotes":""},"categories":[76],"tags":[6511,79,77,1617,33,31,30,38,1028,887,32,78,433,12466],"class_list":{"0":"post-142643","1":"post","2":"type-post","3":"status-publish","4":"format-standard","5":"has-post-thumbnail","7":"category-talous","8":"tag-blogit-ja-kolumnit","9":"tag-business","10":"tag-economy","11":"tag-euroopan-unioni","12":"tag-fi","13":"tag-finland","14":"tag-finnish","15":"tag-rikos","16":"tag-sosiaalinen-media","17":"tag-suomen-politiikka","18":"tag-suomi","19":"tag-talous","20":"tag-tekoaly","21":"tag-twitter"},"share_on_mastodon":{"url":"https:\/\/pubeurope.com\/@fi\/115897097740867344","error":""},"_links":{"self":[{"href":"https:\/\/www.europesays.com\/fi\/wp-json\/wp\/v2\/posts\/142643","targetHints":{"allow":["GET"]}}],"collection":[{"href":"https:\/\/www.europesays.com\/fi\/wp-json\/wp\/v2\/posts"}],"about":[{"href":"https:\/\/www.europesays.com\/fi\/wp-json\/wp\/v2\/types\/post"}],"author":[{"embeddable":true,"href":"https:\/\/www.europesays.com\/fi\/wp-json\/wp\/v2\/users\/2"}],"replies":[{"embeddable":true,"href":"https:\/\/www.europesays.com\/fi\/wp-json\/wp\/v2\/comments?post=142643"}],"version-history":[{"count":0,"href":"https:\/\/www.europesays.com\/fi\/wp-json\/wp\/v2\/posts\/142643\/revisions"}],"wp:featuredmedia":[{"embeddable":true,"href":"https:\/\/www.europesays.com\/fi\/wp-json\/wp\/v2\/media\/142592"}],"wp:attachment":[{"href":"https:\/\/www.europesays.com\/fi\/wp-json\/wp\/v2\/media?parent=142643"}],"wp:term":[{"taxonomy":"category","embeddable":true,"href":"https:\/\/www.europesays.com\/fi\/wp-json\/wp\/v2\/categories?post=142643"},{"taxonomy":"post_tag","embeddable":true,"href":"https:\/\/www.europesays.com\/fi\/wp-json\/wp\/v2\/tags?post=142643"}],"curies":[{"name":"wp","href":"https:\/\/api.w.org\/{rel}","templated":true}]}}