{"id":142644,"date":"2026-01-15T03:55:08","date_gmt":"2026-01-15T03:55:08","guid":{"rendered":"https:\/\/www.europesays.com\/fi\/142644\/"},"modified":"2026-01-15T03:55:08","modified_gmt":"2026-01-15T03:55:08","slug":"trumpin-tietojen-mukaan-tappaminen-iranissa-on-loppumassa-uutissuomalainen","status":"publish","type":"post","link":"https:\/\/www.europesays.com\/fi\/142644\/","title":{"rendered":"Trumpin tietojen mukaan tappaminen Iranissa on loppumassa | Uutissuomalainen"},"content":{"rendered":"<p>Yhdysvaltain presidentin Donald Trumpin mukaan h\u00e4nelle on kerrottu, ett\u00e4 tappaminen Iranissa olisi loppumassa. Trump kertoi asiasta t\u00e4n\u00e4\u00e4n Valkoisessa talossa j\u00e4rjestetyss\u00e4 <a href=\"https:\/\/www.youtube.com\/live\/ydE7Gkl6MmI?si=eFFKvDEC1GpLshgl&amp;t=302\" rel=\"nofollow noopener\" target=\"_blank\">allekirjoitusseremoniassa<\/a>.<\/p>\n<p>\u2013\u2009Meille on kerrottu, ett\u00e4 tappaminen Iranissa on loppumassa. Se on loppunut, loppumassa. Suunnitelmissa ei ole teloituksia tai teloitusta, Trump sanoi.<\/p>\n<p>\u2013\u2009N\u00e4in minulle on kerrottu luotettavasta l\u00e4hteest\u00e4. Saamme tiet\u00e4\u00e4, mit\u00e4 tapahtuu, h\u00e4n jatkoi.<\/p>\n<p>Trump ei tarkentanut enemp\u00e4\u00e4, mist\u00e4 h\u00e4nen saamansa tiedot olivat per\u00e4isin.<\/p>\n<p>Trump sanoi aiemmin, ett\u00e4 Yhdysvallat reagoisi vahvasti, jos Iran alkaa teloittaa mielenosoittajia.<\/p>\n<p>Trumpin mukaan he olisivat eritt\u00e4in huolestuneita, jos teloituksia toteutettaisiin.<\/p>\n<p>\t\t\t\tIranin ulkoministeri: Hallitsemme tilannetta<\/p>\n<p>Iranin ulkoministeri Abbas Araghchi vakuutti yhdysvaltalaiskanava Fox Newsin keskiviikkoisessa haastattelussa maan hallinnon olevan t\u00e4ydess\u00e4 kontrollissa Iranissa.<\/p>\n<p>\u2013\u2009Kolmen p\u00e4iv\u00e4n terroristioperaatioiden j\u00e4lkeen nyt on j\u00e4lleen rauhallista. Hallitsemme tilannetta t\u00e4ysin, h\u00e4n sanoi.<\/p>\n<p>G7-maiden ulkoministerit julkaisivat keskiviikkona <a href=\"https:\/\/www.diplomatie.gouv.fr\/en\/french-foreign-policy\/summits-and-global-affairs\/france-s-action-in-the-g7\/article\/joint-g7-foreign-ministers-statement-14-01-26\" rel=\"nofollow noopener\" target=\"_blank\">yhteislausunnon<\/a>, jossa kerrottiin ulkoministerien olevan huolissaan Iranin tapahtumien kehityksest\u00e4 ja kehotettiin Iranin hallintoa pid\u00e4tt\u00e4ytym\u00e4\u00e4n v\u00e4kivallan k\u00e4ytt\u00e4misest\u00e4.<\/p>\n<p>Keskiviikkona muun muassa <a href=\"https:\/\/www.esteri.it\/en\/sala_stampa\/archivionotizie\/comunicati\/2026\/01\/tajani-presiede-riunione-su-iran-richiesta-a-italiani-di-lasciare-il-paese\/\" rel=\"nofollow noopener\" target=\"_blank\">Italia<\/a>, <a href=\"https:\/\/x.com\/MSZ_RP\/status\/2011506765301518694?s=20\" rel=\"nofollow\">Puola<\/a> ja Espanja kehottivat kansalaisiaan poistumaan Iranista v\u00e4litt\u00f6m\u00e4sti. Britannia kertoi sulkeneensa tilap\u00e4isesti l\u00e4hetyst\u00f6ns\u00e4 Iranin p\u00e4\u00e4kaupungissa Teheranissa.<\/p>\n","protected":false},"excerpt":{"rendered":"Yhdysvaltain presidentin Donald Trumpin mukaan h\u00e4nelle on kerrottu, ett\u00e4 tappaminen Iranissa olisi loppumassa. Trump kertoi asiasta t\u00e4n\u00e4\u00e4n Valkoisessa&hellip;\n","protected":false},"author":2,"featured_media":142645,"comment_status":"","ping_status":"","sticky":false,"template":"","format":"standard","meta":{"footnotes":""},"categories":[14],"tags":[22,23,585,26,27,33,31,30,17,24,25,28,29,15,18,21,142,637,144,32,19,20,56,16,59,60,61,143,146,751],"class_list":{"0":"post-142644","1":"post","2":"type-post","3":"status-publish","4":"format-standard","5":"has-post-thumbnail","7":"category-ulkomaat","8":"tag-breaking-news","9":"tag-breakingnews","10":"tag-donald-trump","11":"tag-featured-news","12":"tag-featurednews","13":"tag-fi","14":"tag-finland","15":"tag-finnish","16":"tag-headlines","17":"tag-latest-news","18":"tag-latestnews","19":"tag-main-news","20":"tag-mainnews","21":"tag-news","22":"tag-otsikot","23":"tag-paauutiset","24":"tag-poliitikot","25":"tag-politiikka","26":"tag-presidentti","27":"tag-suomi","28":"tag-top-stories","29":"tag-topstories","30":"tag-ulkomaat","31":"tag-uutiset","32":"tag-world","33":"tag-world-news","34":"tag-worldnews","35":"tag-yhdysvaltain-politiikka","36":"tag-yhdysvaltain-presidentti","37":"tag-yhdysvaltalaiset-poliitikot"},"share_on_mastodon":{"url":"https:\/\/pubeurope.com\/@fi\/115897101428637058","error":""},"_links":{"self":[{"href":"https:\/\/www.europesays.com\/fi\/wp-json\/wp\/v2\/posts\/142644","targetHints":{"allow":["GET"]}}],"collection":[{"href":"https:\/\/www.europesays.com\/fi\/wp-json\/wp\/v2\/posts"}],"about":[{"href":"https:\/\/www.europesays.com\/fi\/wp-json\/wp\/v2\/types\/post"}],"author":[{"embeddable":true,"href":"https:\/\/www.europesays.com\/fi\/wp-json\/wp\/v2\/users\/2"}],"replies":[{"embeddable":true,"href":"https:\/\/www.europesays.com\/fi\/wp-json\/wp\/v2\/comments?post=142644"}],"version-history":[{"count":0,"href":"https:\/\/www.europesays.com\/fi\/wp-json\/wp\/v2\/posts\/142644\/revisions"}],"wp:featuredmedia":[{"embeddable":true,"href":"https:\/\/www.europesays.com\/fi\/wp-json\/wp\/v2\/media\/142645"}],"wp:attachment":[{"href":"https:\/\/www.europesays.com\/fi\/wp-json\/wp\/v2\/media?parent=142644"}],"wp:term":[{"taxonomy":"category","embeddable":true,"href":"https:\/\/www.europesays.com\/fi\/wp-json\/wp\/v2\/categories?post=142644"},{"taxonomy":"post_tag","embeddable":true,"href":"https:\/\/www.europesays.com\/fi\/wp-json\/wp\/v2\/tags?post=142644"}],"curies":[{"name":"wp","href":"https:\/\/api.w.org\/{rel}","templated":true}]}}