{"id":142646,"date":"2026-01-15T03:56:09","date_gmt":"2026-01-15T03:56:09","guid":{"rendered":"https:\/\/www.europesays.com\/fi\/142646\/"},"modified":"2026-01-15T03:56:09","modified_gmt":"2026-01-15T03:56:09","slug":"piha-alueilla-liikkunut-susi-lopetettiin-joensuussa","status":"publish","type":"post","link":"https:\/\/www.europesays.com\/fi\/142646\/","title":{"rendered":"Piha-alueilla liikkunut susi lopetettiin Joensuussa"},"content":{"rendered":"<p><strong class=\"typography-bold\">Toistuvasti piha-alueilla liikkunut susi lopetettiin Joensuussa t\u00e4n\u00e4\u00e4n poliisin m\u00e4\u00e4r\u00e4yksell\u00e4.<\/strong><\/p>\n<p>It\u00e4-Suomen poliisilaitos kertoo tiedotteessaan, ett\u00e4 t\u00e4n\u00e4\u00e4n lopetettu susi aloitti pihavierailunsa tammikuun alussa. Se liikkui toistuvasti hoidetuilla piha-alueilla.<\/p>\n<p>Poliisi teki el\u00e4imelle karkotusp\u00e4\u00e4t\u00f6ksen 4. tammikuuta. Paikallinen suurriistavirka-apu karkotti suden onnistuneesti kauemmaksi rakennetusta ymp\u00e4rist\u00f6st\u00e4 ensin 4. tammikuuta sek\u00e4 toisen kerran 13. tammikuuta.\u00a0<\/p>\n<p>Karkotuksista huolimatta susi jatkoi poliisin mukaan hoidetuilla piha-alueilla liikkumista.<\/p>\n<p>Koska poliisi arvioi suden aiheuttavan v\u00e4litt\u00f6m\u00e4n ja vakavan vaaran ihmisten hengelle tai terveydelle eik\u00e4 lievempi\u00e4 keinoja j\u00e4\u00e4nyt j\u00e4ljelle, poliisi m\u00e4\u00e4r\u00e4si el\u00e4imen lopetettavaksi.\u00a0<\/p>\n<p>Susi lopetettiin poliisin antamalla m\u00e4\u00e4r\u00e4yksell\u00e4 t\u00e4n\u00e4\u00e4n keskiviikkona.<\/p>\n<p>Kuollut el\u00e4in toimitetaan tutkittavaksi Ruokavirastoon.<\/p>\n<p><strong class=\"typography-bold\">Lue my\u00f6s: <\/strong><a class=\"cursor-pointer underline\" data-testid=\"internal-link\" role=\"link\" data-sentry-element=\"Link\" data-sentry-component=\"InternalLink\" data-sentry-source-file=\"InternalLink.tsx\" href=\"https:\/\/www.mtvuutiset.fi\/artikkeli\/valtaosa-sadan-suden-kiintiosta-kaadettu\/9281844\" rel=\"nofollow noopener\" target=\"_blank\"><strong class=\"typography-bold\">Valtaosa sadan suden kiinti\u00f6st\u00e4 kaadettu<\/strong><\/a><a class=\"cursor-pointer underline\" data-testid=\"internal-link\" role=\"link\" data-sentry-element=\"Link\" data-sentry-component=\"InternalLink\" data-sentry-source-file=\"InternalLink.tsx\" href=\"https:\/\/www.mtvuutiset.fi\/artikkeli\/uusia-kiintioita-kammoksuva-susitutkija-pelkaa-kannan-romahtavan-metsastys-on-enemman-tappamista\/9280508\" rel=\"nofollow noopener\" target=\"_blank\"><\/a><\/p>\n","protected":false},"excerpt":{"rendered":"Toistuvasti piha-alueilla liikkunut susi lopetettiin Joensuussa t\u00e4n\u00e4\u00e4n poliisin m\u00e4\u00e4r\u00e4yksell\u00e4. It\u00e4-Suomen poliisilaitos kertoo tiedotteessaan, ett\u00e4 t\u00e4n\u00e4\u00e4n lopetettu susi aloitti&hellip;\n","protected":false},"author":2,"featured_media":142647,"comment_status":"","ping_status":"","sticky":false,"template":"","format":"standard","meta":{"footnotes":""},"categories":[12],"tags":[22,23,26,27,33,31,30,17,24,25,28,29,15,18,21,32,19,20,16],"class_list":{"0":"post-142646","1":"post","2":"type-post","3":"status-publish","4":"format-standard","5":"has-post-thumbnail","7":"category-suomi","8":"tag-breaking-news","9":"tag-breakingnews","10":"tag-featured-news","11":"tag-featurednews","12":"tag-fi","13":"tag-finland","14":"tag-finnish","15":"tag-headlines","16":"tag-latest-news","17":"tag-latestnews","18":"tag-main-news","19":"tag-mainnews","20":"tag-news","21":"tag-otsikot","22":"tag-paauutiset","23":"tag-suomi","24":"tag-top-stories","25":"tag-topstories","26":"tag-uutiset"},"share_on_mastodon":{"url":"https:\/\/pubeurope.com\/@fi\/115897105910292206","error":""},"_links":{"self":[{"href":"https:\/\/www.europesays.com\/fi\/wp-json\/wp\/v2\/posts\/142646","targetHints":{"allow":["GET"]}}],"collection":[{"href":"https:\/\/www.europesays.com\/fi\/wp-json\/wp\/v2\/posts"}],"about":[{"href":"https:\/\/www.europesays.com\/fi\/wp-json\/wp\/v2\/types\/post"}],"author":[{"embeddable":true,"href":"https:\/\/www.europesays.com\/fi\/wp-json\/wp\/v2\/users\/2"}],"replies":[{"embeddable":true,"href":"https:\/\/www.europesays.com\/fi\/wp-json\/wp\/v2\/comments?post=142646"}],"version-history":[{"count":0,"href":"https:\/\/www.europesays.com\/fi\/wp-json\/wp\/v2\/posts\/142646\/revisions"}],"wp:featuredmedia":[{"embeddable":true,"href":"https:\/\/www.europesays.com\/fi\/wp-json\/wp\/v2\/media\/142647"}],"wp:attachment":[{"href":"https:\/\/www.europesays.com\/fi\/wp-json\/wp\/v2\/media?parent=142646"}],"wp:term":[{"taxonomy":"category","embeddable":true,"href":"https:\/\/www.europesays.com\/fi\/wp-json\/wp\/v2\/categories?post=142646"},{"taxonomy":"post_tag","embeddable":true,"href":"https:\/\/www.europesays.com\/fi\/wp-json\/wp\/v2\/tags?post=142646"}],"curies":[{"name":"wp","href":"https:\/\/api.w.org\/{rel}","templated":true}]}}