{"id":142648,"date":"2026-01-15T03:57:09","date_gmt":"2026-01-15T03:57:09","guid":{"rendered":"https:\/\/www.europesays.com\/fi\/142648\/"},"modified":"2026-01-15T03:57:09","modified_gmt":"2026-01-15T03:57:09","slug":"trumpin-mukaan-tappaminen-iranissa-on-loppumassa","status":"publish","type":"post","link":"https:\/\/www.europesays.com\/fi\/142648\/","title":{"rendered":"Trumpin mukaan tappaminen Iranissa on loppumassa"},"content":{"rendered":"<p><strong class=\"typography-bold\">Yhdysvaltain presidentin <\/strong><strong class=\"typography-bold\">Donald Trumpin<\/strong><strong class=\"typography-bold\"> mukaan h\u00e4nelle on kerrottu, ett\u00e4 tappaminen Iranissa olisi loppumassa.\u00a0<\/strong><\/p>\n<p>Donald Trump kommentoi Iranin tilannetta Valkoisessa talossa j\u00e4rjestetyss\u00e4 <a class=\"underline\" data-testid=\"external-link\" href=\"https:\/\/www.youtube.com\/live\/ydE7Gkl6MmI?si=eFFKvDEC1GpLshgl&amp;t=302\" rel=\"noopener noreferrer nofollow\" data-sentry-component=\"ExternalLink\" data-sentry-source-file=\"ExternalLink.tsx\" target=\"_blank\">allekirjoitusseremoniassa<\/a> keskiviikkoiltana Suomen aikaa.<\/p>\n<p>\u2013\u2009Meille on kerrottu, ett\u00e4 tappaminen Iranissa on loppumassa. Se on loppunut, loppumassa. Suunnitelmissa ei ole teloituksia tai teloitusta, Trump sanoi.<\/p>\n<p>\u2013\u2009N\u00e4in minulle on kerrottu luotettavasta l\u00e4hteest\u00e4. Saamme tiet\u00e4\u00e4, mit\u00e4 tapahtuu, h\u00e4n jatkoi.<\/p>\n<p>Trump ei tarkentanut enemp\u00e4\u00e4, mist\u00e4 h\u00e4nen saamansa tiedot olivat per\u00e4isin.<\/p>\n<p>Trump sanoi aiemmin, ett\u00e4 Yhdysvallat reagoisi vahvasti, jos Iran alkaa teloittaa mielenosoittajia.<\/p>\n<p>Trumpin mukaan he olisivat eritt\u00e4in huolestuneita, jos teloituksia toteutettaisiin.<\/p>\n<p><strong class=\"typography-bold\">Lue my\u00f6s: <\/strong><a class=\"cursor-pointer underline\" data-testid=\"internal-link\" role=\"link\" data-sentry-element=\"Link\" data-sentry-component=\"InternalLink\" data-sentry-source-file=\"InternalLink.tsx\" href=\"https:\/\/www.mtvuutiset.fi\/artikkeli\/uutistoimistot-usa-vetaa-henkilostoaan-lahi-idan-sotilastukikohdista\/9282282\" rel=\"nofollow noopener\" target=\"_blank\"><strong class=\"typography-bold\">Uutistoimistot: USA vet\u00e4\u00e4 henkil\u00f6st\u00f6\u00e4\u00e4n L\u00e4hi-id\u00e4n sotilastukikohdista<\/strong><\/a><strong class=\"typography-bold\">Iranin ulkoministeri: Hallitsemme tilannetta<\/strong><\/p>\n<p>Iranin ulkoministeri <strong class=\"typography-bold\">Abbas Araghchi<\/strong><strong class=\"typography-bold\"> <\/strong>vakuutti yhdysvaltalaiskanava Fox Newsin keskiviikkoisessa haastattelussa maan hallinnon olevan t\u00e4ydess\u00e4 kontrollissa Iranissa.<\/p>\n<p>\u2013\u2009Kolmen p\u00e4iv\u00e4n terroristioperaatioiden j\u00e4lkeen nyt on j\u00e4lleen rauhallista. Hallitsemme tilannetta t\u00e4ysin, h\u00e4n sanoi.<\/p>\n<p>G7-maiden ulkoministerit julkaisivat keskiviikkona <a class=\"underline\" data-testid=\"external-link\" href=\"https:\/\/www.diplomatie.gouv.fr\/en\/french-foreign-policy\/summits-and-global-affairs\/france-s-action-in-the-g7\/article\/joint-g7-foreign-ministers-statement-14-01-26\" rel=\"noopener noreferrer nofollow\" data-sentry-component=\"ExternalLink\" data-sentry-source-file=\"ExternalLink.tsx\" target=\"_blank\">yhteislausunnon<\/a>, jossa kerrottiin ulkoministerien olevan huolissaan Iranin tapahtumien kehityksest\u00e4 ja kehotettiin Iranin hallintoa pid\u00e4tt\u00e4ytym\u00e4\u00e4n v\u00e4kivallan k\u00e4ytt\u00e4misest\u00e4.<\/p>\n<p>Keskiviikkona muun muassa <a class=\"underline\" data-testid=\"external-link\" href=\"https:\/\/www.esteri.it\/en\/sala_stampa\/archivionotizie\/comunicati\/2026\/01\/tajani-presiede-riunione-su-iran-richiesta-a-italiani-di-lasciare-il-paese\/\" rel=\"noopener noreferrer nofollow\" data-sentry-component=\"ExternalLink\" data-sentry-source-file=\"ExternalLink.tsx\" target=\"_blank\">Italia<\/a>, <a class=\"underline\" data-testid=\"external-link\" href=\"https:\/\/x.com\/MSZ_RP\/status\/2011506765301518694?s=20\" rel=\"noopener noreferrer nofollow\" data-sentry-component=\"ExternalLink\" data-sentry-source-file=\"ExternalLink.tsx\">Puola<\/a> ja Espanja kehottivat kansalaisiaan poistumaan Iranista v\u00e4litt\u00f6m\u00e4sti. Britannia kertoi sulkeneensa tilap\u00e4isesti l\u00e4hetyst\u00f6ns\u00e4 Iranin p\u00e4\u00e4kaupungissa Teheranissa.<\/p>\n<p><strong class=\"typography-bold\">Lue my\u00f6s:\u00a0<\/strong><a class=\"cursor-pointer underline\" data-testid=\"internal-link\" role=\"link\" data-sentry-element=\"Link\" data-sentry-component=\"InternalLink\" data-sentry-source-file=\"InternalLink.tsx\" href=\"https:\/\/www.mtvuutiset.fi\/artikkeli\/tappaako-trump-ajatollah-ali-khameinin-risto-e-j-penttila\/9282114\" rel=\"nofollow noopener\" target=\"_blank\"><strong class=\"typography-bold\">Tappaako Trump ajatollah Ali Khameinin, Risto E. J. Penttil\u00e4?<\/strong><\/a><a class=\"cursor-pointer underline\" data-testid=\"internal-link\" role=\"link\" data-sentry-element=\"Link\" data-sentry-component=\"InternalLink\" data-sentry-source-file=\"InternalLink.tsx\" href=\"https:\/\/www.mtvuutiset.fi\/artikkeli\/yhdysvallat-keskeyttaa-viisumien-kasittelyn-75-maan-kansalaisilta\/9282472\" rel=\"nofollow noopener\" target=\"_blank\"><strong class=\"typography-bold\">Yhdysvallat keskeytt\u00e4\u00e4 viisumien k\u00e4sittelyn 75 maan kansalaisilta<\/strong><\/a><\/p>\n","protected":false},"excerpt":{"rendered":"Yhdysvaltain presidentin Donald Trumpin mukaan h\u00e4nelle on kerrottu, ett\u00e4 tappaminen Iranissa olisi loppumassa.\u00a0 Donald Trump kommentoi Iranin tilannetta&hellip;\n","protected":false},"author":2,"featured_media":142649,"comment_status":"","ping_status":"","sticky":false,"template":"","format":"standard","meta":{"footnotes":""},"categories":[5],"tags":[22,23,26,27,33,31,30,17,24,25,28,29,15,18,21,32,19,20,16],"class_list":{"0":"post-142648","1":"post","2":"type-post","3":"status-publish","4":"format-standard","5":"has-post-thumbnail","7":"category-otsikot","8":"tag-breaking-news","9":"tag-breakingnews","10":"tag-featured-news","11":"tag-featurednews","12":"tag-fi","13":"tag-finland","14":"tag-finnish","15":"tag-headlines","16":"tag-latest-news","17":"tag-latestnews","18":"tag-main-news","19":"tag-mainnews","20":"tag-news","21":"tag-otsikot","22":"tag-paauutiset","23":"tag-suomi","24":"tag-top-stories","25":"tag-topstories","26":"tag-uutiset"},"share_on_mastodon":{"url":"https:\/\/pubeurope.com\/@fi\/115897109243369084","error":""},"_links":{"self":[{"href":"https:\/\/www.europesays.com\/fi\/wp-json\/wp\/v2\/posts\/142648","targetHints":{"allow":["GET"]}}],"collection":[{"href":"https:\/\/www.europesays.com\/fi\/wp-json\/wp\/v2\/posts"}],"about":[{"href":"https:\/\/www.europesays.com\/fi\/wp-json\/wp\/v2\/types\/post"}],"author":[{"embeddable":true,"href":"https:\/\/www.europesays.com\/fi\/wp-json\/wp\/v2\/users\/2"}],"replies":[{"embeddable":true,"href":"https:\/\/www.europesays.com\/fi\/wp-json\/wp\/v2\/comments?post=142648"}],"version-history":[{"count":0,"href":"https:\/\/www.europesays.com\/fi\/wp-json\/wp\/v2\/posts\/142648\/revisions"}],"wp:featuredmedia":[{"embeddable":true,"href":"https:\/\/www.europesays.com\/fi\/wp-json\/wp\/v2\/media\/142649"}],"wp:attachment":[{"href":"https:\/\/www.europesays.com\/fi\/wp-json\/wp\/v2\/media?parent=142648"}],"wp:term":[{"taxonomy":"category","embeddable":true,"href":"https:\/\/www.europesays.com\/fi\/wp-json\/wp\/v2\/categories?post=142648"},{"taxonomy":"post_tag","embeddable":true,"href":"https:\/\/www.europesays.com\/fi\/wp-json\/wp\/v2\/tags?post=142648"}],"curies":[{"name":"wp","href":"https:\/\/api.w.org\/{rel}","templated":true}]}}