{"id":142650,"date":"2026-01-15T04:09:09","date_gmt":"2026-01-15T04:09:09","guid":{"rendered":"https:\/\/www.europesays.com\/fi\/142650\/"},"modified":"2026-01-15T04:09:09","modified_gmt":"2026-01-15T04:09:09","slug":"joel-harkimo-ja-kastanja-rauhala-salainen-loma-italiassa-ja-paparazzikuvat","status":"publish","type":"post","link":"https:\/\/www.europesays.com\/fi\/142650\/","title":{"rendered":"Joel Harkimo ja Kastanja Rauhala: Salainen loma Italiassa ja Paparazzikuvat"},"content":{"rendered":"<p>            Juhamatti Nieminen ja Seiskan arkisto\n        <\/p>\n<p class=\"subtitle \">Julkkiskaksikko vaikenee t\u00e4ysin yhteisest\u00e4 reissustaan romanttiseen Italiaan.<\/p>\n<p class=\"article-content article-content-width !bg-background\">Purjehtiva poliitikko, mediapersoona , 35, on viihtynyt viime aikoina tiiviisti Tanssii T\u00e4htien Kanssa -ohjelmasta tutun tanssiopettajan , 29, seurassa.<\/p>\n<p class=\"article-content article-content-width !bg-background\">Kastanja oli mukana Joelin perheen joulunvietossa Levill\u00e4, mink\u00e4 j\u00e4lkeen kaksikko matkusti yhteiselle lomalle uudenvuoden alla Italiaan.<\/p>\n<p class=\"article-content article-content-width !bg-background\">Julkkiskaksikko jakoi reissustaan somekanavilleen kuvia samoista maisemista, mutta he pitiv\u00e4t toisensa omista julkaisuistaan visusti piilossa.<\/p>\n<p class=\"article-content article-content-width !bg-background\">\u2013 Pastaa, viini\u00e4 ja upeita paikkoja ollut t\u00e4\u00e4 loma t\u00e4ynn\u00e4. Tosi erilainen uusivuosi ja tammikuu t\u00e4n\u00e4 vuonna, en valita, Kastanja iloitsi Tiktokiin lis\u00e4\u00e4m\u00e4\u00e4ns\u00e4 kuvakarusellin ohessa.<\/p>\n<p>J\u00e4iv\u00e4t paparazzin haaviin<\/p>\n<p class=\"article-content article-content-width !bg-background\">Kaksikko jatkoi matalaa profiilia palatessaan Helsinki-Vantaan lentoasemalle viime viikolla.<\/p>\n<p class=\"article-content article-content-width !bg-background\">Sattumalta lentokent\u00e4ll\u00e4 k\u00e4yskennellyt Seiskan paparazzi sai yhytetty\u00e4 Italian-reissaajat yhteiskuviin heid\u00e4n putkahtaessa ulos koneesta hieman ennen puoltay\u00f6t\u00e4 viime viikon torstaina.<\/p>\n<p class=\"article-content article-content-width !bg-background\">Paparazzin huomattuaan Joel ja Kastanja k\u00e4\u00e4nsiv\u00e4t katseensa nopeasti poisp\u00e4in. He viipottivat vessojen suuntaan, jossa hetken oleskeltuaan p\u00e4\u00e4tyiv\u00e4t erkaantumaan toisistaan.<\/p>\n<p class=\"article-content article-content-width !bg-background\">Kastanja ilmaantui ensin vessasta ulos, mink\u00e4 j\u00e4lkeen h\u00e4n jatkoi matkaansa puhelintaan n\u00e4pytellen yksin tuloaulaan. Joel j\u00e4i puolestaan odottamaan kaksikon matkatavaroita.<\/p>\n<p>        <a itemprop=\"url\" href=\"https:\/\/www.seiska.fi\/kotimaa\/joel-harkimo-ja-kastanja-rauhala-paljonpuhuvia-kuvia\/2037396\" rel=\"nofollow noopener\" target=\"_blank\"><\/p>\n<p>\nJoel Harkimo ja Kastanja Rauhala\n<\/p>\n<p class=\"section-date\">\n        <strong class=\"article-section\" data-section=\"kotimaa\"><br \/>\n            kotimaa<br \/>\n        <\/strong><br \/>\n        9.1. 05:00\n    <\/p>\n<p>Joel Harkimo ja Kastanja Rauhala: Paljonpuhuvia kuvia!\n    <\/p>\n<p itemprop=\"description\" class=\"subtitle \">\n    Kaksikko n\u00e4ytt\u00e4\u00e4 viett\u00e4neen joulun yhdess\u00e4, ja kumpikin l\u00e4hti Italiaan vuodenvaihteen tienoilla.\n<\/p>\n<p>        <\/a><\/p>\n<p>                <img decoding=\"async\" src=\"https:\/\/www.europesays.com\/fi\/wp-content\/uploads\/2026\/01\/2043468.webp.jpeg\" width=\"576\" height=\"648\" alt=\"Joel Harkimo ja Kastanja Rauhala nousivat Rooman-koneesta rinta rinnan, mink\u00e4 j\u00e4lkeen pari otti toisiinsa et\u00e4isyytt\u00e4.\" loading=\"lazy\" \/>            <\/p>\n<p>\n            Joel Harkimo ja Kastanja Rauhala nousivat Rooman-koneesta rinta rinnan, mink\u00e4 j\u00e4lkeen pari otti toisiinsa et\u00e4isyytt\u00e4.<br \/>\n            Juhamatti Nieminen\n        <\/p>\n<p>&#8221;Tulee puhelu&#8221;<\/p>\n<p class=\"article-content article-content-width !bg-background\">Liki tunnin odottamisen j\u00e4lkeen Joel sai kantoonsa kamppeet, joiden kanssa partasuu kiiruhti lentoaseman yl\u00e4tasanteelle. Mahdollista on, ett\u00e4 Kastanja poimi Joelin autoon kyytiins\u00e4.<\/p>\n<p class=\"article-content article-content-width !bg-background\">Seiskan reportteri l\u00e4hestyi niin Joelia kuin Kastanjaa lentoasemalla, mutta kumpikaan ei halunnut kommentoida loman sujumista tai suhteensa laatua mitenk\u00e4\u00e4n.<\/p>\n<p class=\"article-content article-content-width !bg-background\">\u2013 En kommentoi, Jolle kuittasi j\u00e4m\u00e4k\u00e4sti.<\/p>\n<p class=\"article-content article-content-width !bg-background\">Kastanja puolestaan kaivoi tilanteessa puhelimensa esiin.<\/p>\n<p class=\"article-content article-content-width !bg-background\">\u2013 En ehdi nyt. Tulee puhelu, Kastanja \u00e4l\u00e4hti.<\/p>\n<p>        <a itemprop=\"url\" href=\"https:\/\/www.seiska.fi\/kotimaa\/kastanja-rauhala-kommentoi-villeja-suhdehuhuja\/2002595\" rel=\"nofollow noopener\" target=\"_blank\"><\/p>\n<p>\nKastanja Rauhala Seiskalle:\n<\/p>\n<p class=\"section-date\">\n        <strong class=\"article-section\" data-section=\"kotimaa\"><br \/>\n            kotimaa<br \/>\n        <\/strong><br \/>\n        26.11.2025 06:00\n    <\/p>\n<p>Kastanja Rauhala kommentoi villej\u00e4 suhdehuhuja\n    <\/p>\n<p itemprop=\"description\" class=\"subtitle \">\n    Tulikuuman TTK-t\u00e4hden seurael\u00e4m\u00e4 kiinnostaa valtavasti kansalaisia.\n<\/p>\n<p>        <\/a><\/p>\n<p>                <img decoding=\"async\" src=\"https:\/\/www.europesays.com\/fi\/wp-content\/uploads\/2026\/01\/2043470.webp.jpeg\" width=\"576\" height=\"576\" alt=\"Kaksikon reissu huipentui Roomaan, jossa he majoittuivat boutique-hotellissa.\" loading=\"lazy\" \/>            <\/p>\n<p>\n            Kaksikon reissu huipentui Roomaan, jossa he majoittuivat boutique-hotellissa.<br \/>\n            Juhamatti Nieminen\n        <\/p>\n<p>Luksusta Italiassa<\/p>\n<p class=\"article-content article-content-width !bg-background\">Seiskan selvityksen mukaan parivaljakko vietti valtaosan lomastaan Trasimeno-j\u00e4rven l\u00e4heisyydess\u00e4 komeilevassa Panicalen kyl\u00e4ss\u00e4, joka sijaitsee reilun kahden tunnin ajomatkan p\u00e4\u00e4ss\u00e4 p\u00e4\u00e4kaupunki Roomasta.<\/p>\n<p class=\"article-content article-content-width !bg-background\">Kaksikon tukikohtana toimi idyllinen maalaishuvila, jonka Joel oli vuokrannut tuttavansa kautta. Tiluksia reunustaa tenniskentt\u00e4, johon Kastanja ja Jolle p\u00e4\u00e4siv\u00e4t ottamaan tuntumaa. Kaksikon matkaan mahtui my\u00f6s visiitti Firenzess\u00e4.<\/p>\n<p class=\"article-content article-content-width !bg-background\">Reissun viimeiset pari p\u00e4iv\u00e4\u00e4 Jolle ja Kastanja viettiv\u00e4t romanttisessa Roomassa. He majoittautuivat boutique-tyylisess\u00e4 Nomos-luksushotellissa, joka on rakennettu entiseen 1700-luvun luostariin. Viiden t\u00e4hden hotellissa y\u00f6 kustantaa parista sadasta eurosta yl\u00f6sp\u00e4in huonetyypist\u00e4 ja varausajankohdasta riippuen.<\/p>\n<p>        <a itemprop=\"url\" href=\"https:\/\/www.seiska.fi\/vain-seiskassa\/vuoden-luetuimmat-salakuva-joel-harkimo-ja-kerttu-rissanen-helsingin-yossa\/2009458\" rel=\"nofollow noopener\" target=\"_blank\"><\/p>\n<p>\nVuoden luetuimmat\n<\/p>\n<p class=\"section-date\">\n        <strong class=\"article-section\" data-section=\"vain seiskassa\"><br \/>\n            vain seiskassa<br \/>\n        <\/strong><br \/>\n        25.12.2025 16:00\n    <\/p>\n<p>Vuoden luetuimmat: Salakuva! Joel Harkimo ja Kerttu Rissanen Helsingin y\u00f6ss\u00e4\n    <\/p>\n<p itemprop=\"description\" class=\"subtitle \">\n    Joel ja Kerttu viihtyiv\u00e4t toistensa seurassa.\n<\/p>\n<p>        <\/a><\/p>\n<p>                <img decoding=\"async\" src=\"https:\/\/www.europesays.com\/fi\/wp-content\/uploads\/2026\/01\/2043472.webp.jpeg\" width=\"576\" height=\"668\" alt=\"Joel ei ollut juttutuulella, vaan kiiruhti laukkujensa kanssa vauhdilla eteenp\u00e4in.\" loading=\"lazy\" \/>            <\/p>\n<p>\n            Joel ei ollut juttutuulella, vaan kiiruhti laukkujensa kanssa vauhdilla eteenp\u00e4in.<br \/>\n            Juhamatti Nieminen\n        <\/p>\n<p>                <img decoding=\"async\" src=\"https:\/\/www.europesays.com\/fi\/wp-content\/uploads\/2026\/01\/2043476.webp.jpeg\" width=\"576\" height=\"274\" alt=\"Joel poistui Helsinki-Vantaan lentoasemalta valkoisen auton kyydiss\u00e4.\" loading=\"lazy\" \/>            <\/p>\n<p>\n            Joel poistui Helsinki-Vantaan lentoasemalta valkoisen auton kyydiss\u00e4.<br \/>\n            Juhamatti Nieminen\n        <\/p>\n<p>Piristyst\u00e4 Jollelle<\/p>\n<p class=\"article-content article-content-width !bg-background\">Vaikka Joelin ja Kastanjan suhteen laadusta ei ole tarkkaa tietoa, lienee Kastanjan seura tervetullut piristys Joelin el\u00e4m\u00e4ss\u00e4.<\/p>\n<p class=\"article-content article-content-width !bg-background\">Jolle erosi puolisostaan, rallikartturi ja somet\u00e4hti  viime kes\u00e4n\u00e4. Seitsem\u00e4n vuotta kest\u00e4neen suhteen p\u00e4\u00e4ttymisen lis\u00e4ksi t\u00e4m\u00e4n viime vuotta varjosti l\u00e4heisten poismenot, kun h\u00e4n menetti ensin set\u00e4ns\u00e4, kansanedustaja-is\u00e4ns\u00e4  veljen  viime vuoden helmikuussa ja my\u00f6hemmin -serkkunsa hein\u00e4kuussa.<\/p>\n<p class=\"article-content article-content-width !bg-background\">Kastanja ponnahti julkisuuteen toissasyksyn\u00e4 TTK-ohjelmasta, jossa vaaleaverikk\u00f6 sai osakseen suhdespekulaatioita tuolloisen oppilaan, muusikko  kanssa. Pari eteni finaaliin asti, kuten Kastanja viime syksyn\u00e4 tubettaja  kanssa.<\/p>\n<p class=\"article-content article-content-width !bg-background\">Joel n\u00e4htiin viime syksyn\u00e4 toistuvasti TTK-katsomossa, mik\u00e4 lienee siivitt\u00e4nyt h\u00e4nen ja Kastanjan tutustumista toisiinsa<\/p>\n<p class=\"article-content article-content-width !bg-background\">\u00a0TTK-parketilla itsekin pari vuotta sitten py\u00f6r\u00e4hdellyt Jolle intoutui er\u00e4\u00e4ss\u00e4 viime syksyn Instagram-p\u00e4ivityksess\u00e4\u00e4n kehumaan Kastanjan ja Lakon valssia, jota Kastanja riensi kiitt\u00e4m\u00e4\u00e4n.<\/p>\n<p class=\"article-content article-content-width !bg-background\">\u2013 Jeeh, kiitos, Kastanja kommentoi.<\/p>\n<p>        <a itemprop=\"url\" href=\"https:\/\/www.seiska.fi\/kotimaa\/janni-hussi-bongattiin-deittisovelluksesta-nain-han-kommentoi\/2007564\" rel=\"nofollow noopener\" target=\"_blank\"><\/p>\n<p>\nN\u00e4in h\u00e4n kommentoi\n<\/p>\n<p class=\"section-date\">\n        <strong class=\"article-section\" data-section=\"kotimaa\"><br \/>\n            kotimaa<br \/>\n        <\/strong><br \/>\n        2.12.2025 05:00\n    <\/p>\n<p>Janni Hussi bongattiin deittisovelluksesta \u2013 n\u00e4in h\u00e4n kommentoi\n    <\/p>\n<p itemprop=\"description\" class=\"subtitle \">\n    Jannin \u201dyksinkertaiset nautinnotkin\u201d tulevat selviksi.\n<\/p>\n<p>        <\/a><\/p>\n<p>                <img decoding=\"async\" src=\"https:\/\/www.europesays.com\/fi\/wp-content\/uploads\/2026\/01\/2043478.webp.jpeg\" width=\"576\" height=\"720\" alt=\"Janni Hussin ja Jollen eropommi oli viime vuoden suurimpia viihdeuutisia.\" loading=\"lazy\" \/>            <\/p>\n<p>\n            Janni Hussin ja Jollen eropommi oli viime vuoden suurimpia viihdeuutisia.<br \/>\n            TIMO KORHONEN\n        <\/p>\n","protected":false},"excerpt":{"rendered":"Juhamatti Nieminen ja Seiskan arkisto Julkkiskaksikko vaikenee t\u00e4ysin yhteisest\u00e4 reissustaan romanttiseen Italiaan. Purjehtiva poliitikko, mediapersoona , 35, on&hellip;\n","protected":false},"author":2,"featured_media":142651,"comment_status":"","ping_status":"","sticky":false,"template":"","format":"standard","meta":{"footnotes":""},"categories":[136],"tags":[407,137,33,31,30,199,3520,408,3055,3645,8627,651,32,903,109],"class_list":{"0":"post-142650","1":"post","2":"type-post","3":"status-publish","4":"format-standard","5":"has-post-thumbnail","7":"category-julkkikset","8":"tag-celebrities","9":"tag-entertainment","10":"tag-fi","11":"tag-finland","12":"tag-finnish","13":"tag-italia","14":"tag-joel-harkimo","15":"tag-julkkikset","16":"tag-kastanja-rauhala","17":"tag-paparazzi","18":"tag-rooma","19":"tag-suhteet","20":"tag-suomi","21":"tag-tanssii-tahtien-kanssa","22":"tag-viihde"},"share_on_mastodon":{"url":"https:\/\/pubeurope.com\/@fi\/115897156494183786","error":""},"_links":{"self":[{"href":"https:\/\/www.europesays.com\/fi\/wp-json\/wp\/v2\/posts\/142650","targetHints":{"allow":["GET"]}}],"collection":[{"href":"https:\/\/www.europesays.com\/fi\/wp-json\/wp\/v2\/posts"}],"about":[{"href":"https:\/\/www.europesays.com\/fi\/wp-json\/wp\/v2\/types\/post"}],"author":[{"embeddable":true,"href":"https:\/\/www.europesays.com\/fi\/wp-json\/wp\/v2\/users\/2"}],"replies":[{"embeddable":true,"href":"https:\/\/www.europesays.com\/fi\/wp-json\/wp\/v2\/comments?post=142650"}],"version-history":[{"count":0,"href":"https:\/\/www.europesays.com\/fi\/wp-json\/wp\/v2\/posts\/142650\/revisions"}],"wp:featuredmedia":[{"embeddable":true,"href":"https:\/\/www.europesays.com\/fi\/wp-json\/wp\/v2\/media\/142651"}],"wp:attachment":[{"href":"https:\/\/www.europesays.com\/fi\/wp-json\/wp\/v2\/media?parent=142650"}],"wp:term":[{"taxonomy":"category","embeddable":true,"href":"https:\/\/www.europesays.com\/fi\/wp-json\/wp\/v2\/categories?post=142650"},{"taxonomy":"post_tag","embeddable":true,"href":"https:\/\/www.europesays.com\/fi\/wp-json\/wp\/v2\/tags?post=142650"}],"curies":[{"name":"wp","href":"https:\/\/api.w.org\/{rel}","templated":true}]}}