{"id":142652,"date":"2026-01-15T04:16:08","date_gmt":"2026-01-15T04:16:08","guid":{"rendered":"https:\/\/www.europesays.com\/fi\/142652\/"},"modified":"2026-01-15T04:16:08","modified_gmt":"2026-01-15T04:16:08","slug":"lentopallomiesten-entinen-valmentaja-joel-banks-sai-jalleen-potkut-joukkue-liigassa-kakkospaikalla-urheilua-lyhyesti","status":"publish","type":"post","link":"https:\/\/www.europesays.com\/fi\/142652\/","title":{"rendered":"Lentopallomiesten entinen valmentaja Joel Banks sai j\u00e4lleen potkut \u2013 joukkue liigassa kakkospaikalla | Urheilua lyhyesti"},"content":{"rendered":"<p class=\"aw-1gybjub aw-5vja16 kEtdKx kmuxyA yle__article__paragraph\">Joel Banks valmensi saksalaisen BR Volleysin kaksi kertaa mestaruuteen. Joukkue on t\u00e4ll\u00e4 hetkell\u00e4 Bundesliigassa toisena.<\/p>\n<p><img decoding=\"async\" alt=\"Suomen miesten lentopallomaajoukkueen p\u00e4\u00e4valmentaja Joel Banks kuvassa.\" src=\"https:\/\/www.europesays.com\/fi\/wp-content\/uploads\/2026\/01\/39-117951165182d54c7897.jpeg\" class=\"aw-1l9m598 hKVVvP\"\/><\/p>\n<p>Avaa kuvien katselu<\/p>\n<p>Jole Banks toimi Suomen miesten lentopallomaajoukkueen p\u00e4\u00e4valmentajana vuosina 2019\u20132023. Kuva: FIVB<\/p>\n<p class=\"aw-1gybjub aw-1p7kakr kEtdKx cEmitX yle__article__paragraph\">Saksan lentopallon miesten p\u00e4\u00e4sarjajoukkue Berlin Recycling Volley on vapauttanut p\u00e4\u00e4valmentajansa <strong class=\"aw-ak79eh KyCXm yle__article__strong\">Joel Banksin<\/strong> sopimuksestaan. BR Volleyn passarina toimii maajoukkueen ykk\u00f6spassari <strong class=\"aw-ak79eh KyCXm yle__article__strong\">Fedor Ivanov<\/strong>.<\/p>\n<p class=\"aw-1gybjub aw-1p7kakr kEtdKx cEmitX yle__article__paragraph\">Banks valmensi aikoinaan Suomen miesten lentopallomaajoukkuetta vuosina 2019\u20132023, ennen kuin <strong class=\"aw-ak79eh KyCXm yle__article__strong\">Olli Kunnari<\/strong> otti p\u00e4\u00e4vastuun joukkueesta. Banksin alaisuudessa Suomi pelasi EM-kisojen pudotuspeleiss\u00e4 vuosina 2019 ja 2021.<\/p>\n<p class=\"aw-1gybjub aw-1p7kakr kEtdKx cEmitX yle__article__paragraph\">Suomen maajoukkueen j\u00e4lkeen Banks toimi puolalaisen Skra Belchatowin valmentajana, mutta sai potkut joukkueen huonon menestyksen takia. H\u00e4n on toiminut Alankomaiden miesten maajoukkueen p\u00e4\u00e4valmentajana vuodesta 2025 l\u00e4htien.<\/p>\n<p class=\"aw-1gybjub aw-1p7kakr kEtdKx cEmitX yle__article__paragraph\">Banksin potkujen ajankohta on erikoinen, sill\u00e4 joukkue on Bundesliigassa t\u00e4ll\u00e4 hetkell\u00e4 toisena, viisi pistett\u00e4 johtavasta SVG L\u00fcneburgista.<\/p>\n<p class=\"aw-1gybjub aw-1p7kakr kEtdKx cEmitX yle__article__paragraph\">\u2013 Vaikean Bundesliiga-kauden alun j\u00e4lkeen olemme pystyneet parantamaan sijoitustamme sarjataulukossa, mutta joukkueemme suoritusta leimaavat edelleen jatkuvat yl\u00e4- ja alam\u00e4et. Tulokset ovat hyvi\u00e4, mutta suorituksistamme puuttuu johdonmukaisuutta ja vakautta. T\u00e4st\u00e4 syyst\u00e4 olemme p\u00e4\u00e4tt\u00e4neet tehd\u00e4 muutoksen valmennustiimiss\u00e4, BR Volleysin toimitusjohtaja <strong class=\"aw-ak79eh KyCXm yle__article__strong\">Kaweh Niroomand<\/strong> perusteli Banksin potkuja seuran <a class=\"aw-iao6s4 iHOxEa yle__article__link\" href=\"https:\/\/www.berlin-recycling-volleys.de\/?view=article&amp;id=6823:br-volleys-und-joel-banks-gehen-getrennte-wege\" role=\"link\" rel=\"nofollow noopener\" target=\"_blank\">verkkosivuilla<\/a>.<\/p>\n<p class=\"aw-1gybjub aw-1p7kakr kEtdKx cEmitX yle__article__paragraph\">Niroomandin mukaan Banks on ollut omistautunut teht\u00e4v\u00e4ss\u00e4\u00e4n, ja britti valmensikin joukkueen kahteen Saksan mestaruuteen.<\/p>\n<p class=\"aw-1gybjub aw-1p7kakr kEtdKx cEmitX yle__article__paragraph\">Banksin paikan p\u00e4\u00e4valmentajana ottaa joukkueen apuvalmentaja, brasilialainen <strong class=\"aw-ak79eh KyCXm yle__article__strong\">Alexandre Leal<\/strong>. H\u00e4nen apunaan toimii joukkueen toinen apuvalmentaja <strong class=\"aw-ak79eh KyCXm yle__article__strong\">Markus Steuerwald<\/strong>.<\/p>\n<p class=\"aw-1gybjub aw-1p7kakr kEtdKx cEmitX yle__article__paragraph\">Banksin potkuista kertoi ensimm\u00e4isen\u00e4 Suomessa <a class=\"aw-iao6s4 iHOxEa yle__article__link\" href=\"https:\/\/lentopallo.info\/lentopallo\/2026\/01\/14\/banks-sai-potkut-bundesliigassa\/\" role=\"link\" rel=\"nofollow noopener\" target=\"_blank\">lentopallo.info<\/a>.<\/p>\n","protected":false},"excerpt":{"rendered":"Joel Banks valmensi saksalaisen BR Volleysin kaksi kertaa mestaruuteen. Joukkue on t\u00e4ll\u00e4 hetkell\u00e4 Bundesliigassa toisena. Avaa kuvien katselu&hellip;\n","protected":false},"author":2,"featured_media":142653,"comment_status":"","ping_status":"","sticky":false,"template":"","format":"standard","meta":{"footnotes":""},"categories":[158],"tags":[33,31,30,24503,9745,6592,9748,159,24502,32,160],"class_list":{"0":"post-142652","1":"post","2":"type-post","3":"status-publish","4":"format-standard","5":"has-post-thumbnail","7":"category-urheilu","8":"tag-fi","9":"tag-finland","10":"tag-finnish","11":"tag-joel-banks","12":"tag-lentopallo","13":"tag-maajoukkueet","14":"tag-miesten-lentopallo","15":"tag-sports","16":"tag-suomen-miesten-lentopallomaajoukkue","17":"tag-suomi","18":"tag-urheilu"},"share_on_mastodon":{"url":"https:\/\/pubeurope.com\/@fi\/115897184043743746","error":""},"_links":{"self":[{"href":"https:\/\/www.europesays.com\/fi\/wp-json\/wp\/v2\/posts\/142652","targetHints":{"allow":["GET"]}}],"collection":[{"href":"https:\/\/www.europesays.com\/fi\/wp-json\/wp\/v2\/posts"}],"about":[{"href":"https:\/\/www.europesays.com\/fi\/wp-json\/wp\/v2\/types\/post"}],"author":[{"embeddable":true,"href":"https:\/\/www.europesays.com\/fi\/wp-json\/wp\/v2\/users\/2"}],"replies":[{"embeddable":true,"href":"https:\/\/www.europesays.com\/fi\/wp-json\/wp\/v2\/comments?post=142652"}],"version-history":[{"count":0,"href":"https:\/\/www.europesays.com\/fi\/wp-json\/wp\/v2\/posts\/142652\/revisions"}],"wp:featuredmedia":[{"embeddable":true,"href":"https:\/\/www.europesays.com\/fi\/wp-json\/wp\/v2\/media\/142653"}],"wp:attachment":[{"href":"https:\/\/www.europesays.com\/fi\/wp-json\/wp\/v2\/media?parent=142652"}],"wp:term":[{"taxonomy":"category","embeddable":true,"href":"https:\/\/www.europesays.com\/fi\/wp-json\/wp\/v2\/categories?post=142652"},{"taxonomy":"post_tag","embeddable":true,"href":"https:\/\/www.europesays.com\/fi\/wp-json\/wp\/v2\/tags?post=142652"}],"curies":[{"name":"wp","href":"https:\/\/api.w.org\/{rel}","templated":true}]}}