{"id":142654,"date":"2026-01-15T04:17:09","date_gmt":"2026-01-15T04:17:09","guid":{"rendered":"https:\/\/www.europesays.com\/fi\/142654\/"},"modified":"2026-01-15T04:17:09","modified_gmt":"2026-01-15T04:17:09","slug":"jari-sillanpaalta-video-sairaalasta-kainalosauvat-kaytossa","status":"publish","type":"post","link":"https:\/\/www.europesays.com\/fi\/142654\/","title":{"rendered":"Jari Sillanp\u00e4\u00e4lt\u00e4 video sairaalasta &#8211; kainalosauvat k\u00e4yt\u00f6ss\u00e4"},"content":{"rendered":"<p>Lonkkaleikkauksessa k\u00e4ynyt <strong>Jari Sillanp\u00e4\u00e4<\/strong> on p\u00e4\u00e4sem\u00e4ss\u00e4 sairaalasta kotiin. H\u00e4n on julkaissut tilanteesta videon ja kirjoittaa samalla kuulumisiaan.<\/p>\n<p>Lue my\u00f6s: <a href=\"https:\/\/www.como.fi\/uutiset\/jari-sillanpaa-kavi-leikkauksessa-kivut-jaivat-pois\/\" title=\"Jari Sillanp\u00e4\u00e4 k\u00e4vi leikkauksessa \u2013 kivut j\u00e4iv\u00e4t pois\" class=\"underline-custom !font-montserrat !font-bold !underline-offset-4 !decoration-4 !decoration-red-600 !text-md\" rel=\"nofollow noopener\" target=\"_blank\">Jari Sillanp\u00e4\u00e4 k\u00e4vi leikkauksessa \u2013 kivut j\u00e4iv\u00e4t pois<\/a><\/p>\n<p>\u2013 Home sweet home. T\u00e4n\u00e4\u00e4n kotiin uusi lonkka mukanani. Nyt hetki lepoa, rauhassa palautumista ja sitten taas baanalle entist\u00e4 ehompana. Tulevia keikkoja julkaistaan ihan pian. Pysy kuulolla! kirjoittaa Sillanp\u00e4\u00e4.<\/p>\n<p>Jari seisoo videossa kainalosauvojen avustuksella. H\u00e4nen takanaan on ilmapalloja.<\/p>\n<p>\u2013 Olisin j\u00e4\u00e4nyt t\u00e4nne kolmanneksi y\u00f6ksi, mutta kun sis\u00e4ltyy vain kaksi y\u00f6t\u00e4 hintaan, kertoo Jari videossaan.<\/p>\n<p>Jarilta tulee videon kautta viel\u00e4 kiitokset kaikille, jotka ovat l\u00e4hett\u00e4neet h\u00e4nelle ihania viestej\u00e4 ja l\u00e4mpimi\u00e4 ajatuksia.<\/p>\n<p>\u2013 N\u00e4hd\u00e4\u00e4n keikoilla, toivoo Jari viel\u00e4. \u00a0<\/p>\n<p><a href=\"https:\/\/www.instagram.com\/reel\/DTfexOLCEt0\/?utm_source=ig_web_copy_link&amp;igsh=MzRlODBiNWFlZA==\" target=\"_blank\" rel=\"noreferrer noopener nofollow\">Jarin julkaisu l\u00f6ytyy t\u00e4\u00e4lt\u00e4<\/a> ja t\u00e4st\u00e4 alta.<\/p>\n<p>Lue my\u00f6s: <a href=\"https:\/\/www.como.fi\/tilaa-comon-uutiskirje\/\" title=\"Tilaa Comon uutiskirje ja tied\u00e4t mist\u00e4 kahvitauolla puhutaan! Nappaa kotimaan tv-vinkit ja puheenaiheet suoraan s\u00e4hk\u00f6postiin t\u00e4st\u00e4.\" class=\"underline-custom !font-montserrat !font-bold !underline-offset-4 !decoration-4 !decoration-red-600 !text-md\" rel=\"nofollow noopener\" target=\"_blank\">Tilaa Comon uutiskirje ja tied\u00e4t mist\u00e4 kahvitauolla puhutaan! Nappaa kotimaan tv-vinkit ja puheenaiheet suoraan s\u00e4hk\u00f6postiin t\u00e4st\u00e4.<\/a><\/p>\n<p>\t\t\t<script async src=\"\/\/www.instagram.com\/embed.js\"><\/script><\/p>\n","protected":false},"excerpt":{"rendered":"Lonkkaleikkauksessa k\u00e4ynyt Jari Sillanp\u00e4\u00e4 on p\u00e4\u00e4sem\u00e4ss\u00e4 sairaalasta kotiin. H\u00e4n on julkaissut tilanteesta videon ja kirjoittaa samalla kuulumisiaan. Lue&hellip;\n","protected":false},"author":2,"featured_media":142655,"comment_status":"","ping_status":"","sticky":false,"template":"","format":"standard","meta":{"footnotes":""},"categories":[130],"tags":[137,33,31,30,2942,32,109],"class_list":{"0":"post-142654","1":"post","2":"type-post","3":"status-publish","4":"format-standard","5":"has-post-thumbnail","7":"category-viihde","8":"tag-entertainment","9":"tag-fi","10":"tag-finland","11":"tag-finnish","12":"tag-jari-sillanpu00e4u00e4","13":"tag-suomi","14":"tag-viihde"},"share_on_mastodon":{"url":"https:\/\/pubeurope.com\/@fi\/115897188090836068","error":""},"_links":{"self":[{"href":"https:\/\/www.europesays.com\/fi\/wp-json\/wp\/v2\/posts\/142654","targetHints":{"allow":["GET"]}}],"collection":[{"href":"https:\/\/www.europesays.com\/fi\/wp-json\/wp\/v2\/posts"}],"about":[{"href":"https:\/\/www.europesays.com\/fi\/wp-json\/wp\/v2\/types\/post"}],"author":[{"embeddable":true,"href":"https:\/\/www.europesays.com\/fi\/wp-json\/wp\/v2\/users\/2"}],"replies":[{"embeddable":true,"href":"https:\/\/www.europesays.com\/fi\/wp-json\/wp\/v2\/comments?post=142654"}],"version-history":[{"count":0,"href":"https:\/\/www.europesays.com\/fi\/wp-json\/wp\/v2\/posts\/142654\/revisions"}],"wp:featuredmedia":[{"embeddable":true,"href":"https:\/\/www.europesays.com\/fi\/wp-json\/wp\/v2\/media\/142655"}],"wp:attachment":[{"href":"https:\/\/www.europesays.com\/fi\/wp-json\/wp\/v2\/media?parent=142654"}],"wp:term":[{"taxonomy":"category","embeddable":true,"href":"https:\/\/www.europesays.com\/fi\/wp-json\/wp\/v2\/categories?post=142654"},{"taxonomy":"post_tag","embeddable":true,"href":"https:\/\/www.europesays.com\/fi\/wp-json\/wp\/v2\/tags?post=142654"}],"curies":[{"name":"wp","href":"https:\/\/api.w.org\/{rel}","templated":true}]}}