{"id":142660,"date":"2026-01-15T04:22:08","date_gmt":"2026-01-15T04:22:08","guid":{"rendered":"https:\/\/www.europesays.com\/fi\/142660\/"},"modified":"2026-01-15T04:22:08","modified_gmt":"2026-01-15T04:22:08","slug":"tama-on-nyt-halvin-tapa-lammittaa-omakotitalo-pannaan-julistettu-lammitysmuoto-sai-synninpaaston-asiantuntijalta","status":"publish","type":"post","link":"https:\/\/www.europesays.com\/fi\/142660\/","title":{"rendered":"T\u00e4m\u00e4 on nyt halvin tapa l\u00e4mmitt\u00e4\u00e4 omakotitalo \u2013 pannaan julistettu l\u00e4mmitysmuoto sai synninp\u00e4\u00e4st\u00f6n asiantuntijalta"},"content":{"rendered":"<p>Mik\u00e4 omakotitalon l\u00e4mmitysmuoto on edullisin juuri nyt? Vertailussa ovat mukana s\u00e4hk\u00f6l\u00e4mmitys, \u00f6ljyl\u00e4mmitys, kaukol\u00e4mp\u00f6 sek\u00e4 l\u00e4mp\u00f6pumput.<\/p>\n<p class=\"article-body mb-nof-24 px-nof-16\">Aamulehti<\/p>\n<p class=\"article-body mb-nof-24 px-nof-16\">S\u00e4hk\u00f6l\u00e4mmityksest\u00e4 tuli vuoden 2022 energiakriisin my\u00f6t\u00e4 kirosana, mutta tilanne on muuttunut. Aamulehden vertailussa paljastui, mik\u00e4 on omakotitalon edullisin l\u00e4mmitystapa juuri nyt. Asiantuntija kertoo, miksi vanhan talon omistajan ei v\u00e4ltt\u00e4m\u00e4tt\u00e4 kannata haikailla ison ja kalliin l\u00e4mmitysremontin per\u00e4\u00e4n.<\/p>\n","protected":false},"excerpt":{"rendered":"Mik\u00e4 omakotitalon l\u00e4mmitysmuoto on edullisin juuri nyt? Vertailussa ovat mukana s\u00e4hk\u00f6l\u00e4mmitys, \u00f6ljyl\u00e4mmitys, kaukol\u00e4mp\u00f6 sek\u00e4 l\u00e4mp\u00f6pumput. Aamulehti S\u00e4hk\u00f6l\u00e4mmityksest\u00e4 tuli&hellip;\n","protected":false},"author":2,"featured_media":142661,"comment_status":"","ping_status":"","sticky":false,"template":"","format":"standard","meta":{"footnotes":""},"categories":[12],"tags":[157,22,23,26,27,33,31,30,17,24,25,28,29,15,18,21,32,19,20,16],"class_list":{"0":"post-142660","1":"post","2":"type-post","3":"status-publish","4":"format-standard","5":"has-post-thumbnail","7":"category-suomi","8":"tag-aamulehti","9":"tag-breaking-news","10":"tag-breakingnews","11":"tag-featured-news","12":"tag-featurednews","13":"tag-fi","14":"tag-finland","15":"tag-finnish","16":"tag-headlines","17":"tag-latest-news","18":"tag-latestnews","19":"tag-main-news","20":"tag-mainnews","21":"tag-news","22":"tag-otsikot","23":"tag-paauutiset","24":"tag-suomi","25":"tag-top-stories","26":"tag-topstories","27":"tag-uutiset"},"share_on_mastodon":{"url":"https:\/\/pubeurope.com\/@fi\/115897207575296643","error":""},"_links":{"self":[{"href":"https:\/\/www.europesays.com\/fi\/wp-json\/wp\/v2\/posts\/142660","targetHints":{"allow":["GET"]}}],"collection":[{"href":"https:\/\/www.europesays.com\/fi\/wp-json\/wp\/v2\/posts"}],"about":[{"href":"https:\/\/www.europesays.com\/fi\/wp-json\/wp\/v2\/types\/post"}],"author":[{"embeddable":true,"href":"https:\/\/www.europesays.com\/fi\/wp-json\/wp\/v2\/users\/2"}],"replies":[{"embeddable":true,"href":"https:\/\/www.europesays.com\/fi\/wp-json\/wp\/v2\/comments?post=142660"}],"version-history":[{"count":0,"href":"https:\/\/www.europesays.com\/fi\/wp-json\/wp\/v2\/posts\/142660\/revisions"}],"wp:featuredmedia":[{"embeddable":true,"href":"https:\/\/www.europesays.com\/fi\/wp-json\/wp\/v2\/media\/142661"}],"wp:attachment":[{"href":"https:\/\/www.europesays.com\/fi\/wp-json\/wp\/v2\/media?parent=142660"}],"wp:term":[{"taxonomy":"category","embeddable":true,"href":"https:\/\/www.europesays.com\/fi\/wp-json\/wp\/v2\/categories?post=142660"},{"taxonomy":"post_tag","embeddable":true,"href":"https:\/\/www.europesays.com\/fi\/wp-json\/wp\/v2\/tags?post=142660"}],"curies":[{"name":"wp","href":"https:\/\/api.w.org\/{rel}","templated":true}]}}