{"id":142662,"date":"2026-01-15T04:23:11","date_gmt":"2026-01-15T04:23:11","guid":{"rendered":"https:\/\/www.europesays.com\/fi\/142662\/"},"modified":"2026-01-15T04:23:11","modified_gmt":"2026-01-15T04:23:11","slug":"tytti-tuppurainen-vahvistaa-puhuttuaan-merisen-kanssa-hairintatapauksia-on-paljon-ja-asia-on-karmea","status":"publish","type":"post","link":"https:\/\/www.europesays.com\/fi\/142662\/","title":{"rendered":"Tytti Tuppurainen vahvistaa puhuttuaan Merisen kanssa: H\u00e4irint\u00e4tapauksia on paljon ja asia on \u201dkarmea\u201d"},"content":{"rendered":"<p>Eduskunnan h\u00e4irint\u00e4tapaukset|Sdp:n eduskuntaryhm\u00e4n puheenjohtaja Tytti Tuppurainen kannustaa kaikkia, jotka ovat kokeneet h\u00e4irint\u00e4\u00e4, tekem\u00e4\u00e4n asiasta ilmoituksen.<\/p>\n<p>14.1. 13:43 | P\u00e4ivitetty 14.1. 14:32<\/p>\n<p>Lue tiivistelm\u00e4<\/p>\n<p class=\"article-body mb-nof-24 px-nof-16 sndp-summary-bullet-point-font\">Sdp:n eduskuntaryhm\u00e4n puheenjohtaja Tytti Tuppurainen sanoo, ett\u00e4 eduskunnassa on paljon h\u00e4irint\u00e4tapauksia.<\/p>\n<p class=\"article-body mb-nof-24 px-nof-16 sndp-summary-bullet-point-font\">Tieto perustuu kansanedustaja Ville Merisen kertomuksiin, jotka tulivat julki Ylen dokumenttisarjassa Vallan algoritmi.<\/p>\n<p class=\"article-body mb-nof-24 px-nof-16 sndp-summary-bullet-point-font\">Tuppurainen kuvailee tilannetta karmeaksi ja vaatii avointa keskustelua sek\u00e4 toimintamallien l\u00e4pik\u00e4ynti\u00e4.<\/p>\n<p class=\"article-body mb-nof-24 px-nof-16\">Sdp:n eduskuntaryhm\u00e4n puheenjohtaja <a class=\"font-bold underline-offset-[0.12em] [text-decoration:var(--person-link-text-decoration)] ![text-decoration-color:var(--person-link-text-decoration-color)]\" href=\"https:\/\/www.hs.fi\/haku\/?query=Tytti%20Tuppurainen\" rel=\"nofollow noopener\" target=\"_blank\">Tytti Tuppurainen<\/a> kertoo Helsingin Sanomille, ett\u00e4 puhuttuaan kansanedustaja <a class=\"font-bold underline-offset-[0.12em] [text-decoration:var(--person-link-text-decoration)] ![text-decoration-color:var(--person-link-text-decoration-color)]\" href=\"https:\/\/www.hs.fi\/haku\/?query=Ville%20Merisen\" rel=\"nofollow noopener\" target=\"_blank\">Ville Merisen<\/a> (sd) kanssa h\u00e4nell\u00e4 on k\u00e4sitys, ett\u00e4 eduskunnassa on paljon h\u00e4irint\u00e4tapauksia.<\/p>\n<p class=\"article-body mb-nof-24 px-nof-16\">Merinen kertoo saaneensa asiasta tietoa, koska h\u00e4nelle on uskouduttu eduskunnassa. H\u00e4n on julkisuudessa tullut tunnetuksi sosiaalisen median \u201dTerapeutti-Villen\u00e4\u201d. Merisen tiedot tulivat julki maanantaina julkaistussa Ylen dokumenttisarjassa Vallan algoritmi, jossa h\u00e4n vastasi toimittajan kysymykseen asiasta.<\/p>\n<p class=\"article-body mb-nof-24 px-nof-16\">\u201dTapauksia on paljon. Osa on hyvin vakavia\u201d, Tuppurainen sanoo HS:lle.<\/p>\n<p class=\"article-body mb-nof-24 px-nof-16\">H\u00e4n luonnehtii asiaa \u201dkarmeaksi\u201d ja on j\u00e4rkyttynyt siit\u00e4, ett\u00e4 t\u00e4llaista ongelmaa on k\u00e4sitelt\u00e4v\u00e4 edelleen vuonna 2026.<\/p>\n<p class=\"article-body mb-nof-24 px-nof-16\">Tuppuraisen mukaan ongelma ei koske vain Sdp:n eduskuntaryhm\u00e4\u00e4.<\/p>\n<p class=\"article-body mb-nof-24 px-nof-16\">\u201dIlmi\u00f6 on todellinen, ja se on laajempi\u201d, h\u00e4n sanoo. Ilmi\u00f6 koskee h\u00e4nen mukaansa koko eduskuntaa. Tuppuraisen mukaan h\u00e4irint\u00e4 ei kohdistu pelk\u00e4st\u00e4\u00e4n avustajiin, vaan sit\u00e4 koetaan muissakin ryhmiss\u00e4.<\/p>\n<p class=\"article-body mb-nof-24 px-nof-16\">Sdp:n eduskuntaryhm\u00e4n henkil\u00f6st\u00f6kyselyss\u00e4 on tullut kaksi ilmoitusta ep\u00e4asiallisesta k\u00e4yt\u00f6ksest\u00e4. Tuppurainen sanoo, ett\u00e4 ilmoitukset ovat anonyymej\u00e4, joten h\u00e4nell\u00e4 ei ole niist\u00e4 tarkkaa tietoa.<\/p>\n<p class=\"article-body mb-nof-24 px-nof-16\">\u201dHaluan kannustaa kaikkia, jotka kokevat h\u00e4irint\u00e4\u00e4 tai ep\u00e4asiallista k\u00e4yt\u00f6st\u00e4 tekem\u00e4\u00e4n h\u00e4irint\u00e4ilmoituksen\u201d, Tuppurainen sanoo.<\/p>\n<p class=\"article-body mb-nof-24 px-nof-16\">Tuppuraisen mukaan nyt tarvitaan avointa keskustelua ja toimintamallien l\u00e4pik\u00e4ynti\u00e4. H\u00e4n huomauttaa, ett\u00e4 eduskunta on edelleen monille my\u00f6s hyv\u00e4n ilmapiirin ty\u00f6yhteis\u00f6, eiv\u00e4tk\u00e4 l\u00e4hesk\u00e4\u00e4n kaikki joudu ongelman kanssa tekemisiin.<\/p>\n<p class=\"article-body mb-nof-24 px-nof-16\">H\u00e4n uskoo, ett\u00e4 enemmist\u00f6 eduskunnassa ty\u00f6skentelevist\u00e4 on hyvinvoivia, ja suurin osa kansanedustajista ja avustajista pystyy tekem\u00e4\u00e4n ty\u00f6t\u00e4\u00e4n turvallisesti.<\/p>\n<p class=\"article-body mb-nof-24 px-nof-16\"><a class=\"underline underline-offset-[0.12em] [text-decoration-thickness:var(--generic-link-underline-thickness)] [text-decoration-color:var(--generic-link-underline-color)] [text-decoration-skip-ink:var(--generic-link-underline-skip-ink)] break-words\" href=\"https:\/\/www.is.fi\/politiikka\/art-2000011748640.html\" rel=\"nofollow noopener\" target=\"_blank\">Ilta-Sanomat<\/a> kertoi aiemmin keskiviikkona, ett\u00e4 Merinen haluaisi Sdp:n eduskuntaryhm\u00e4n ylim\u00e4\u00e4r\u00e4iseen kokoukseen asian takia. Tuppuraisen mukaan kokousta ei ole tulossa, koska mit\u00e4\u00e4n konkreettista ryhm\u00e4\u00e4n liittyv\u00e4\u00e4 asiaa ei ole tiedossa. Tuppuraisen mukaan asiasta p\u00e4\u00e4tettiin keskiviikkona eduskuntaryhm\u00e4n puheenjohtajiston kesken.<\/p>\n<p class=\"article-body mb-nof-24 px-nof-16\">Tuppuraisen mukaan Merinen ei halua kertoa asiasta tarkemmin, koska h\u00e4nelle on uskouduttu h\u00e4nen terapeuttitaustansa takia. Tuppuraisen mukaan Merinen kertoi h\u00e4nelle asiasta riitt\u00e4v\u00e4n seikkaper\u00e4isesti, jotta h\u00e4n itse sai tilanteesta kuvan.<\/p>\n<p class=\"article-body mb-nof-24 px-nof-16\">Eduskunnassa ja Sdp:n eduskuntaryhm\u00e4ss\u00e4kin on prosesseja vastaavien ongelmien k\u00e4sittelyyn. Tuppuraisen mukaan nyt puhutaan tapauksista, joista ei ole tehty ilmoituksia.<\/p>\n<p class=\"article-body mb-nof-24 px-nof-16\">\u201dAsiasta tekee vaikeamman se, ett\u00e4 kyseess\u00e4 on anonyymit tapaukset, joihin on vaikeaa puuttua. Eduskunnan yll\u00e4 on nyt raskas ep\u00e4ilys\u201d, Tuppurainen sanoo.<\/p>\n<p class=\"article-body mb-nof-24 px-nof-16\">H\u00e4n sanoo, ettei halua tuomita anonyymej\u00e4 ilmoituksia tehneit\u00e4 ihmisi\u00e4, koska kyseess\u00e4 jokaiselle h\u00e4irint\u00e4\u00e4 kokeneelle vaikea asia.<\/p>\n<p class=\"article-body mb-nof-24 px-nof-16\">Merinen vastasi Ylen dokumentissa toimittaja <a class=\"font-bold underline-offset-[0.12em] [text-decoration:var(--person-link-text-decoration)] ![text-decoration-color:var(--person-link-text-decoration-color)]\" href=\"https:\/\/www.hs.fi\/haku\/?query=Marleena%20Pellin\" rel=\"nofollow noopener\" target=\"_blank\">Marleena Pellin<\/a> luettelemiin avustajiin kohdistuviin ongelmiin my\u00f6nt\u00e4v\u00e4sti yksil\u00f6im\u00e4tt\u00e4 oma-aloitteisesti, mink\u00e4laisista ongelmista on kyse.<\/p>\n<p class=\"article-body mb-nof-24 px-nof-16\">\u201dFyysist\u00e4, henkist\u00e4, seksuaalista v\u00e4kivaltaa, kiusaamista, ahdistelua, h\u00e4irint\u00e4\u00e4\u201d, Pelli luettelee ohjelmassa.<\/p>\n<p class=\"article-body mb-nof-24 px-nof-16\">\u201dJuuri n\u00e4in, s\u00e4 sanoit ne \u00e4\u00e4neen. Tyyliin kaikkea\u201d, Merinen vastaa.<\/p>\n<p class=\"article-body mb-nof-24 px-nof-16\">Luetellut asiat olisivat rikosoikeudellisesti k\u00e4sitelt\u00e4vi\u00e4 asioita. Monet kansanedustajat ovat Merisen ulostulon j\u00e4lkeen vaatineet, ett\u00e4 v\u00e4itteiden tueksi esitt\u00e4isiin tarkempia todisteita tai ne viet\u00e4isiin eteenp\u00e4in.<\/p>\n<p class=\"article-body mb-nof-24 px-nof-16\">Tuppurainen sanoo, ett\u00e4 h\u00e4nell\u00e4 ei ole yksil\u00f6ity\u00e4 tietoa kaltoinkohtelun laadusta.<\/p>\n<p class=\"article-body mb-nof-24 px-nof-16\">\u201dJos on kyse fyysisest\u00e4 kajoamisesta, niin vaikka asia on raskas, niin haluaisin rohkaista uhreja viem\u00e4\u00e4n asiaa eteenp\u00e4in, tarvittaessa viranomaisille\u201d, Tuppurainen sanoo.<\/p>\n<p class=\"article-body mb-nof-24 px-nof-16\">Helsingin Sanomat on tavoitellut Ville Merist\u00e4 aiheen takia maanantaista alkaen, mutta h\u00e4n ei ole antanut asiasta haastattelua.<\/p>\n","protected":false},"excerpt":{"rendered":"Eduskunnan h\u00e4irint\u00e4tapaukset|Sdp:n eduskuntaryhm\u00e4n puheenjohtaja Tytti Tuppurainen kannustaa kaikkia, jotka ovat kokeneet h\u00e4irint\u00e4\u00e4, tekem\u00e4\u00e4n asiasta ilmoituksen. 14.1. 13:43 |&hellip;\n","protected":false},"author":2,"featured_media":142663,"comment_status":"","ping_status":"","sticky":false,"template":"","format":"standard","meta":{"footnotes":""},"categories":[5],"tags":[22,23,26,27,33,31,30,17,46,24,25,28,29,15,18,21,32,19,20,16],"class_list":{"0":"post-142662","1":"post","2":"type-post","3":"status-publish","4":"format-standard","5":"has-post-thumbnail","7":"category-otsikot","8":"tag-breaking-news","9":"tag-breakingnews","10":"tag-featured-news","11":"tag-featurednews","12":"tag-fi","13":"tag-finland","14":"tag-finnish","15":"tag-headlines","16":"tag-helsingin-sanomat","17":"tag-latest-news","18":"tag-latestnews","19":"tag-main-news","20":"tag-mainnews","21":"tag-news","22":"tag-otsikot","23":"tag-paauutiset","24":"tag-suomi","25":"tag-top-stories","26":"tag-topstories","27":"tag-uutiset"},"share_on_mastodon":{"url":"https:\/\/pubeurope.com\/@fi\/115897211429435308","error":""},"_links":{"self":[{"href":"https:\/\/www.europesays.com\/fi\/wp-json\/wp\/v2\/posts\/142662","targetHints":{"allow":["GET"]}}],"collection":[{"href":"https:\/\/www.europesays.com\/fi\/wp-json\/wp\/v2\/posts"}],"about":[{"href":"https:\/\/www.europesays.com\/fi\/wp-json\/wp\/v2\/types\/post"}],"author":[{"embeddable":true,"href":"https:\/\/www.europesays.com\/fi\/wp-json\/wp\/v2\/users\/2"}],"replies":[{"embeddable":true,"href":"https:\/\/www.europesays.com\/fi\/wp-json\/wp\/v2\/comments?post=142662"}],"version-history":[{"count":0,"href":"https:\/\/www.europesays.com\/fi\/wp-json\/wp\/v2\/posts\/142662\/revisions"}],"wp:featuredmedia":[{"embeddable":true,"href":"https:\/\/www.europesays.com\/fi\/wp-json\/wp\/v2\/media\/142663"}],"wp:attachment":[{"href":"https:\/\/www.europesays.com\/fi\/wp-json\/wp\/v2\/media?parent=142662"}],"wp:term":[{"taxonomy":"category","embeddable":true,"href":"https:\/\/www.europesays.com\/fi\/wp-json\/wp\/v2\/categories?post=142662"},{"taxonomy":"post_tag","embeddable":true,"href":"https:\/\/www.europesays.com\/fi\/wp-json\/wp\/v2\/tags?post=142662"}],"curies":[{"name":"wp","href":"https:\/\/api.w.org\/{rel}","templated":true}]}}