{"id":142664,"date":"2026-01-15T04:35:07","date_gmt":"2026-01-15T04:35:07","guid":{"rendered":"https:\/\/www.europesays.com\/fi\/142664\/"},"modified":"2026-01-15T04:35:07","modified_gmt":"2026-01-15T04:35:07","slug":"rasmus-ristolainen-loukkaantui-ilta-sanomat","status":"publish","type":"post","link":"https:\/\/www.europesays.com\/fi\/142664\/","title":{"rendered":"Rasmus Ristolainen loukkaantui &#8211; Ilta-Sanomat"},"content":{"rendered":"<p>Ei kai taas.<\/p>\n<p class=\"article-body mb-nof-24 px-nof-16\">Philadelphia<\/p>\n<p class=\"article-body mb-nof-24 px-nof-16\">Rasmus Ristolainen vedettiin sivuun Philadelphia Flyersin kokoonpanosta ennen ottelua Buffalo Sabresia vastaan.<\/p>\n<p class=\"article-body mb-nof-24 px-nof-16\">Flyersin tiedotteen mukaan Ristolainen k\u00e4rsii yl\u00e4vartalovammasta, ja h\u00e4nen tilannettaan tarkkaillaan p\u00e4ivitt\u00e4in.<\/p>\n<p class=\"article-body mb-nof-24 px-nof-16\">Ristolainen oli mukana viel\u00e4 Flyersin harjoituksissa pelip\u00e4iv\u00e4n aamuna.<\/p>\n<p class=\"article-body mb-nof-24 px-nof-16\">Ristolainen on k\u00e4rsinyt turhauttavan paljon loukkaantumisista viime aikoina. H\u00e4n oli koko alkukauden sivussa. Suomalaispakin ojentajaj\u00e4nne leikattiin kahteen kertaan.<\/p>\n<p class=\"article-body mb-nof-24 px-nof-16\">Ristolainen palasi Flyersin kokoonpanoon joulukuun puoliv\u00e4liss\u00e4. H\u00e4n on sen j\u00e4lkeen saanut paljon vastuuta.<\/p>\n<p class=\"article-body mb-nof-24 px-nof-16\">Ristolaisen on tarkoitus edustaa Leijonia Milanon olympialaisissa.<\/p>\n<p class=\"article-body mb-nof-24 px-nof-16\">Flyers h\u00e4visi kovavireiselle Buffalo Sabresille 2\u20135. Se oli joukkueelle jo nelj\u00e4s tappio putkeen.<\/p>\n<p class=\"article-body mb-nof-24 px-nof-16\">Sabres sen sijaan on voittanut 16 viime ottelustaan per\u00e4ti 14.<\/p>\n<p>NHL-tulokset<\/p>\n<ul class=\"mb-nof-16 px-nof-16 article-unordered-list unordered-list\">\n<li class=\"unordered-list-item\">\n<p class=\"article-body\">New Jersey-Seattle 3\u20132 ja.<\/p>\n<\/li>\n<li class=\"unordered-list-item\">\n<p class=\"article-body\">Buffalo-Philadelphia 5\u20132<\/p>\n<\/li>\n<li class=\"unordered-list-item\">\n<p class=\"article-body\">NY Rangers-Ottawa 4\u20138<\/p>\n<\/li>\n<li class=\"unordered-list-item\">\n<p class=\"article-body\">Los Angeles-Vegas my\u00f6h.<\/p>\n<\/li>\n<\/ul>\n","protected":false},"excerpt":{"rendered":"Ei kai taas. Philadelphia Rasmus Ristolainen vedettiin sivuun Philadelphia Flyersin kokoonpanosta ennen ottelua Buffalo Sabresia vastaan. Flyersin tiedotteen&hellip;\n","protected":false},"author":2,"featured_media":142665,"comment_status":"","ping_status":"","sticky":false,"template":"","format":"standard","meta":{"footnotes":""},"categories":[136],"tags":[407,137,33,31,30,34,408,32,109],"class_list":{"0":"post-142664","1":"post","2":"type-post","3":"status-publish","4":"format-standard","5":"has-post-thumbnail","7":"category-julkkikset","8":"tag-celebrities","9":"tag-entertainment","10":"tag-fi","11":"tag-finland","12":"tag-finnish","13":"tag-ilta-sanomat","14":"tag-julkkikset","15":"tag-suomi","16":"tag-viihde"},"share_on_mastodon":{"url":"https:\/\/pubeurope.com\/@fi\/115897258668969740","error":""},"_links":{"self":[{"href":"https:\/\/www.europesays.com\/fi\/wp-json\/wp\/v2\/posts\/142664","targetHints":{"allow":["GET"]}}],"collection":[{"href":"https:\/\/www.europesays.com\/fi\/wp-json\/wp\/v2\/posts"}],"about":[{"href":"https:\/\/www.europesays.com\/fi\/wp-json\/wp\/v2\/types\/post"}],"author":[{"embeddable":true,"href":"https:\/\/www.europesays.com\/fi\/wp-json\/wp\/v2\/users\/2"}],"replies":[{"embeddable":true,"href":"https:\/\/www.europesays.com\/fi\/wp-json\/wp\/v2\/comments?post=142664"}],"version-history":[{"count":0,"href":"https:\/\/www.europesays.com\/fi\/wp-json\/wp\/v2\/posts\/142664\/revisions"}],"wp:featuredmedia":[{"embeddable":true,"href":"https:\/\/www.europesays.com\/fi\/wp-json\/wp\/v2\/media\/142665"}],"wp:attachment":[{"href":"https:\/\/www.europesays.com\/fi\/wp-json\/wp\/v2\/media?parent=142664"}],"wp:term":[{"taxonomy":"category","embeddable":true,"href":"https:\/\/www.europesays.com\/fi\/wp-json\/wp\/v2\/categories?post=142664"},{"taxonomy":"post_tag","embeddable":true,"href":"https:\/\/www.europesays.com\/fi\/wp-json\/wp\/v2\/tags?post=142664"}],"curies":[{"name":"wp","href":"https:\/\/api.w.org\/{rel}","templated":true}]}}