{"id":142666,"date":"2026-01-15T04:42:08","date_gmt":"2026-01-15T04:42:08","guid":{"rendered":"https:\/\/www.europesays.com\/fi\/142666\/"},"modified":"2026-01-15T04:42:08","modified_gmt":"2026-01-15T04:42:08","slug":"liigassa-ihastuttanut-tahti-miljoonadiili-nhlssa","status":"publish","type":"post","link":"https:\/\/www.europesays.com\/fi\/142666\/","title":{"rendered":"Liigassa ihastuttanut t\u00e4hti: miljoonadiili NHL:ss\u00e4"},"content":{"rendered":"<p>Montreal Canadiens on solminut rahakkaan jatkosopimuksen Liigasta tutun t\u00e4htihy\u00f6kk\u00e4\u00e4j\u00e4n kanssa..<\/p>\n<p>Kanadalaisseura tiedotti keskiviikkona allekirjoittaneensa kaksivuotisen sopimuksen ranskalaishy\u00f6kk\u00e4\u00e4j\u00e4 <strong>Alexandre Texierin<\/strong>, 26, kanssa. KalPassa kahden kauden ajan Liigassa pelannut Texier tienaa uudesta sopimuksestaan 2,5 miljoonaa dollaria kaudessa. Sopimuksen kokonaisarvo on viisi miljoonaa dollaria.<\/p>\n<p>Texier siirtyi Canadiensin nuttuun marraskuun lopulla St. Louis Bluesista. Isoon rooliin uudessa seurassaan noussut hy\u00f6kk\u00e4\u00e4j\u00e4 on takonut Canadiensin paidassa pelaamissaan 25 ottelussa 16 (7+9) tehopistett\u00e4.<\/p>\n<p>Texierin nykyinen sopimus takaa hy\u00f6kk\u00e4\u00e4j\u00e4lle miljoonan dollarin vuositienestit.<\/p>\n<p>                        <img decoding=\"async\" class=\"tweet-author-image\" src=\"https:\/\/www.europesays.com\/fi\/wp-content\/uploads\/2025\/10\/0kxz2-UP_normal.jpg\" loading=\"lazy\"\/><\/p>\n<p>                    <a href=\"https:\/\/twitter.com\/CanadiensMTL\/status\/2011479448122433834\" target=\"_blank\" rel=\"nofollow noopener\"><\/a><\/p>\n<p>\t\t\t\t\t\tLUE MY\u00d6S:\t\t\t\t<\/p>\n<p>\u00a0<\/p>\n<p>\t\t\t\t\t<script async src=\"https:\/\/platform.twitter.com\/widgets.js\" charset=\"utf-8\"><\/script><\/p>\n","protected":false},"excerpt":{"rendered":"Montreal Canadiens on solminut rahakkaan jatkosopimuksen Liigasta tutun t\u00e4htihy\u00f6kk\u00e4\u00e4j\u00e4n kanssa.. Kanadalaisseura tiedotti keskiviikkona allekirjoittaneensa kaksivuotisen sopimuksen ranskalaishy\u00f6kk\u00e4\u00e4j\u00e4 Alexandre&hellip;\n","protected":false},"author":2,"featured_media":142667,"comment_status":"","ping_status":"","sticky":false,"template":"","format":"standard","meta":{"footnotes":""},"categories":[158],"tags":[33,31,30,159,32,160],"class_list":{"0":"post-142666","1":"post","2":"type-post","3":"status-publish","4":"format-standard","5":"has-post-thumbnail","7":"category-urheilu","8":"tag-fi","9":"tag-finland","10":"tag-finnish","11":"tag-sports","12":"tag-suomi","13":"tag-urheilu"},"share_on_mastodon":{"url":"https:\/\/pubeurope.com\/@fi\/115897286365028321","error":""},"_links":{"self":[{"href":"https:\/\/www.europesays.com\/fi\/wp-json\/wp\/v2\/posts\/142666","targetHints":{"allow":["GET"]}}],"collection":[{"href":"https:\/\/www.europesays.com\/fi\/wp-json\/wp\/v2\/posts"}],"about":[{"href":"https:\/\/www.europesays.com\/fi\/wp-json\/wp\/v2\/types\/post"}],"author":[{"embeddable":true,"href":"https:\/\/www.europesays.com\/fi\/wp-json\/wp\/v2\/users\/2"}],"replies":[{"embeddable":true,"href":"https:\/\/www.europesays.com\/fi\/wp-json\/wp\/v2\/comments?post=142666"}],"version-history":[{"count":0,"href":"https:\/\/www.europesays.com\/fi\/wp-json\/wp\/v2\/posts\/142666\/revisions"}],"wp:featuredmedia":[{"embeddable":true,"href":"https:\/\/www.europesays.com\/fi\/wp-json\/wp\/v2\/media\/142667"}],"wp:attachment":[{"href":"https:\/\/www.europesays.com\/fi\/wp-json\/wp\/v2\/media?parent=142666"}],"wp:term":[{"taxonomy":"category","embeddable":true,"href":"https:\/\/www.europesays.com\/fi\/wp-json\/wp\/v2\/categories?post=142666"},{"taxonomy":"post_tag","embeddable":true,"href":"https:\/\/www.europesays.com\/fi\/wp-json\/wp\/v2\/tags?post=142666"}],"curies":[{"name":"wp","href":"https:\/\/api.w.org\/{rel}","templated":true}]}}