{"id":142670,"date":"2026-01-15T04:46:19","date_gmt":"2026-01-15T04:46:19","guid":{"rendered":"https:\/\/www.europesays.com\/fi\/142670\/"},"modified":"2026-01-15T04:46:19","modified_gmt":"2026-01-15T04:46:19","slug":"ilta-sanomat-osti-postiin-jaaneita-verkkokauppalahetyksia","status":"publish","type":"post","link":"https:\/\/www.europesays.com\/fi\/142670\/","title":{"rendered":"Ilta-Sanomat osti postiin j\u00e4\u00e4neit\u00e4 verkkokauppal\u00e4hetyksi\u00e4"},"content":{"rendered":"<p>Ilta-Sanomat osti kaksi mysteerilaatikkoa pop-up -kaupasta, jossa myyd\u00e4\u00e4n kadonneita paketteja.<\/p>\n<p>N\u00e4m\u00e4 kaksi asiaa paketeista l\u00f6ytyi.Video: Lassi Rinne<\/p>\n<p>14.1. 10:41<\/p>\n<p class=\"article-body mb-nof-24 px-nof-16\">Helsingin keskustasta voi 13.\u201318. tammikuuta ostaa verkkokauppal\u00e4hetyksi\u00e4, joiden sis\u00e4lt\u00f6 on t\u00e4ysin tuntematon.<\/p>\n<p class=\"article-body mb-nof-24 px-nof-16\">Laatikoita myyd\u00e4\u00e4n kilohintaan, ja kauppaa pit\u00e4v\u00e4n ranskalaisen King Colis -yhti\u00f6n mukaan niiden sis\u00e4ll\u00e4 voi olla kauneudenhoito\u00adtuotteita, sisustustavaraa, huipputeknologiaa, design-vaatteita, arvokkaita ker\u00e4ilyesineit\u00e4 tai jopa kultaa. Tai sitten sielt\u00e4 voi l\u00f6yty\u00e4 halpaa Temu-kr\u00e4\u00e4s\u00e4\u00e4.<\/p>\n<p class=\"article-body mb-nof-24 px-nof-16\">Ilta-Sanomat hankki noin 40 eurolla kaksi laatikkoa. Katso yll\u00e4 olevalta videoita, mit\u00e4 paketeista paljastui.<\/p>\n<p class=\"article-body mb-nof-24 px-nof-16\">Yhti\u00f6 myy eteenp\u00e4in isoilta logistiikkayhti\u00f6ilt\u00e4 ostamiaan verkkokauppal\u00e4hetyksi\u00e4, jotka ovat kadonneet jossain kohtaa toimitusketjua. Paketeista on poistettu tiedot sis\u00e4ll\u00f6st\u00e4, sek\u00e4 alkuper\u00e4isten ostajien nimet, osoitteet ja muut henkil\u00f6kohtaiset tiedot.<\/p>\n<p class=\"article-body mb-nof-24 px-nof-16\">Mysteeripaketit aiheuttivat Helsinkiin Kampin kauppakeskukseen kymmenien metrien jonon.<\/p>\n<p class=\"article-body mb-nof-24 px-nof-16\">Lue lis\u00e4\u00e4: <a class=\"underline underline-offset-[0.12em] [text-decoration-thickness:var(--generic-link-underline-thickness)] [text-decoration-color:var(--generic-link-underline-color)] [text-decoration-skip-ink:var(--generic-link-underline-skip-ink)] break-words\" href=\"https:\/\/www.is.fi\/taloussanomat\/art-2000011745713.html\" rel=\"nofollow noopener\" target=\"_blank\">Kauppakeskuksessa valtava jono \u2013 \u201dWin-win-tilanne\u201d<\/a><\/p>\n<p class=\"article-body mb-nof-24 px-nof-16\">Tavarat hinnoitellaan painon mukaan: Niin kutsutut tavalliset standard-paketit maksavat 2,49 euroa sadalta grammalta ja premium-paketit 2,99 euroa sadalta grammalta. Standard-pakettien sis\u00e4lt\u00f6 on todenn\u00e4k\u00f6isemmin kiinalaisista verkkokaupoista kuten Temusta, ja premium-paketin esimerkiksi Amazonista.<\/p>\n","protected":false},"excerpt":{"rendered":"Ilta-Sanomat osti kaksi mysteerilaatikkoa pop-up -kaupasta, jossa myyd\u00e4\u00e4n kadonneita paketteja. N\u00e4m\u00e4 kaksi asiaa paketeista l\u00f6ytyi.Video: Lassi Rinne 14.1.&hellip;\n","protected":false},"author":2,"featured_media":142671,"comment_status":"","ping_status":"","sticky":false,"template":"","format":"standard","meta":{"footnotes":""},"categories":[76],"tags":[79,77,33,31,30,34,32,78],"class_list":{"0":"post-142670","1":"post","2":"type-post","3":"status-publish","4":"format-standard","5":"has-post-thumbnail","7":"category-talous","8":"tag-business","9":"tag-economy","10":"tag-fi","11":"tag-finland","12":"tag-finnish","13":"tag-ilta-sanomat","14":"tag-suomi","15":"tag-talous"},"share_on_mastodon":{"url":"https:\/\/pubeurope.com\/@fi\/115897302039059214","error":""},"_links":{"self":[{"href":"https:\/\/www.europesays.com\/fi\/wp-json\/wp\/v2\/posts\/142670","targetHints":{"allow":["GET"]}}],"collection":[{"href":"https:\/\/www.europesays.com\/fi\/wp-json\/wp\/v2\/posts"}],"about":[{"href":"https:\/\/www.europesays.com\/fi\/wp-json\/wp\/v2\/types\/post"}],"author":[{"embeddable":true,"href":"https:\/\/www.europesays.com\/fi\/wp-json\/wp\/v2\/users\/2"}],"replies":[{"embeddable":true,"href":"https:\/\/www.europesays.com\/fi\/wp-json\/wp\/v2\/comments?post=142670"}],"version-history":[{"count":0,"href":"https:\/\/www.europesays.com\/fi\/wp-json\/wp\/v2\/posts\/142670\/revisions"}],"wp:featuredmedia":[{"embeddable":true,"href":"https:\/\/www.europesays.com\/fi\/wp-json\/wp\/v2\/media\/142671"}],"wp:attachment":[{"href":"https:\/\/www.europesays.com\/fi\/wp-json\/wp\/v2\/media?parent=142670"}],"wp:term":[{"taxonomy":"category","embeddable":true,"href":"https:\/\/www.europesays.com\/fi\/wp-json\/wp\/v2\/categories?post=142670"},{"taxonomy":"post_tag","embeddable":true,"href":"https:\/\/www.europesays.com\/fi\/wp-json\/wp\/v2\/tags?post=142670"}],"curies":[{"name":"wp","href":"https:\/\/api.w.org\/{rel}","templated":true}]}}