{"id":142672,"date":"2026-01-15T04:47:08","date_gmt":"2026-01-15T04:47:08","guid":{"rendered":"https:\/\/www.europesays.com\/fi\/142672\/"},"modified":"2026-01-15T04:47:08","modified_gmt":"2026-01-15T04:47:08","slug":"nain-yhdysvaltojen-gronlannin-ja-tanskan-tapaaminen-meni","status":"publish","type":"post","link":"https:\/\/www.europesays.com\/fi\/142672\/","title":{"rendered":"N\u00e4in Yhdysvaltojen, Gr\u00f6nlannin ja Tanskan tapaaminen meni"},"content":{"rendered":"<p>T\u00e4m\u00e4 tiedet\u00e4\u00e4n nyt|Maiden ulkoministerit tapasivat keskiviikkona Washingtonissa. N\u00e4kemyseroista ei viel\u00e4 p\u00e4\u00e4sty yhteisymm\u00e4rrykseen.<\/p>\n<p class=\"article-body mb-nof-24 px-nof-16\">Tanskan ja Gr\u00f6nlannin ulkoministerit tapasivat keskiviikkona Yhdysvaltain varapresidentin <a class=\"font-bold underline-offset-[0.12em] [text-decoration:var(--person-link-text-decoration)] ![text-decoration-color:var(--person-link-text-decoration-color)]\" href=\"https:\/\/www.hs.fi\/haku\/?query=J.%E2%80%AFD.%20Vancen\" rel=\"nofollow noopener\" target=\"_blank\">J.\u202fD. Vancen<\/a> ja ulkoministeri <a class=\"font-bold underline-offset-[0.12em] [text-decoration:var(--person-link-text-decoration)] ![text-decoration-color:var(--person-link-text-decoration-color)]\" href=\"https:\/\/www.hs.fi\/haku\/?query=Marco%20Rubion\" rel=\"nofollow noopener\" target=\"_blank\">Marco Rubion<\/a> Washingtonissa.<\/p>\n<p class=\"article-body mb-nof-24 px-nof-16\">Tapaaminen j\u00e4rjestettiin, koska presidentti<a class=\"font-bold underline-offset-[0.12em] [text-decoration:var(--person-link-text-decoration)] ![text-decoration-color:var(--person-link-text-decoration-color)]\" href=\"https:\/\/www.hs.fi\/haku\/?query=%20Donald%20Trump\" rel=\"nofollow noopener\" target=\"_blank\"> Donald Trump <\/a>on kiihtyv\u00e4\u00e4n tahtiin esitt\u00e4nyt vaatimuksia siit\u00e4, ett\u00e4 Tanskalle kuuluva itsehallinnollinen Gr\u00f6nlannin saari tulisi liitt\u00e4\u00e4 osaksi Yhdysvaltoja.<\/p>\n<p class=\"article-body mb-nof-24 px-nof-16\">Gr\u00f6nlanti ja Tanska ovat toistuvasti torjuneet Trumpin esitykset.<\/p>\n<p>Kokouksen anti<\/p>\n<p class=\"article-body mb-nof-24 px-nof-16\">Kokous kesti joitain ennakkoarvioita pidemp\u00e4\u00e4n, noin tunnin ajan. Tanskan delegaatio piti tapaamista onnistuneena ja tunnelman kerrottiin tuoreeltaan olleen helpottunut.<\/p>\n<p class=\"article-body mb-nof-24 px-nof-16\">Silti Tanskan ulkoministeri <a class=\"font-bold underline-offset-[0.12em] [text-decoration:var(--person-link-text-decoration)] ![text-decoration-color:var(--person-link-text-decoration-color)]\" href=\"https:\/\/www.hs.fi\/haku\/?query=Lars%20L%C3%B8kke%20Rasmussen\" rel=\"nofollow noopener\" target=\"_blank\">Lars L\u00f8kke Rasmussen<\/a> totesi, ett\u00e4 Tanskalla ja Yhdysvalloilla on edelleen \u201dperustavanlaatuisia\u201d n\u00e4kemyseroja Gr\u00f6nlannin suhteen. Tapaamisessa ei onnistuttu muuttamaan yhdysvaltalaisten kantaa.<\/p>\n<p class=\"article-body mb-nof-24 px-nof-16\">Se mist\u00e4 p\u00e4\u00e4stiin yhteisymm\u00e4rrykseen oli uuden korkeatasoisen ty\u00f6ryhm\u00e4n perustaminen. Ryhm\u00e4 tulee jatkamaan neuvotteluita ja kokoontumaan muutaman viikon sis\u00e4ll\u00e4.<\/p>\n<p class=\"article-body mb-nof-24 px-nof-16\">Gr\u00f6nlannin ulkoministeri <a class=\"font-bold underline-offset-[0.12em] [text-decoration:var(--person-link-text-decoration)] ![text-decoration-color:var(--person-link-text-decoration-color)]\" href=\"https:\/\/www.hs.fi\/haku\/?query=Vivian%20Motzfeldt\" rel=\"nofollow noopener\" target=\"_blank\">Vivian Motzfeldt <\/a>kommentoi tapaamisen j\u00e4lkeen, ett\u00e4 Gr\u00f6nlanti haluaa lis\u00e4t\u00e4 yhteisty\u00f6t\u00e4 Yhdysvaltojen kanssa, mutta ei halua olla Yhdysvaltojen omistama.<\/p>\n<p>Yhdysvaltojen reaktiot<\/p>\n<p class=\"article-body mb-nof-24 px-nof-16\">Ennen kokousta Trump vaati, ett\u00e4 Nato johtaisi prosessia, jonka lopputulos olisi Gr\u00f6nlannin siirtyminen Yhdysvalloille.<\/p>\n<p class=\"article-body mb-nof-24 px-nof-16\">Tapaamisen j\u00e4lkeen presidentti viestitti, ett\u00e4 \u201djotain keksit\u00e4\u00e4n\u201d Gr\u00f6nlannin suhteen. H\u00e4nen mukaansa Tanskan ja Yhdysvaltojen v\u00e4lit ovat hyv\u00e4t, mutta Yhdysvallat ei voi luottaa siihen, ett\u00e4 Tanska pystyisi puolustamaan saarta Ven\u00e4j\u00e4n tai Kiinan miehitykselt\u00e4.<\/p>\n<p class=\"article-body mb-nof-24 px-nof-16\">My\u00f6hemmin Yhdysvaltain joulun alla nimitetty Gr\u00f6nlanti-erityisl\u00e4hettil\u00e4s <a class=\"font-bold underline-offset-[0.12em] [text-decoration:var(--person-link-text-decoration)] ![text-decoration-color:var(--person-link-text-decoration-color)]\" href=\"https:\/\/www.hs.fi\/haku\/?query=Jeff%20Landry\" rel=\"nofollow noopener\" target=\"_blank\">Jeff Landry<\/a> tuki Trumpin n\u00e4kemyksi\u00e4 p\u00e4ivityksess\u00e4\u00e4n X:ss\u00e4. H\u00e4nen mukaansa Yhdysvaltojen t\u00e4ytyy tehd\u00e4 ratkaisevia toimia Arktisella alueella \u201dvihamielisten maiden\u201d aiheuttamisen uhkien vuoksi.<\/p>\n<p>Gr\u00f6nlannin sotilasharjoitus<\/p>\n<p class=\"article-body mb-nof-24 px-nof-16\">Ruotsi, Norja, Saksa ja Ranska ilmoittivat keskiviikkona l\u00e4hett\u00e4v\u00e4ns\u00e4 Gr\u00f6nlantiin sotilaita. Sotilaat osallistunevat Gr\u00f6nlannissa torstaista lauantaihin kest\u00e4v\u00e4\u00e4n Operation Arctic Endurance -sotaharjoitukseen.<\/p>\n<p class=\"article-body mb-nof-24 px-nof-16\">Tanskan asevoimat aloitti keskiviikkona \u201dlaajennetun\u201d sotilaallisen l\u00e4sn\u00e4olon Gr\u00f6nlannissa ja sen ymp\u00e4rist\u00f6ss\u00e4. Tanskan puolustusministeri\u00f6 kertoi , ett\u00e4 kalustoa ja joukkoja Gr\u00f6nlantiin on pyydetty my\u00f6s Tanskan Nato-liittolaisilta.<\/p>\n<p class=\"article-body mb-nof-24 px-nof-16\">Suomea on <a class=\"underline underline-offset-[0.12em] [text-decoration-thickness:var(--generic-link-underline-thickness)] [text-decoration-color:var(--generic-link-underline-color)] [text-decoration-skip-ink:var(--generic-link-underline-skip-ink)] break-words\" href=\"https:\/\/yle.fi\/a\/74-20204328\" rel=\"nofollow noopener\" target=\"_blank\">Ylen mukaan<\/a> pyydetty harjoitukseen, mutta osallistumista ei ole toistaiseksi vahvistettu.<\/p>\n<p class=\"article-body mb-nof-24 px-nof-16\">Sotaharjoituksessa on tarkoitus kouluttaa joukkoja toimimaan arktisissa olosuhteissa. Operaatiossa harjoitellaan maalla, merell\u00e4 ja ilmassa.<\/p>\n<p class=\"article-body mb-nof-24 px-nof-16\">HS seurasi tapaamista keskiviikkoillan ja y\u00f6n aikana hetki hetkelt\u00e4. Seuranta on luettavissa <a class=\"underline underline-offset-[0.12em] [text-decoration-thickness:var(--generic-link-underline-thickness)] [text-decoration-color:var(--generic-link-underline-color)] [text-decoration-skip-ink:var(--generic-link-underline-skip-ink)] break-words\" href=\"https:\/\/www.hs.fi\/maailma\/art-2000011749012.html\" rel=\"nofollow noopener\" target=\"_blank\">t\u00e4\u00e4lt\u00e4<\/a>.<\/p>\n","protected":false},"excerpt":{"rendered":"T\u00e4m\u00e4 tiedet\u00e4\u00e4n nyt|Maiden ulkoministerit tapasivat keskiviikkona Washingtonissa. N\u00e4kemyseroista ei viel\u00e4 p\u00e4\u00e4sty yhteisymm\u00e4rrykseen. Tanskan ja Gr\u00f6nlannin ulkoministerit tapasivat keskiviikkona&hellip;\n","protected":false},"author":2,"featured_media":142673,"comment_status":"","ping_status":"","sticky":false,"template":"","format":"standard","meta":{"footnotes":""},"categories":[14],"tags":[22,23,26,27,33,31,30,17,46,24,25,28,29,15,18,21,32,19,20,56,16,59,60,61],"class_list":{"0":"post-142672","1":"post","2":"type-post","3":"status-publish","4":"format-standard","5":"has-post-thumbnail","7":"category-ulkomaat","8":"tag-breaking-news","9":"tag-breakingnews","10":"tag-featured-news","11":"tag-featurednews","12":"tag-fi","13":"tag-finland","14":"tag-finnish","15":"tag-headlines","16":"tag-helsingin-sanomat","17":"tag-latest-news","18":"tag-latestnews","19":"tag-main-news","20":"tag-mainnews","21":"tag-news","22":"tag-otsikot","23":"tag-paauutiset","24":"tag-suomi","25":"tag-top-stories","26":"tag-topstories","27":"tag-ulkomaat","28":"tag-uutiset","29":"tag-world","30":"tag-world-news","31":"tag-worldnews"},"share_on_mastodon":{"url":"https:\/\/pubeurope.com\/@fi\/115897306189648559","error":""},"_links":{"self":[{"href":"https:\/\/www.europesays.com\/fi\/wp-json\/wp\/v2\/posts\/142672","targetHints":{"allow":["GET"]}}],"collection":[{"href":"https:\/\/www.europesays.com\/fi\/wp-json\/wp\/v2\/posts"}],"about":[{"href":"https:\/\/www.europesays.com\/fi\/wp-json\/wp\/v2\/types\/post"}],"author":[{"embeddable":true,"href":"https:\/\/www.europesays.com\/fi\/wp-json\/wp\/v2\/users\/2"}],"replies":[{"embeddable":true,"href":"https:\/\/www.europesays.com\/fi\/wp-json\/wp\/v2\/comments?post=142672"}],"version-history":[{"count":0,"href":"https:\/\/www.europesays.com\/fi\/wp-json\/wp\/v2\/posts\/142672\/revisions"}],"wp:featuredmedia":[{"embeddable":true,"href":"https:\/\/www.europesays.com\/fi\/wp-json\/wp\/v2\/media\/142673"}],"wp:attachment":[{"href":"https:\/\/www.europesays.com\/fi\/wp-json\/wp\/v2\/media?parent=142672"}],"wp:term":[{"taxonomy":"category","embeddable":true,"href":"https:\/\/www.europesays.com\/fi\/wp-json\/wp\/v2\/categories?post=142672"},{"taxonomy":"post_tag","embeddable":true,"href":"https:\/\/www.europesays.com\/fi\/wp-json\/wp\/v2\/tags?post=142672"}],"curies":[{"name":"wp","href":"https:\/\/api.w.org\/{rel}","templated":true}]}}